{"id":40845,"date":"2026-04-29T16:22:52","date_gmt":"2026-04-29T23:22:52","guid":{"rendered":"https:\/\/www.regioncuatronoticias.com\/?p=40845"},"modified":"2026-04-29T16:23:00","modified_gmt":"2026-04-29T23:23:00","slug":"encuadre-en-cortitos","status":"publish","type":"post","link":"https:\/\/www.regioncuatronoticias.com\/index.php\/2026\/04\/29\/encuadre-en-cortitos\/","title":{"rendered":"Encuadre en cortitos&#8230;"},"content":{"rendered":"\n<p><strong>Columna Encuadre<\/strong><\/p>\n\n\n\n<p><strong>Jos\u00e9 F. Medina<\/strong><\/p>\n\n\n\n<p><strong>Encuadre en cortitos&#8230;<\/strong><\/p>\n\n\n\n<p><strong>Mi\u00e9rcoles 29 de abril de 2026<\/strong><\/p>\n\n\n\n<p>1). Lenia Batres, \u201cLa Ministra del Pueblo\u201d como le fascina que le llamen, vot\u00f3 ayer en contra de una resoluci\u00f3n de sus colegas en la Suprema Corte de Justicia que obliga al IMSS a dotar de diversos dispositivos m\u00e9dicos a ni\u00f1as, ni\u00f1os y adolescentes con discapacidad, bajo el argumento que el Seguro Social no tiene dinero. \u00bfNo que muy a favor del pueblo, pues? Como ella ya tir\u00f3 el piojo\u2026<\/p>\n\n\n\n<p>2). El Sindicato de Acad\u00e9micos de la Universidad de Sonora se declara este mi\u00e9rcoles en asamblea general extraordinaria permanente, previo al estallamiento de huelga programado para ma\u00f1ana jueves 30, por la tarde. Pese a la mesa de negociaci\u00f3n instalada meses atr\u00e1s, es hora que no hay ofrecimientos satisfactorios a sus demandas.<\/p>\n\n\n\n<p>3). Y a prop\u00f3sito: dice el dirigente del STAUS, Cuauht\u00e9moc Nieblas, que la autoridad universitaria tuvo que reconocer que el comunicado emitido este lunes donde aseguraban que ya hab\u00eda un 87 por ciento de avance en demandas cumplidas a sus profesores, no era tal. Que el documento circulado en redes sociales quiso decir \u201catenci\u00f3n y no \u201cavances\u201d. Mmmm. Con todo respeto, insisto, pero la rectora Dena Camarena y equipo no pueden cometer equivocaciones como estas, porque le abona m\u00e1s a la confrontaci\u00f3n. \u00bfO ser\u00eda esa la finalidad?<\/p>\n\n\n\n<p>4). En el Encuadre de ayer le comentaba que, si el diablo no met\u00eda la cola, este martes se deb\u00eda presentar la gobernadora de Chihuahua, Maru Campos, en el Senado de la Rep\u00fablica, para intentar explicar la presencia de dos agentes de la CIA en ese Estado, sin autorizaci\u00f3n oficial. Pues d\u00e9jeme decirles que el diablo s\u00ed meti\u00f3 la cola: en una carta dirigida a la mesa directiva de la C\u00e1mara Alta, disculp\u00f3 su ausencia, argumentando que hay una investigaci\u00f3n en curso y que no quiere entorpecerla. Luego, en un mensaje al colega Ciro G\u00f3mez Leyva, en Radio F\u00f3rmula, mas brava, dijo que no asistir\u00eda porque ella no le rinde cuentas al Senado sino al pueblo. \u00d3rale. \u00a1Qu\u00e9 culebr\u00f3n!<\/p>\n\n\n\n<p>5). El nunca bien ponderado presidente del Instituto Estatal Electoral y de Participaci\u00f3n Ciudadana en Sonora, Nery Ruiz, dice que ya avanzan en la construcci\u00f3n de disposiciones que delimiten los llamados actos anticipados de precampa\u00f1a. Jajajajajajaja. \u00bfQu\u00e9 no se habr\u00e1 dado cuenta don Nery, que los pre pre pre pre candidatos a todos los puestos de elecci\u00f3n popular y de todos los partidos, se han estado pitorreado de \u00e9l y del instituto electoral, desde hace buen rato? El hecho de que no haya denuncias sobre los mentados actos anticipados de campa\u00f1a disfrazados de foros, eventos de gobierno, inauguraciones de obras, convocatorias ama\u00f1adas y otras manchicuepas legaloides, eso no quiere decir que el \u00e1rbitro electoral deba de permitirlos. Tan siquiera sacar una tarjeta amarilla, pa\u00b4 maliciarla. Luego no quieren que la gente sospeche.<\/p>\n\n\n\n<p>6). No es por intrigar, pero ojal\u00e1 que las nuevas diputadas y diputados que tomaron protesta ayer en el congreso del estado (en bajas y sin la H, de honorable) por motivo del D\u00eda del Ni\u00f1o, se quedaran ya de manera permanente en la curul. Con sus honrosas excepciones, para lo que sirven las otras y los otros. Har\u00edan mejor papel las ni\u00f1as y ni\u00f1os; al menos ser\u00edan m\u00e1s sensatos.<\/p>\n\n\n\n<p>7). Con la novedad que Rub\u00e9n Rocha Moya, el gobernador de nuestros vecinos sinaloenses, presuntamente ya no va a poder cruzar de \u201cshopping\u201d hacia los yunait esteit. Su visa le fue retirada por nuestros primos g\u00fceros. Uno m\u00e1s que muerde el polvo. Y ahora \u00bfqui\u00e9n podr\u00e1 defenderlo?<\/p>\n\n\n\n<p>8). Se cumpli\u00f3 el fuerte rumor circulado d\u00edas atr\u00e1s sobre la salida de Ariadna Montiel de la Secretar\u00eda del Bienestar. Ayer dej\u00f3 el cargo, quedando en su lugar Leticia Ram\u00edrez, quien en el sexenio de L\u00f3pez Obrador se desempe\u00f1\u00f3 como Secretaria de Educaci\u00f3n. Nos reportan al superdelegado del Bienestar en Sonora, Octavio Almada, en reuni\u00f3n con la presidenta Sheinbaum y con la nueva titular del Bienestar. Por cierto, Ariadna Montiel no tarda en acomodarse en la silla que dej\u00f3 Luisa Mar\u00eda Alcalde en la dirigencia nacional de Morena, y con ello, de golpe y porrazo, las posibilidades electorales del Tavo Almada se incrementan.<\/p>\n\n\n\n<p>9). De acuerdo con una nota firmada por el colega Alberto Duarte, en el portal noticioso proceso.com.mx, el Departamento de Agricultura de Estados Unidos (USDA, por sus siglas en ingl\u00e9s), ya le corrigi\u00f3 la plana al dirigente de la Uni\u00f3n Ganadera Regional de Sonora, Juan Ochoa Valenzuela, al puntualizar que el cierre de la frontera a la importaci\u00f3n de ganado mexicano, especialmente sonorense, no se debe de ninguna manera a motivaciones pol\u00edticas. Se trata de un asunto estrictamente sanitario, esgrimen las autoridades del vecino pa\u00eds del norte, ante la proliferaci\u00f3n de la plaga del gusano barrenador en M\u00e9xico, que no han podido contener. Mientras sean peras o manzanas, el sector ganadero de por estos rumbos se sigue derrumbando a un a\u00f1o y cinco meses de la prohibici\u00f3n exportadora, su vocaci\u00f3n natural de mercado.<\/p>\n\n\n\n<p>10). Ya entrada la noche y casi para cerrar esta columna, me encuentro con una tarjeta informativa enviada por la Direcci\u00f3n de Comunicaci\u00f3n de la Universidad de Sonora donde dan a conocer una nueva propuesta en materia de pago de ISR con apoyo del gobierno del Estado, y una serie de incrementos econ\u00f3micos en varias prestaciones para su cuerpo acad\u00e9mico. En el tema salarial, contin\u00faan con la propuesta de aumento del 4 por ciento. Seguramente estas nuevas propuestas ser\u00e1n valoradas en asamblea sindical, aunque parecer\u00eda que siguen quedando cortas a las expectativas de los maestros. Ya veremos.<\/p>\n\n\n\n<p>11). Los integrantes de la mesa de periodistas Libre Expresi\u00f3n sostendr\u00e1n hoy un t\u00e9te-a-t\u00e9te con Flor Ayala Robles Linares, tesorera en el ayuntamiento de Hermosillo y mencionada aspirante a la alcald\u00eda de Hermosillo. Conociendo lo grillo y la capacidad de hacer hablar hasta a un mudo de colegas como Cynthia Garc\u00eda, Michelle Rivera, Juan Carlos Z\u00fa\u00f1iga, David Parra, Sergio Valle, Fernando Oropeza, Samuel Valenzuela, Gerardo Ponce, Ricardo Espinoza, y por supuesto, ac\u00e1 su indio yaqui, el encuentro promete. Luego les cuento.<\/p>\n\n\n\n<p>IN PROXIMUM<\/p>\n\n\n\n<p>CARPE DIEM<\/p>\n\n\n\n<p><strong>Me puedes seguir en FB: Jos\u00e9 Felipe Medina<\/strong><\/p>\n\n\n\n<p><strong>Tambi\u00e9n en X: @josefe31, @fm_informativo<\/strong><\/p>\n\n\n\n<p><strong>Correo electr\u00f3nico: josefe31@hotmail.com<\/strong><\/p>\n\n\n\n<p><strong>FMINFORMATIVO.COM<\/strong><\/p>\n","protected":false},"excerpt":{"rendered":"<p>Columna Encuadre Jos\u00e9 F. Medina Encuadre en cortitos&#8230; Mi\u00e9rcoles 29 de abril de 2026 1). Lenia Batres, \u201cLa Ministra del Pueblo\u201d como le fascina que le llamen, vot\u00f3 ayer en contra de una resoluci\u00f3n de sus colegas en la Suprema Corte de Justicia que obliga al IMSS a dotar de diversos dispositivos m\u00e9dicos a ni\u00f1as, [&hellip;]<\/p>\n","protected":false},"author":1,"featured_media":40846,"comment_status":"open","ping_status":"open","sticky":false,"template":"","format":"standard","meta":{"content-type":"","footnotes":""},"categories":[122],"tags":[],"class_list":{"0":"post-40845","1":"post","2":"type-post","3":"status-publish","4":"format-standard","5":"has-post-thumbnail","7":"category-jose-felipe-medina"},"_links":{"self":[{"href":"https:\/\/www.regioncuatronoticias.com\/index.php\/wp-json\/wp\/v2\/posts\/40845","targetHints":{"allow":["GET"]}}],"collection":[{"href":"https:\/\/www.regioncuatronoticias.com\/index.php\/wp-json\/wp\/v2\/posts"}],"about":[{"href":"https:\/\/www.regioncuatronoticias.com\/index.php\/wp-json\/wp\/v2\/types\/post"}],"author":[{"embeddable":true,"href":"https:\/\/www.regioncuatronoticias.com\/index.php\/wp-json\/wp\/v2\/users\/1"}],"replies":[{"embeddable":true,"href":"https:\/\/www.regioncuatronoticias.com\/index.php\/wp-json\/wp\/v2\/comments?post=40845"}],"version-history":[{"count":1,"href":"https:\/\/www.regioncuatronoticias.com\/index.php\/wp-json\/wp\/v2\/posts\/40845\/revisions"}],"predecessor-version":[{"id":40847,"href":"https:\/\/www.regioncuatronoticias.com\/index.php\/wp-json\/wp\/v2\/posts\/40845\/revisions\/40847"}],"wp:featuredmedia":[{"embeddable":true,"href":"https:\/\/www.regioncuatronoticias.com\/index.php\/wp-json\/wp\/v2\/media\/40846"}],"wp:attachment":[{"href":"https:\/\/www.regioncuatronoticias.com\/index.php\/wp-json\/wp\/v2\/media?parent=40845"}],"wp:term":[{"taxonomy":"category","embeddable":true,"href":"https:\/\/www.regioncuatronoticias.com\/index.php\/wp-json\/wp\/v2\/categories?post=40845"},{"taxonomy":"post_tag","embeddable":true,"href":"https:\/\/www.regioncuatronoticias.com\/index.php\/wp-json\/wp\/v2\/tags?post=40845"}],"curies":[{"name":"wp","href":"https:\/\/api.w.org\/{rel}","templated":true}]}}