{"id":40842,"date":"2026-04-29T15:02:51","date_gmt":"2026-04-29T22:02:51","guid":{"rendered":"https:\/\/www.regioncuatronoticias.com\/?p=40842"},"modified":"2026-04-29T15:02:55","modified_gmt":"2026-04-29T22:02:55","slug":"ataque-e-insidia-contra-morena-y-lopez-obrador-senador-enrique-inzunza-senalado-por-eeuu-rechaza-vinculos-con-el-narco","status":"publish","type":"post","link":"https:\/\/www.regioncuatronoticias.com\/index.php\/2026\/04\/29\/ataque-e-insidia-contra-morena-y-lopez-obrador-senador-enrique-inzunza-senalado-por-eeuu-rechaza-vinculos-con-el-narco\/","title":{"rendered":"\u201cAtaque e insidia contra MORENA y L\u00f3pez Obrador: Senador Enrique Inzunza, se\u00f1alado por EEUU, rechaza v\u00ednculos con el narco"},"content":{"rendered":"\n<p><strong>\u201cRechazo enf\u00e1tica y firmemente las imputaciones, por falsas y dolosas\u201d, se\u00f1al\u00f3 el legislador sinaloense acusado por EU junto con el gobernador Rub\u00e9n Rocha Moya.<\/strong><\/p>\n\n\n\n<p>Tomado de Proceso<\/p>\n\n\n\n<p>Juan Carlos Cort\u00e9s<\/p>\n\n\n\n<p>Mi\u00e9rcoles 29 de abril de 2026<\/p>\n\n\n\n<p>CIUDAD DE M\u00c9XICO (apro).- Luego de que Estados Unidos acus\u00f3 al gobernador de Sinaloa Rub\u00e9n Rocha Moya y al senador morenista Enrique Inzunza de tener v\u00ednculos con una organizaci\u00f3n del narcotr\u00e1fico, el legislador rechaz\u00f3 enf\u00e1tica y firmemente las imputaciones por falsas y dolosas.<\/p>\n\n\n\n<p>Pese a que acudi\u00f3 al Senado de la Rep\u00fablica y no ha dado declaraciones a medios de comunicaci\u00f3n, en sus redes sociales Enrique Inzunza escribi\u00f3 que el d\u00eda de ayer, desde la tribuna, defendi\u00f3 el principio de la soberan\u00eda nacional con motivo de la ilegal actuaci\u00f3n de agentes del gobierno norteamericano en el territorio nacional y hoy casualmente autoridades estadunidenses dan a conocer la existencia de una supuesta investigaci\u00f3n en su contra.<\/p>\n\n\n\n<p>\u201cEl d\u00eda de ayer, desde la tribuna del @senadomexicano, en nombre de nuestro grupo parlamentario @MorenaSenadores, defend\u00ed el principio de la soberan\u00eda nacional que preconiza el art\u00edculo 40 de la Constituci\u00f3n Pol\u00edtica de los Estados Unidos Mexicanos, con motivo de la ilegal actuaci\u00f3n de agentes del gobierno norteamericano en el territorio nacional, en tareas que nuestro m\u00e1ximo ordenamiento confiere de manera exclusiva a las autoridades mexicanas.<\/p>\n\n\n\n<p>\u201cHoy, causalmente. autoridades de ese pa\u00eds dan a conocer la existencia de una supuesta investigaci\u00f3n en contra nuestra. Rechazo enf\u00e1tica y firmemente las imputaciones, por falsas y dolosas.<\/p>\n\n\n\n<p>\u201cNac\u00ed y crec\u00ed en el municipio de Badiraguato, Sinaloa, de lo que me siento orgulloso. Hay quienes piensan que ese solo hecho permite suponer que quienes de ah\u00ed provenimos somos delincuentes. En nombre propio, de mi familia y de mi pueblo, rechazo esa infamia\u201d.<\/p>\n\n\n\n<p>&nbsp;El senador morenista resalt\u00f3 que este \u2018ataque\u2019 tiene intenciones muy claras y que no es solo en su contra sino contra la Cuarta Transformaci\u00f3n, y de los valores y principios que practican.<\/p>\n\n\n\n<p>\u201cEste ataque tiene intenciones muy claras. No es solo en contra nuestra, es en contra de la Cuarta Transformaci\u00f3n,&nbsp; y de los valores y principios que enarbolamos y en que los que no transigimos, porque como nos lo dej\u00f3 escrito el m\u00e1s alto pr\u00f3cer de la patria, don Benito Ju\u00e1rez Garc\u00eda: los principios lo son todo; los hombres no somos nada.<\/p>\n\n\n\n<p>\u201cSeamos claros: es tambi\u00e9n un ataque y una insidia dirigida al @PartidoMorenaMx y a nuestro m\u00e1ximo referente pol\u00edtico y mexicano de excepci\u00f3n: el Presidente Andr\u00e9s Manuel L\u00f3pez Obrador. No lo toleraremos\u201d, asever\u00f3.<\/p>\n\n\n\n<p><a href=\"https:\/\/www.proceso.com.mx\/nacional\/politica\/2026\/4\/29\/ataque-insidia-contra-morena-amlo-senador-enrique-inzunza-rechaza-vinculos-con-el-narco-373114.html\">https:\/\/www.proceso.com.mx\/nacional\/politica\/2026\/4\/29\/ataque-insidia-contra-morena-amlo-senador-enrique-inzunza-rechaza-vinculos-con-el-narco-373114.html<\/a><\/p>\n","protected":false},"excerpt":{"rendered":"<p>\u201cRechazo enf\u00e1tica y firmemente las imputaciones, por falsas y dolosas\u201d, se\u00f1al\u00f3 el legislador sinaloense acusado por EU junto con el gobernador Rub\u00e9n Rocha Moya. Tomado de Proceso Juan Carlos Cort\u00e9s Mi\u00e9rcoles 29 de abril de 2026 CIUDAD DE M\u00c9XICO (apro).- Luego de que Estados Unidos acus\u00f3 al gobernador de Sinaloa Rub\u00e9n Rocha Moya y al [&hellip;]<\/p>\n","protected":false},"author":1,"featured_media":40843,"comment_status":"open","ping_status":"open","sticky":false,"template":"","format":"standard","meta":{"content-type":"","footnotes":""},"categories":[7,3,115,105],"tags":[],"class_list":{"0":"post-40842","1":"post","2":"type-post","3":"status-publish","4":"format-standard","5":"has-post-thumbnail","7":"category-internacional","8":"category-mexico","9":"category-politica","10":"category-principal"},"_links":{"self":[{"href":"https:\/\/www.regioncuatronoticias.com\/index.php\/wp-json\/wp\/v2\/posts\/40842","targetHints":{"allow":["GET"]}}],"collection":[{"href":"https:\/\/www.regioncuatronoticias.com\/index.php\/wp-json\/wp\/v2\/posts"}],"about":[{"href":"https:\/\/www.regioncuatronoticias.com\/index.php\/wp-json\/wp\/v2\/types\/post"}],"author":[{"embeddable":true,"href":"https:\/\/www.regioncuatronoticias.com\/index.php\/wp-json\/wp\/v2\/users\/1"}],"replies":[{"embeddable":true,"href":"https:\/\/www.regioncuatronoticias.com\/index.php\/wp-json\/wp\/v2\/comments?post=40842"}],"version-history":[{"count":1,"href":"https:\/\/www.regioncuatronoticias.com\/index.php\/wp-json\/wp\/v2\/posts\/40842\/revisions"}],"predecessor-version":[{"id":40844,"href":"https:\/\/www.regioncuatronoticias.com\/index.php\/wp-json\/wp\/v2\/posts\/40842\/revisions\/40844"}],"wp:featuredmedia":[{"embeddable":true,"href":"https:\/\/www.regioncuatronoticias.com\/index.php\/wp-json\/wp\/v2\/media\/40843"}],"wp:attachment":[{"href":"https:\/\/www.regioncuatronoticias.com\/index.php\/wp-json\/wp\/v2\/media?parent=40842"}],"wp:term":[{"taxonomy":"category","embeddable":true,"href":"https:\/\/www.regioncuatronoticias.com\/index.php\/wp-json\/wp\/v2\/categories?post=40842"},{"taxonomy":"post_tag","embeddable":true,"href":"https:\/\/www.regioncuatronoticias.com\/index.php\/wp-json\/wp\/v2\/tags?post=40842"}],"curies":[{"name":"wp","href":"https:\/\/api.w.org\/{rel}","templated":true}]}}