{"id":40839,"date":"2026-04-29T14:55:48","date_gmt":"2026-04-29T21:55:48","guid":{"rendered":"https:\/\/www.regioncuatronoticias.com\/?p=40839"},"modified":"2026-04-29T14:55:51","modified_gmt":"2026-04-29T21:55:51","slug":"rocha-moya-podria-enfrentar-cadena-perpetua-por-presuntos-vinculos-con-cartel-de-sinaloa","status":"publish","type":"post","link":"https:\/\/www.regioncuatronoticias.com\/index.php\/2026\/04\/29\/rocha-moya-podria-enfrentar-cadena-perpetua-por-presuntos-vinculos-con-cartel-de-sinaloa\/","title":{"rendered":"Rocha Moya podr\u00eda enfrentar cadena perpetua por presuntos v\u00ednculos con C\u00e1rtel de Sinaloa"},"content":{"rendered":"\n<p><strong>El fiscal federal Jay Clayton y el administrador de la DEA, Terrance C. Cole, anunciaron hoy la apertura de una acusaci\u00f3n formal contra el gobernador y nueve funcionarios de su c\u00edrculo pol\u00edtico por cargos de conspiraci\u00f3n para importar narc\u00f3ticos y posesi\u00f3n de armas de alto poder.<\/strong><\/p>\n\n\n\n<p>Tomado de Proceso<\/p>\n\n\n\n<p>Redacci\u00f3n<\/p>\n\n\n\n<p>mi\u00e9rcoles, 29 de abril de 2026 \u00b7 14:32<\/p>\n\n\n\n<p>CIUDAD DE M\u00c9XICO (apro) .- El gobernador de Sinaloa, Rub\u00e9n Rocha Moya, podr\u00eda enfrentar cadena perpetua en Estados Unidos por delitos que le imputa el gobierno de ese pa\u00eds, a trav\u00e9s de su Departamento de Justicia.<\/p>\n\n\n\n<p>Este mi\u00e9rcoles, el fiscal federal Jay Clayton para el Distrito Sur de Nueva York, y el administrador de la Agencia Antidrogas de Estados Unidos (DEA, por sus siglas en ingl\u00e9s), Terrance C. Cole, anunciaron hoy la apertura de una acusaci\u00f3n formal contra el gobernador y nueve funcionarios de su c\u00edrculo pol\u00edtico.<\/p>\n\n\n\n<p>&#8220;Los acusados son todos funcionarios actuales o anteriores de alto rango del gobierno y de las fuerzas del orden del estado mexicano de Sinaloa, incluido el actual gobernador de Sinaloa, Rub\u00e9n Rocha Moya&#8221;, explic\u00f3 la Fiscal\u00eda y detall\u00f3 que se les acusa de cargos de conspiraci\u00f3n para importar narc\u00f3ticos a EU, conspiraci\u00f3n para la poseer de armas de alto poder y dispositivos destructivos, y posesi\u00f3n de armas de alto poder y dispositivos destructivos.<\/p>\n\n\n\n<p>De acuerdo con la Fiscal\u00eda, por esos cargos, el gobernador podr\u00eda ser condenado a cadena perpetua con una pena m\u00ednima obligatoria de 40 a\u00f1os de prisi\u00f3n, de ser declarado culpable.<\/p>\n\n\n\n<p>Los dem\u00e1s acusados enfrentar\u00edan la misma pena, excepto, Juan Valenzuela Mill\u00e1n, alias \u201cJuanito\u201d, excomandante de la Polic\u00eda Municipal de Culiac\u00e1n, quien podr\u00eda ser sentenciado obligatoriamente a cadena perpetua.<\/p>\n\n\n\n<p><strong>Estos son los otros nueve funcionarios acusados por la Fiscal\u00eda:<\/strong><\/p>\n\n\n\n<p>Enrique Inzunza Cazarez, senador de Morena.<\/p>\n\n\n\n<p>Enrique D\u00edaz Vega, exsecretario de Administraci\u00f3n y Finanzas de Sinaloa.<\/p>\n\n\n\n<p>Damaso Castro Zaavedra, fiscal general adjunto.<\/p>\n\n\n\n<p>Marco Antonio Almanza Avil\u00e9s, exjefe de la Polic\u00eda de Investigaci\u00f3n.<\/p>\n\n\n\n<p>Alberto Jorge Contreras Nunez, alias \u201cCholo\u201d, exmando policial.<\/p>\n\n\n\n<p>Gerardo M\u00e9rida S\u00e1nchez, exsecretario de Seguridad.<\/p>\n\n\n\n<p>Jos\u00e9 Antonio Dionisio Hipolito, alias \u201cTornado\u201d, exsubdirector policial<\/p>\n\n\n\n<p>Juan de Dios Gamez Mendivil, presidente municipal sustituto de Culiac\u00e1n.<\/p>\n\n\n\n<p>Juan Valenzuela Mill\u00e1n, alias \u201cJuanito\u201d, exmando de la Polic\u00eda Municipal de Culiac\u00e1n.<\/p>\n\n\n\n<p><a href=\"https:\/\/www.proceso.com.mx\/nacional\/2026\/4\/29\/rocha-moya-podria-enfrentar-cadena-perpetua-por-presuntos-vinculos-con-cartel-de-sinaloa-373108.html\">https:\/\/www.proceso.com.mx\/nacional\/2026\/4\/29\/rocha-moya-podria-enfrentar-cadena-perpetua-por-presuntos-vinculos-con-cartel-de-sinaloa-373108.html<\/a><\/p>\n","protected":false},"excerpt":{"rendered":"<p>El fiscal federal Jay Clayton y el administrador de la DEA, Terrance C. Cole, anunciaron hoy la apertura de una acusaci\u00f3n formal contra el gobernador y nueve funcionarios de su c\u00edrculo pol\u00edtico por cargos de conspiraci\u00f3n para importar narc\u00f3ticos y posesi\u00f3n de armas de alto poder. Tomado de Proceso Redacci\u00f3n mi\u00e9rcoles, 29 de abril de [&hellip;]<\/p>\n","protected":false},"author":1,"featured_media":40840,"comment_status":"open","ping_status":"open","sticky":false,"template":"","format":"standard","meta":{"content-type":"","footnotes":""},"categories":[7,3,115,105],"tags":[],"class_list":{"0":"post-40839","1":"post","2":"type-post","3":"status-publish","4":"format-standard","5":"has-post-thumbnail","7":"category-internacional","8":"category-mexico","9":"category-politica","10":"category-principal"},"_links":{"self":[{"href":"https:\/\/www.regioncuatronoticias.com\/index.php\/wp-json\/wp\/v2\/posts\/40839","targetHints":{"allow":["GET"]}}],"collection":[{"href":"https:\/\/www.regioncuatronoticias.com\/index.php\/wp-json\/wp\/v2\/posts"}],"about":[{"href":"https:\/\/www.regioncuatronoticias.com\/index.php\/wp-json\/wp\/v2\/types\/post"}],"author":[{"embeddable":true,"href":"https:\/\/www.regioncuatronoticias.com\/index.php\/wp-json\/wp\/v2\/users\/1"}],"replies":[{"embeddable":true,"href":"https:\/\/www.regioncuatronoticias.com\/index.php\/wp-json\/wp\/v2\/comments?post=40839"}],"version-history":[{"count":1,"href":"https:\/\/www.regioncuatronoticias.com\/index.php\/wp-json\/wp\/v2\/posts\/40839\/revisions"}],"predecessor-version":[{"id":40841,"href":"https:\/\/www.regioncuatronoticias.com\/index.php\/wp-json\/wp\/v2\/posts\/40839\/revisions\/40841"}],"wp:featuredmedia":[{"embeddable":true,"href":"https:\/\/www.regioncuatronoticias.com\/index.php\/wp-json\/wp\/v2\/media\/40840"}],"wp:attachment":[{"href":"https:\/\/www.regioncuatronoticias.com\/index.php\/wp-json\/wp\/v2\/media?parent=40839"}],"wp:term":[{"taxonomy":"category","embeddable":true,"href":"https:\/\/www.regioncuatronoticias.com\/index.php\/wp-json\/wp\/v2\/categories?post=40839"},{"taxonomy":"post_tag","embeddable":true,"href":"https:\/\/www.regioncuatronoticias.com\/index.php\/wp-json\/wp\/v2\/tags?post=40839"}],"curies":[{"name":"wp","href":"https:\/\/api.w.org\/{rel}","templated":true}]}}