{"id":40806,"date":"2026-04-28T20:37:53","date_gmt":"2026-04-29T03:37:53","guid":{"rendered":"https:\/\/www.regioncuatronoticias.com\/?p=40806"},"modified":"2026-04-28T20:37:56","modified_gmt":"2026-04-29T03:37:56","slug":"ariadna-montiel-deja-el-gabinete-y-va-a-morena-leticia-ramirez-nueva-titular-del-bienestar","status":"publish","type":"post","link":"https:\/\/www.regioncuatronoticias.com\/index.php\/2026\/04\/28\/ariadna-montiel-deja-el-gabinete-y-va-a-morena-leticia-ramirez-nueva-titular-del-bienestar\/","title":{"rendered":"Ariadna Montiel deja el gabinete y va a MoReNa; Leticia Ram\u00edrez, nueva titular del Bienestar"},"content":{"rendered":"\n<p><strong>Esta decisi\u00f3n se toma de cara a la realizaci\u00f3n de VIII Congreso Nacional Extraordinario de Morena<\/strong><\/p>\n\n\n\n<p>Tomado De L\u00f3pez-D\u00f3riga Digital<\/p>\n\n\n\n<p>Redacci\u00f3n<\/p>\n\n\n\n<p>Martes 28 de abril de 2026<\/p>\n\n\n\n<p>Este martes 28 de abril de 2026 la presidenta Claudia Sheinbaum confirm\u00f3 la renuncia de Ariadna Montiel como secretaria de Bienestar federal.<\/p>\n\n\n\n<p>Esta decisi\u00f3n se toma de cara a la realizaci\u00f3n de VIII Congreso Nacional Extraordinario de Morena para renovar las vacantes en la Presidencia y la Secretar\u00eda de Finanzas del Comit\u00e9 Ejecutivo Nacional (CEN).<\/p>\n\n\n\n<figure class=\"wp-block-embed is-type-rich is-provider-twitter wp-block-embed-twitter\"><div class=\"wp-block-embed__wrapper\">\n<blockquote class=\"twitter-tweet\" data-width=\"550\" data-dnt=\"true\"><p lang=\"es\" dir=\"ltr\">Una informaci\u00f3n relevante para todas y todos. <a href=\"https:\/\/t.co\/HVEytfjYwT\">pic.twitter.com\/HVEytfjYwT<\/a><\/p>&mdash; Claudia Sheinbaum Pardo (@Claudiashein) <a href=\"https:\/\/twitter.com\/Claudiashein\/status\/2049305681971294558?ref_src=twsrc%5Etfw\">April 29, 2026<\/a><\/blockquote><script async src=\"https:\/\/platform.twitter.com\/widgets.js\" charset=\"utf-8\"><\/script>\n<\/div><\/figure>\n\n\n\n<p>Leticia Ram\u00edrez, quien fue secretaria de Educaci\u00f3n en el gobierno de L\u00f3pez Obrador, ser\u00e1 la nueva secretaria de Bienestar.<\/p>\n\n\n\n<p><a href=\"https:\/\/lopezdoriga.com\/nacional\/ariadna-montiel-deja-la-secretaria-de-bienestar\/\">https:\/\/lopezdoriga.com\/nacional\/ariadna-montiel-deja-la-secretaria-de-bienestar\/<\/a><\/p>\n","protected":false},"excerpt":{"rendered":"<p>Esta decisi\u00f3n se toma de cara a la realizaci\u00f3n de VIII Congreso Nacional Extraordinario de Morena Tomado De L\u00f3pez-D\u00f3riga Digital Redacci\u00f3n Martes 28 de abril de 2026 Este martes 28 de abril de 2026 la presidenta Claudia Sheinbaum confirm\u00f3 la renuncia de Ariadna Montiel como secretaria de Bienestar federal. Esta decisi\u00f3n se toma de cara [&hellip;]<\/p>\n","protected":false},"author":1,"featured_media":40807,"comment_status":"open","ping_status":"open","sticky":false,"template":"","format":"standard","meta":{"content-type":"","footnotes":""},"categories":[3,115,105],"tags":[],"class_list":{"0":"post-40806","1":"post","2":"type-post","3":"status-publish","4":"format-standard","5":"has-post-thumbnail","7":"category-mexico","8":"category-politica","9":"category-principal"},"_links":{"self":[{"href":"https:\/\/www.regioncuatronoticias.com\/index.php\/wp-json\/wp\/v2\/posts\/40806","targetHints":{"allow":["GET"]}}],"collection":[{"href":"https:\/\/www.regioncuatronoticias.com\/index.php\/wp-json\/wp\/v2\/posts"}],"about":[{"href":"https:\/\/www.regioncuatronoticias.com\/index.php\/wp-json\/wp\/v2\/types\/post"}],"author":[{"embeddable":true,"href":"https:\/\/www.regioncuatronoticias.com\/index.php\/wp-json\/wp\/v2\/users\/1"}],"replies":[{"embeddable":true,"href":"https:\/\/www.regioncuatronoticias.com\/index.php\/wp-json\/wp\/v2\/comments?post=40806"}],"version-history":[{"count":1,"href":"https:\/\/www.regioncuatronoticias.com\/index.php\/wp-json\/wp\/v2\/posts\/40806\/revisions"}],"predecessor-version":[{"id":40808,"href":"https:\/\/www.regioncuatronoticias.com\/index.php\/wp-json\/wp\/v2\/posts\/40806\/revisions\/40808"}],"wp:featuredmedia":[{"embeddable":true,"href":"https:\/\/www.regioncuatronoticias.com\/index.php\/wp-json\/wp\/v2\/media\/40807"}],"wp:attachment":[{"href":"https:\/\/www.regioncuatronoticias.com\/index.php\/wp-json\/wp\/v2\/media?parent=40806"}],"wp:term":[{"taxonomy":"category","embeddable":true,"href":"https:\/\/www.regioncuatronoticias.com\/index.php\/wp-json\/wp\/v2\/categories?post=40806"},{"taxonomy":"post_tag","embeddable":true,"href":"https:\/\/www.regioncuatronoticias.com\/index.php\/wp-json\/wp\/v2\/tags?post=40806"}],"curies":[{"name":"wp","href":"https:\/\/api.w.org\/{rel}","templated":true}]}}