{"id":40803,"date":"2026-04-28T20:33:14","date_gmt":"2026-04-29T03:33:14","guid":{"rendered":"https:\/\/www.regioncuatronoticias.com\/?p=40803"},"modified":"2026-04-28T20:33:17","modified_gmt":"2026-04-29T03:33:17","slug":"pide-alfonso-durazo-acuerdo-en-unison-llama-a-autoridades-y-sindicatos-a-no-dejar-mesa-de-dialogo-sin-solucion","status":"publish","type":"post","link":"https:\/\/www.regioncuatronoticias.com\/index.php\/2026\/04\/28\/pide-alfonso-durazo-acuerdo-en-unison-llama-a-autoridades-y-sindicatos-a-no-dejar-mesa-de-dialogo-sin-solucion\/","title":{"rendered":"Pide Alfonso Durazo acuerdo en Unison: llama a autoridades y sindicatos a no dejar mesa de di\u00e1logo sin soluci\u00f3n"},"content":{"rendered":"\n<p>Tomado de Proyecto Puente<\/p>\n\n\n\n<p>Redacci\u00f3n<\/p>\n\n\n\n<p>Martes 28 de abril de 2026<\/p>\n\n\n\n<p>Hermosillo, Sonora.- El gobernador de Sonora, Alfonso Durazo, reiter\u00f3 su llamado a las autoridades universitarias y al sindicato de la Universidad de Sonora para continuar con las negociaciones y alcanzar un acuerdo que permita levantar la huelga y reanudar las actividades acad\u00e9micas.<\/p>\n\n\n\n<p>El mandatario se\u00f1al\u00f3 que se requiere \u201cuna gran voluntad pol\u00edtica\u201d para normalizar las actividades en la m\u00e1xima casa de estudios del estado.<\/p>\n\n\n\n<p>Leer m\u00e1s: STEUS vota a favor de continuar huelga en Unison: no alcanzan acuerdos con Rector\u00eda.<\/p>\n\n\n\n<p>\u201cYo reitero mi llamado para comenzar a las autoridades y por supuesto a los trabajadores a no levantarse de la mesa de di\u00e1logo sin una soluci\u00f3n\u201d, expres\u00f3.<\/p>\n\n\n\n<p>Durazo indic\u00f3 que la construcci\u00f3n de consensos, especialmente en la defensa de los derechos laborales, suele ser un proceso lento, largo y, en ocasiones, complicado; sin embargo, dijo que es necesario recorrerlo con disposici\u00f3n para facilitar acuerdos.<\/p>\n\n\n\n<p>Destac\u00f3 que en este conflicto est\u00e1n en juego no solo los leg\u00edtimos intereses de los trabajadores, sino tambi\u00e9n los de m\u00e1s de 40 mil estudiantes que actualmente tienen sus clases interrumpidas.<\/p>\n\n\n\n<p>Adem\u00e1s, mencion\u00f3 la afectaci\u00f3n a los padres de familia, particularmente aquellos que realizan un esfuerzo econ\u00f3mico para mantener a sus hijos estudiando en Hermosillo, especialmente quienes provienen de otros municipios y asisten al campus de la Unison en la capital.<\/p>\n\n\n\n<p>\u201cEs momento de anteponer el inter\u00e9s superior de la instituci\u00f3n y de los estudiantes para conseguir el acuerdo que permita levantar este paro de labores en la Universidad de Sonora\u201d, concluy\u00f3.<\/p>\n\n\n\n<p><a href=\"https:\/\/proyectopuente.com.mx\/2026\/04\/28\/pide-alfonso-durazo-acuerdo-en-unison-llama-a-autoridades-y-sindicatos-a-no-dejar-mesa-de-dialogo-sin-solucion\/\">https:\/\/proyectopuente.com.mx\/2026\/04\/28\/pide-alfonso-durazo-acuerdo-en-unison-llama-a-autoridades-y-sindicatos-a-no-dejar-mesa-de-dialogo-sin-solucion\/<\/a><\/p>\n","protected":false},"excerpt":{"rendered":"<p>Tomado de Proyecto Puente Redacci\u00f3n Martes 28 de abril de 2026 Hermosillo, Sonora.- El gobernador de Sonora, Alfonso Durazo, reiter\u00f3 su llamado a las autoridades universitarias y al sindicato de la Universidad de Sonora para continuar con las negociaciones y alcanzar un acuerdo que permita levantar la huelga y reanudar las actividades acad\u00e9micas. El mandatario [&hellip;]<\/p>\n","protected":false},"author":1,"featured_media":40804,"comment_status":"open","ping_status":"open","sticky":false,"template":"","format":"standard","meta":{"content-type":"","footnotes":""},"categories":[115,9],"tags":[],"class_list":{"0":"post-40803","1":"post","2":"type-post","3":"status-publish","4":"format-standard","5":"has-post-thumbnail","7":"category-politica","8":"category-sonora"},"_links":{"self":[{"href":"https:\/\/www.regioncuatronoticias.com\/index.php\/wp-json\/wp\/v2\/posts\/40803","targetHints":{"allow":["GET"]}}],"collection":[{"href":"https:\/\/www.regioncuatronoticias.com\/index.php\/wp-json\/wp\/v2\/posts"}],"about":[{"href":"https:\/\/www.regioncuatronoticias.com\/index.php\/wp-json\/wp\/v2\/types\/post"}],"author":[{"embeddable":true,"href":"https:\/\/www.regioncuatronoticias.com\/index.php\/wp-json\/wp\/v2\/users\/1"}],"replies":[{"embeddable":true,"href":"https:\/\/www.regioncuatronoticias.com\/index.php\/wp-json\/wp\/v2\/comments?post=40803"}],"version-history":[{"count":1,"href":"https:\/\/www.regioncuatronoticias.com\/index.php\/wp-json\/wp\/v2\/posts\/40803\/revisions"}],"predecessor-version":[{"id":40805,"href":"https:\/\/www.regioncuatronoticias.com\/index.php\/wp-json\/wp\/v2\/posts\/40803\/revisions\/40805"}],"wp:featuredmedia":[{"embeddable":true,"href":"https:\/\/www.regioncuatronoticias.com\/index.php\/wp-json\/wp\/v2\/media\/40804"}],"wp:attachment":[{"href":"https:\/\/www.regioncuatronoticias.com\/index.php\/wp-json\/wp\/v2\/media?parent=40803"}],"wp:term":[{"taxonomy":"category","embeddable":true,"href":"https:\/\/www.regioncuatronoticias.com\/index.php\/wp-json\/wp\/v2\/categories?post=40803"},{"taxonomy":"post_tag","embeddable":true,"href":"https:\/\/www.regioncuatronoticias.com\/index.php\/wp-json\/wp\/v2\/tags?post=40803"}],"curies":[{"name":"wp","href":"https:\/\/api.w.org\/{rel}","templated":true}]}}