{"id":40797,"date":"2026-04-28T20:28:07","date_gmt":"2026-04-29T03:28:07","guid":{"rendered":"https:\/\/www.regioncuatronoticias.com\/?p=40797"},"modified":"2026-04-28T20:28:11","modified_gmt":"2026-04-29T03:28:11","slug":"emiratos-arabes-se-retira-de-la-opep-por-crisis-en-ormuz","status":"publish","type":"post","link":"https:\/\/www.regioncuatronoticias.com\/index.php\/2026\/04\/28\/emiratos-arabes-se-retira-de-la-opep-por-crisis-en-ormuz\/","title":{"rendered":"Emiratos \u00c1rabes se retira de la OPEP por crisis en Ormuz"},"content":{"rendered":"\n<p><strong>Anuncia su salida de la OPEP y OPEP+ en medio de la crisis del estrecho de Ormuz, en un contexto de alta tensi\u00f3n geopol\u00edtica y cambios en el mercado energ\u00e9tico global.<\/strong><\/p>\n\n\n\n<p>Tomado de Aristegui Noticias<\/p>\n\n\n\n<p>Redacci\u00f3n AN \/ SH<\/p>\n\n\n\n<p>Martes 28 de abril de 2026<\/p>\n\n\n\n<p>Emiratos \u00c1rabes Unidos (EAU) anunci\u00f3 este martes su retirada de la Organizaci\u00f3n de Pa\u00edses Exportadores de Petr\u00f3leo (OPEP) y la alianza OPEP+ por las \u201cperturbaciones en el golfo P\u00e9rsico y el estrecho de Ormuz\u201d a partir del pr\u00f3ximo 1 de mayo de 2026, inform\u00f3 la agencia de noticias oficial emirat\u00ed WAM.<\/p>\n\n\n\n<p>La agencia se\u00f1al\u00f3 que esta decisi\u00f3n es impulsada \u201cpor los intereses nacionales y el compromiso del pa\u00eds de contribuir activamente a satisfacer las necesidades urgentes del mercado, especialmente dada la actual volatilidad geopol\u00edtica a corto plazo derivada de las perturbaciones en el golfo P\u00e9rsico y el estrecho de Ormuz, que afectan a la din\u00e1mica de la oferta\u201d.<\/p>\n\n\n\n<p>Asimismo, se\u00f1al\u00f3 que \u201clas tendencias fundamentales indican un crecimiento continuo de la demanda mundial de energ\u00eda a medio y largo plazo\u201d, y defendi\u00f3 que \u201cla estabilidad del sistema energ\u00e9tico mundial depende de la disponibilidad de suministros flexibles, fiables y asequibles\u201d.<\/p>\n\n\n\n<p>La retirada de los Emiratos llega en un momento en que la producci\u00f3n de OPEP se redujo en marzo casi 8 millones de barriles diarios (mbd), un 27,5 % menos de lo bombeado en febrero, debido a la guerra de Ir\u00e1n y al bloqueo del estrecho de Ormuz, que afect\u00f3 sobre todo a Irak y a los pa\u00edses del golfo P\u00e9rsico.<\/p>\n\n\n\n<p>El ministro de Energ\u00eda e Infraestructura del pa\u00eds, Suhail bin Mohamed Al Mazrouei, defendi\u00f3 que la retirada de la OPEP \u201crefleja una evoluci\u00f3n pol\u00edtica alineada con los fundamentos del mercado a largo plazo\u201d.<\/p>\n\n\n\n<p>Emiratos se uni\u00f3 a la OPEP en 1967 a trav\u00e9s del Emirato de Abu Dabi y mantuvo su membres\u00eda tras la creaci\u00f3n del pa\u00eds en 1971, y \u201cdurante todo este periodo, el pa\u00eds ha desempe\u00f1ado un papel activo en el apoyo a la estabilidad del mercado petrolero mundial y en el fomento del di\u00e1logo entre los pa\u00edses productores\u201d, a\u00f1adi\u00f3 WAM.<\/p>\n\n\n\n<p>Destac\u00f3 que EAU \u201ces un productor fiable de algunos de los petr\u00f3leos m\u00e1s competitivos en precio y con menor intensidad de carbono del mundo, contribuyendo al crecimiento global y a la reducci\u00f3n de emisiones\u201d.<\/p>\n\n\n\n<p>No obstante, defendi\u00f3 que, \u201ctras su salida de la OPEP, EAU continuar\u00e1 desempe\u00f1ando su papel responsable aumentando la producci\u00f3n de forma gradual y prudente\u201d, y seguir\u00e1 \u201ccolaborando con sus socios para desarrollar recursos\u201d.<\/p>\n\n\n\n<p>Destac\u00f3 que \u201cesta decisi\u00f3n no altera el compromiso de EAU con la estabilidad del mercado global ni su enfoque basado en la cooperaci\u00f3n con productores y consumidores\u201d, justific\u00f3.<\/p>\n\n\n\n<p>Emiratos, asimismo, expres\u00f3 \u201csu agradecimiento\u201d por los esfuerzos tanto de la OPEP como de la alianza OPEP+, liderada por Arabia Saud\u00ed y Rusia, pero subray\u00f3 que \u201cha llegado el momento de centrar los esfuerzos en los intereses nacionales de EAU\u201d.<\/p>\n\n\n\n<p>\u201cEAU continuar\u00e1 invirtiendo en toda la cadena de valor energ\u00e9tica, incluyendo petr\u00f3leo y gas, energ\u00edas renovables y soluciones bajas en carbono, para fortalecer la resiliencia y la transformaci\u00f3n a largo plazo de su sistema energ\u00e9tico\u201d, concluy\u00f3.<\/p>\n\n\n\n<p>La decisi\u00f3n de Emiratos tiene lugar en un momento de tensi\u00f3n con sus vecinos \u00e1rabes del golfo P\u00e9rsico, a los que ha acusado de no coordinar posturas contra los ataques de Ir\u00e1n contra la infraestructura energ\u00e9tica de esta regi\u00f3n rica en petr\u00f3leo.<\/p>\n\n\n\n<p>Asimismo, se produce ante las cr\u00edticas del presidente estadounidense, Donald Trump, a la OPEP, organizaci\u00f3n a la que ha acusado de inflar los precios del petr\u00f3leo. EFE<\/p>\n\n\n\n<p><a href=\"https:\/\/aristeguinoticias.com\/2804\/mundo\/emiratos-arabes-se-retira-de-la-opep-por-crisis-en-ormuz\">https:\/\/aristeguinoticias.com\/2804\/mundo\/emiratos-arabes-se-retira-de-la-opep-por-crisis-en-ormuz<\/a><\/p>\n","protected":false},"excerpt":{"rendered":"<p>Anuncia su salida de la OPEP y OPEP+ en medio de la crisis del estrecho de Ormuz, en un contexto de alta tensi\u00f3n geopol\u00edtica y cambios en el mercado energ\u00e9tico global. Tomado de Aristegui Noticias Redacci\u00f3n AN \/ SH Martes 28 de abril de 2026 Emiratos \u00c1rabes Unidos (EAU) anunci\u00f3 este martes su retirada de [&hellip;]<\/p>\n","protected":false},"author":1,"featured_media":40798,"comment_status":"open","ping_status":"open","sticky":false,"template":"","format":"standard","meta":{"content-type":"","footnotes":""},"categories":[7,115],"tags":[],"class_list":{"0":"post-40797","1":"post","2":"type-post","3":"status-publish","4":"format-standard","5":"has-post-thumbnail","7":"category-internacional","8":"category-politica"},"_links":{"self":[{"href":"https:\/\/www.regioncuatronoticias.com\/index.php\/wp-json\/wp\/v2\/posts\/40797","targetHints":{"allow":["GET"]}}],"collection":[{"href":"https:\/\/www.regioncuatronoticias.com\/index.php\/wp-json\/wp\/v2\/posts"}],"about":[{"href":"https:\/\/www.regioncuatronoticias.com\/index.php\/wp-json\/wp\/v2\/types\/post"}],"author":[{"embeddable":true,"href":"https:\/\/www.regioncuatronoticias.com\/index.php\/wp-json\/wp\/v2\/users\/1"}],"replies":[{"embeddable":true,"href":"https:\/\/www.regioncuatronoticias.com\/index.php\/wp-json\/wp\/v2\/comments?post=40797"}],"version-history":[{"count":1,"href":"https:\/\/www.regioncuatronoticias.com\/index.php\/wp-json\/wp\/v2\/posts\/40797\/revisions"}],"predecessor-version":[{"id":40799,"href":"https:\/\/www.regioncuatronoticias.com\/index.php\/wp-json\/wp\/v2\/posts\/40797\/revisions\/40799"}],"wp:featuredmedia":[{"embeddable":true,"href":"https:\/\/www.regioncuatronoticias.com\/index.php\/wp-json\/wp\/v2\/media\/40798"}],"wp:attachment":[{"href":"https:\/\/www.regioncuatronoticias.com\/index.php\/wp-json\/wp\/v2\/media?parent=40797"}],"wp:term":[{"taxonomy":"category","embeddable":true,"href":"https:\/\/www.regioncuatronoticias.com\/index.php\/wp-json\/wp\/v2\/categories?post=40797"},{"taxonomy":"post_tag","embeddable":true,"href":"https:\/\/www.regioncuatronoticias.com\/index.php\/wp-json\/wp\/v2\/tags?post=40797"}],"curies":[{"name":"wp","href":"https:\/\/api.w.org\/{rel}","templated":true}]}}