{"id":40794,"date":"2026-04-28T20:26:31","date_gmt":"2026-04-29T03:26:31","guid":{"rendered":"https:\/\/www.regioncuatronoticias.com\/?p=40794"},"modified":"2026-04-28T20:26:34","modified_gmt":"2026-04-29T03:26:34","slug":"amaga-cnte-con-huelga-durante-el-mundial-no-rodara-el-balon-si-no-hay-solucion","status":"publish","type":"post","link":"https:\/\/www.regioncuatronoticias.com\/index.php\/2026\/04\/28\/amaga-cnte-con-huelga-durante-el-mundial-no-rodara-el-balon-si-no-hay-solucion\/","title":{"rendered":"Amaga CNTE con huelga durante el Mundial: &#8216;No rodar\u00e1 el bal\u00f3n si no hay soluci\u00f3n&#8217;"},"content":{"rendered":"\n<p><strong>Elvira Veleces, secretaria general de la secci\u00f3n XIV, dijo que este gobierno tiene tintes neoliberales.<\/strong><\/p>\n\n\n\n<p>Tomado de Aristegui Noticias<\/p>\n\n\n\n<p>Redacci\u00f3n AN\/ SBH<\/p>\n\n\n\n<p>Lunes 28 de abril de 2026<\/p>\n\n\n\n<p>Representantes de la Coordinadora Nacional de Trabajadores de la Educaci\u00f3n (CNTE) anunciaron el estallamiento de una Huelga Nacional en el marco del mundial de f\u00fatbol.<\/p>\n\n\n\n<p>Este viernes 1 de mayo el sindicato realizar\u00e1 una \u201cmarcha nacional\u201d, del \u00c1ngel de la Independencia al Z\u00f3calo de la Ciudad de M\u00e9xico. Tambi\u00e9n marchar\u00e1n el 15 de mayo, D\u00eda del Maestro; en ambos casos se realizar\u00e1n movilizaciones en los estados.<\/p>\n\n\n\n<p>Se espera que el 16 de mayo, despu\u00e9s de una consulta interna, anuncien las fechas de la huelga nacional en el contexto del mundial.<\/p>\n\n\n\n<p>El sindicato dijo estar de acuerdo con el anuncio de universalizaci\u00f3n de los servicios de salud que pretende el gobierno federal, pero criticaron que sea mediante \u201cinstituciones precarizadas\u201d, como el ISSSTE, por lo que llamaron a invertir m\u00e1s en este sector.<\/p>\n\n\n\n<p>\u201cNosotros insistimos que estamos de acuerdo en la universalizaci\u00f3n del derecho a la salud como un derecho humano fundamental pero que tiene que ser con un presupuesto creciente que no puede ser a partir de instituciones precarizadas como el Issste\u201d: Pedro Hern\u00e1ndez, secretario general de la secci\u00f3n 9.<\/p>\n\n\n\n<p>El sindicato exige abrogar la Ley del ISSSTE de 2007, el retorno a un \u201csistema solidario colectivo\u201d, lo que implica la cancelaci\u00f3n definitiva de las Afores y del sistema de cuentas individuales.<\/p>\n\n\n\n<p>Demandan que el c\u00e1lculo de las pensiones se realice en salarios m\u00ednimos y no en UMAS. Piden que la jubilaci\u00f3n se otorgue por a\u00f1os de servicio, estableciendo 28 a\u00f1os para las mujeres y 30 a\u00f1os para los hombres.<\/p>\n\n\n\n<p>Los maestros exigen un aumento salarial del 100% directo al sueldo base, acompa\u00f1ado de la homologaci\u00f3n de todas sus prestaciones, adem\u00e1s de la creaci\u00f3n de plazas de base y manifiestan su desacuerdo con la contrataci\u00f3n de maestros interinos o eventuales, quienes sufren de \u201csalarios raqu\u00edticos y carecen de seguridad social\u201d.<\/p>\n\n\n\n<p>En conferencia de prensa hablaron los l\u00edderes regionales de la organizaci\u00f3n. Elvira Veleces, secretaria general de la secci\u00f3n XIV, dijo que este gobierno tiene tintes neoliberales.<\/p>\n\n\n\n<p>\u201cNosotros como ya lo hemos demostrado durante la huelga desenmascaramos justamente la cara de este gobierno que lo caracterizamos como de continuidad neoliberal porque tiene las mismas pr\u00e1cticas\u201d.<\/p>\n\n\n\n<p>La maestra Eva Hinojosa dio el ultim\u00e1tum tras recalcar las manifestaciones planeadas:<\/p>\n\n\n\n<p>\u201cDecimos con esta premisa que no rodar\u00e1 el bal\u00f3n si no hay soluci\u00f3n\u201d.<\/p>\n\n\n\n<p><a href=\"https:\/\/aristeguinoticias.com\/2804\/mexico\/cnte-anuncia-huelga-durante-el-mundial-no-rodara-el-balon-si-no-hay-solucion\">https:\/\/aristeguinoticias.com\/2804\/mexico\/cnte-anuncia-huelga-durante-el-mundial-no-rodara-el-balon-si-no-hay-solucion<\/a><\/p>\n","protected":false},"excerpt":{"rendered":"<p>Elvira Veleces, secretaria general de la secci\u00f3n XIV, dijo que este gobierno tiene tintes neoliberales. Tomado de Aristegui Noticias Redacci\u00f3n AN\/ SBH Lunes 28 de abril de 2026 Representantes de la Coordinadora Nacional de Trabajadores de la Educaci\u00f3n (CNTE) anunciaron el estallamiento de una Huelga Nacional en el marco del mundial de f\u00fatbol. Este viernes [&hellip;]<\/p>\n","protected":false},"author":1,"featured_media":40795,"comment_status":"open","ping_status":"open","sticky":false,"template":"","format":"standard","meta":{"content-type":"","footnotes":""},"categories":[115],"tags":[],"class_list":{"0":"post-40794","1":"post","2":"type-post","3":"status-publish","4":"format-standard","5":"has-post-thumbnail","7":"category-politica"},"_links":{"self":[{"href":"https:\/\/www.regioncuatronoticias.com\/index.php\/wp-json\/wp\/v2\/posts\/40794","targetHints":{"allow":["GET"]}}],"collection":[{"href":"https:\/\/www.regioncuatronoticias.com\/index.php\/wp-json\/wp\/v2\/posts"}],"about":[{"href":"https:\/\/www.regioncuatronoticias.com\/index.php\/wp-json\/wp\/v2\/types\/post"}],"author":[{"embeddable":true,"href":"https:\/\/www.regioncuatronoticias.com\/index.php\/wp-json\/wp\/v2\/users\/1"}],"replies":[{"embeddable":true,"href":"https:\/\/www.regioncuatronoticias.com\/index.php\/wp-json\/wp\/v2\/comments?post=40794"}],"version-history":[{"count":1,"href":"https:\/\/www.regioncuatronoticias.com\/index.php\/wp-json\/wp\/v2\/posts\/40794\/revisions"}],"predecessor-version":[{"id":40796,"href":"https:\/\/www.regioncuatronoticias.com\/index.php\/wp-json\/wp\/v2\/posts\/40794\/revisions\/40796"}],"wp:featuredmedia":[{"embeddable":true,"href":"https:\/\/www.regioncuatronoticias.com\/index.php\/wp-json\/wp\/v2\/media\/40795"}],"wp:attachment":[{"href":"https:\/\/www.regioncuatronoticias.com\/index.php\/wp-json\/wp\/v2\/media?parent=40794"}],"wp:term":[{"taxonomy":"category","embeddable":true,"href":"https:\/\/www.regioncuatronoticias.com\/index.php\/wp-json\/wp\/v2\/categories?post=40794"},{"taxonomy":"post_tag","embeddable":true,"href":"https:\/\/www.regioncuatronoticias.com\/index.php\/wp-json\/wp\/v2\/tags?post=40794"}],"curies":[{"name":"wp","href":"https:\/\/api.w.org\/{rel}","templated":true}]}}