{"id":40791,"date":"2026-04-28T20:24:49","date_gmt":"2026-04-29T03:24:49","guid":{"rendered":"https:\/\/www.regioncuatronoticias.com\/?p=40791"},"modified":"2026-04-28T20:24:53","modified_gmt":"2026-04-29T03:24:53","slug":"mexico-siempre-si-investigara-a-nasson-joaquin-juez-ordena-reabrir-carpeta-contra-exlider-de-la-luz-del-mundo","status":"publish","type":"post","link":"https:\/\/www.regioncuatronoticias.com\/index.php\/2026\/04\/28\/mexico-siempre-si-investigara-a-nasson-joaquin-juez-ordena-reabrir-carpeta-contra-exlider-de-la-luz-del-mundo\/","title":{"rendered":"M\u00e9xico siempre s\u00ed investigar\u00e1 a Nasson Joaqu\u00edn: Juez ordena reabrir carpeta contra exl\u00edder de La Luz del Mundo"},"content":{"rendered":"\n<p><strong>Despu\u00e9s del \u2018carpetazo\u2019 de la FGR sobre los casos de abuso sexual en M\u00e9xico del exl\u00edder de la Luz del Mundo, un juez decidi\u00f3 revocar la decisi\u00f3n de no acci\u00f3n penal.<\/strong><\/p>\n\n\n\n<p>Tomado de El Financiero<\/p>\n\n\n\n<p>Redacci\u00f3n<\/p>\n\n\n\n<p>Martes 28 de abril de 2026<\/p>\n\n\n\n<p>Un juez federal determin\u00f3 este lunes que la Fiscal\u00eda General de la Rep\u00fablica (FGR) no puede dar \u2018carpetazo\u2019 a la investigaci\u00f3n contra Nass\u00f3n Joaqu\u00edn Garc\u00eda, l\u00edder de La Luz del Mundo y preso en Estados Unidos tras declararse culpable en de tres cargos de abuso sexual en 2022.<\/p>\n\n\n\n<p>Juan Jos\u00e9 Rodr\u00edguez Velarde, radicado en los juzgados federales de Puente Grande, determin\u00f3 revocar la decisi\u00f3n de no acci\u00f3n penal emitida por el Ministerio P\u00fablico en diciembre pasado, por lo que la FGR deber\u00e1 reabrir la carpeta 34\/2026 contra Naason Garc\u00eda.<\/p>\n\n\n\n<p>Nass\u00f3n se encuentra preso en una c\u00e1rcel de California para cumplir con una sentencia de 16 a\u00f1os y 8 meses de prisi\u00f3n, luego de que en 2022 se declarara culpable de tres cargos de abuso sexual de menores.<\/p>\n\n\n\n<p>Con su confesi\u00f3n, Joaqu\u00edn Garc\u00eda evit\u00f3 ir a juicio por 19 cargos criminales, entre los que se encuentra el delito de violaci\u00f3n sexual a menores, posesi\u00f3n de pornograf\u00eda infantil y tr\u00e1fico humano.<\/p>\n\n\n\n<p>Los delitos son similares a los que se le imputan en M\u00e9xico, por lo que Sochil Mart\u00edn y Sharim Guzm\u00e1n, v\u00edctimas que se\u00f1alan a Nass\u00f3n, consideraron inexplicable el actuar de las autoridades mexicanas al querer terminar con el caso.<\/p>\n\n\n\n<p>Ambos fueron quienes presentaron la solicitud para revocar el no ejercicio de acci\u00f3n penal.<\/p>\n\n\n\n<p>\u201cAc\u00e1 le dicen \u2018el problema Epstein\u2019 de M\u00e9xico. Nosotros hemos tratado de informar lo m\u00e1s posible sobre los delitos y pareciera que lo que estamos viendo en Estados Unidos nunca va a pasar (en el pa\u00eds)\u201d, explic\u00f3 Mart\u00edn en entrevista con Aristegui Noticias la semana pasada.<\/p>\n\n\n\n<p>Ambos aseguran que las denuncias contra Nass\u00f3n Joaqu\u00edn tambi\u00e9n destapar\u00edan una presunta red de lavado de dinero, trata de personas, explotaci\u00f3n sexual y pornograf\u00eda infantil.<\/p>\n\n\n\n<p>El 17 de abril, la Secretar\u00eda de Gobernaci\u00f3n (Segob) inform\u00f3 que el registro de la iglesia La Luz del Mundo se mantiene vigente como asociaci\u00f3n religiosa, pero que suspendi\u00f3 los derechos como ministro de culto de Naas\u00f3n Joaqu\u00edn Garc\u00eda.<\/p>\n\n\n\n<p><a href=\"https:\/\/www.elfinanciero.com.mx\/nacional\/2026\/04\/28\/mexico-siempre-si-investigara-a-nasson-joaquin-juez-ordena-reabrir-carpeta-contra-exlider-de-la-luz-del-mundo\">https:\/\/www.elfinanciero.com.mx\/nacional\/2026\/04\/28\/mexico-siempre-si-investigara-a-nasson-joaquin-juez-ordena-reabrir-carpeta-contra-exlider-de-la-luz-del-mundo<\/a><\/p>\n","protected":false},"excerpt":{"rendered":"<p>Despu\u00e9s del \u2018carpetazo\u2019 de la FGR sobre los casos de abuso sexual en M\u00e9xico del exl\u00edder de la Luz del Mundo, un juez decidi\u00f3 revocar la decisi\u00f3n de no acci\u00f3n penal. Tomado de El Financiero Redacci\u00f3n Martes 28 de abril de 2026 Un juez federal determin\u00f3 este lunes que la Fiscal\u00eda General de la Rep\u00fablica [&hellip;]<\/p>\n","protected":false},"author":1,"featured_media":40792,"comment_status":"open","ping_status":"open","sticky":false,"template":"","format":"standard","meta":{"content-type":"","footnotes":""},"categories":[3,115,105],"tags":[],"class_list":{"0":"post-40791","1":"post","2":"type-post","3":"status-publish","4":"format-standard","5":"has-post-thumbnail","7":"category-mexico","8":"category-politica","9":"category-principal"},"_links":{"self":[{"href":"https:\/\/www.regioncuatronoticias.com\/index.php\/wp-json\/wp\/v2\/posts\/40791","targetHints":{"allow":["GET"]}}],"collection":[{"href":"https:\/\/www.regioncuatronoticias.com\/index.php\/wp-json\/wp\/v2\/posts"}],"about":[{"href":"https:\/\/www.regioncuatronoticias.com\/index.php\/wp-json\/wp\/v2\/types\/post"}],"author":[{"embeddable":true,"href":"https:\/\/www.regioncuatronoticias.com\/index.php\/wp-json\/wp\/v2\/users\/1"}],"replies":[{"embeddable":true,"href":"https:\/\/www.regioncuatronoticias.com\/index.php\/wp-json\/wp\/v2\/comments?post=40791"}],"version-history":[{"count":1,"href":"https:\/\/www.regioncuatronoticias.com\/index.php\/wp-json\/wp\/v2\/posts\/40791\/revisions"}],"predecessor-version":[{"id":40793,"href":"https:\/\/www.regioncuatronoticias.com\/index.php\/wp-json\/wp\/v2\/posts\/40791\/revisions\/40793"}],"wp:featuredmedia":[{"embeddable":true,"href":"https:\/\/www.regioncuatronoticias.com\/index.php\/wp-json\/wp\/v2\/media\/40792"}],"wp:attachment":[{"href":"https:\/\/www.regioncuatronoticias.com\/index.php\/wp-json\/wp\/v2\/media?parent=40791"}],"wp:term":[{"taxonomy":"category","embeddable":true,"href":"https:\/\/www.regioncuatronoticias.com\/index.php\/wp-json\/wp\/v2\/categories?post=40791"},{"taxonomy":"post_tag","embeddable":true,"href":"https:\/\/www.regioncuatronoticias.com\/index.php\/wp-json\/wp\/v2\/tags?post=40791"}],"curies":[{"name":"wp","href":"https:\/\/api.w.org\/{rel}","templated":true}]}}