{"id":40781,"date":"2026-04-27T23:01:17","date_gmt":"2026-04-28T06:01:17","guid":{"rendered":"https:\/\/www.regioncuatronoticias.com\/?p=40781"},"modified":"2026-04-27T23:01:20","modified_gmt":"2026-04-28T06:01:20","slug":"steus-mantiene-la-huelga-en-la-unison-base-rechaza-oferta-por-insuficiente","status":"publish","type":"post","link":"https:\/\/www.regioncuatronoticias.com\/index.php\/2026\/04\/27\/steus-mantiene-la-huelga-en-la-unison-base-rechaza-oferta-por-insuficiente\/","title":{"rendered":"Steus mantiene la huelga en la Unison; base rechaza oferta por insuficiente"},"content":{"rendered":"\n<p><strong>Se emitieron 1,372 votos, de los cuales seis fueron nulos; 557 trabajadores se pronunciaron a favor de aceptar la oferta, mientras que 809 votaron en contra.<\/strong><\/p>\n\n\n\n<p>Tomado de El Sol de Hermosillo<\/p>\n\n\n\n<p>Ana Mar\u00eda L\u00f3pez<\/p>\n\n\n\n<p>Lunes 27 de abril de 2026<\/p>\n\n\n\n<p>El Sindicato de Trabajadores y Empleados de la Universidad de Sonora (Steus) determin\u00f3 continuar con la huelga, luego de que la mayor\u00eda de su base trabajadora rechazara el \u00faltimo ofrecimiento presentado por la instituci\u00f3n, al considerarlo insuficiente en materia salarial.<\/p>\n\n\n\n<p>El secretario general del sindicato, Alejandro Manzanares, inform\u00f3 que en esta jornada de votaci\u00f3n participaron m\u00e1s de mil 300 trabajadores, quienes refrendaron su derecho a decidir sobre la propuesta universitaria. \u201cLa base determin\u00f3 que los ofrecimientos no son suficientes, por lo tanto el movimiento de huelga contin\u00faa\u201d, expres\u00f3.<\/p>\n\n\n\n<p>Detall\u00f3 que se emitieron mil 372 votos, de los cuales seis fueron nulos; 557 trabajadores se pronunciaron a favor de aceptar la oferta, mientras que 809 votaron en contra, lo que defini\u00f3 la continuidad del paro laboral en la m\u00e1xima casa de estudios.<\/p>\n\n\n\n<figure class=\"wp-block-image size-full\"><img loading=\"lazy\" loading=\"lazy\" decoding=\"async\" width=\"1200\" height=\"675\" src=\"https:\/\/www.regioncuatronoticias.com\/wp-content\/uploads\/2026\/04\/image-80.png\" alt=\"\" class=\"wp-image-40783\" srcset=\"https:\/\/www.regioncuatronoticias.com\/wp-content\/uploads\/2026\/04\/image-80.png 1200w, https:\/\/www.regioncuatronoticias.com\/wp-content\/uploads\/2026\/04\/image-80-640x360.png 640w, https:\/\/www.regioncuatronoticias.com\/wp-content\/uploads\/2026\/04\/image-80-768x432.png 768w, https:\/\/www.regioncuatronoticias.com\/wp-content\/uploads\/2026\/04\/image-80-860x484.png 860w\" sizes=\"auto, (max-width: 1200px) 100vw, 1200px\" \/><\/figure>\n\n\n\n<p>Manzanares explic\u00f3 que los \u00faltimos planteamientos de la Universidad de Sonora consistieron principalmente en ajustes a algunas cl\u00e1usulas contractuales, sin que se presentara un incremento adicional en recursos para el tabulador salarial. \u201cFue pr\u00e1cticamente un reajuste del recurso que ya ten\u00edamos, no hubo un ofrecimiento nuevo que permitiera a la base considerar levantar la huelga\u201d, se\u00f1al\u00f3.<\/p>\n\n\n\n<p>Indic\u00f3 que, aunque se han registrado avances en cl\u00e1usulas que no implican recursos econ\u00f3micos, estas se han cumplido parcialmente, lo que tambi\u00e9n ha generado inconformidad entre los trabajadores. En el tema salarial, agreg\u00f3 que el primer nivel apenas se encuentra por encima del salario m\u00ednimo, lo que coloca a los empleados en una situaci\u00f3n de vulnerabilidad ante futuros incrementos.<\/p>\n\n\n\n<p>\u201cEstamos pr\u00e1cticamente en el l\u00edmite, apenas unos pesos arriba del salario m\u00ednimo, y eso nos deja en riesgo de que el pr\u00f3ximo a\u00f1o se repita esta situaci\u00f3n si no se inyectan m\u00e1s recursos extraordinarios al tabulador\u201d, advirti\u00f3.<\/p>\n\n\n\n<figure class=\"wp-block-image size-full\"><img loading=\"lazy\" loading=\"lazy\" decoding=\"async\" width=\"1200\" height=\"675\" src=\"https:\/\/www.regioncuatronoticias.com\/wp-content\/uploads\/2026\/04\/image-81.png\" alt=\"\" class=\"wp-image-40784\" srcset=\"https:\/\/www.regioncuatronoticias.com\/wp-content\/uploads\/2026\/04\/image-81.png 1200w, https:\/\/www.regioncuatronoticias.com\/wp-content\/uploads\/2026\/04\/image-81-640x360.png 640w, https:\/\/www.regioncuatronoticias.com\/wp-content\/uploads\/2026\/04\/image-81-768x432.png 768w, https:\/\/www.regioncuatronoticias.com\/wp-content\/uploads\/2026\/04\/image-81-860x484.png 860w\" sizes=\"auto, (max-width: 1200px) 100vw, 1200px\" \/><\/figure>\n\n\n\n<p>El dirigente sindical adelant\u00f3 que se reanudar\u00e1n las pl\u00e1ticas con la Universidad de Sonora en espera de nuevos ofrecimientos, y subray\u00f3 que la siguiente asamblea depender\u00e1 de las fechas que se acuerden con la administraci\u00f3n universitaria y el Gobierno del Estado.<\/p>\n\n\n\n<p>En cuanto al \u00e1mbito legal, inform\u00f3 que el sindicato promovi\u00f3 un recurso de queja dentro del proceso de amparo interpuesto, luego de que no se resolviera de fondo el asunto, por lo que se mantienen a la espera de una respuesta por parte de las autoridades correspondientes.<\/p>\n\n\n\n<p>Finalmente, Manzanares se\u00f1al\u00f3 que el Steus se mantendr\u00e1 atento a la decisi\u00f3n que tome el Sindicato de Trabajadores Acad\u00e9micos (Staus), que en los pr\u00f3ximos d\u00edas definir\u00e1 su postura respecto a un posible estallamiento de huelga. \u201cNos mantendremos en comunicaci\u00f3n constante y atentos a lo que ocurra\u201d, puntualiz\u00f3.<\/p>\n\n\n\n<p>En el desglose por sedes, Hermosillo concentr\u00f3 la mayor cantidad de votos con 672 en contra y 442 a favor; mientras que en Caborca y Navojoa predomin\u00f3 el \u201cS\u00ed\u201d con 48 y 46 votos, respectivamente. En Cajeme, Santa Ana, Nogales y Bah\u00eda de Kino tambi\u00e9n se registraron resultados diversos, aunque el total final arroj\u00f3 804 votos por el \u201cNo\u201d y 558 por el \u201cS\u00ed\u201d, consolidando la decisi\u00f3n de mantener la huelga.<\/p>\n\n\n\n<p><a href=\"https:\/\/oem.com.mx\/elsoldehermosillo\/local\/steus-mantiene-la-huelga-en-la-unison-base-rechaza-oferta-por-insuficiente-29702401\">https:\/\/oem.com.mx\/elsoldehermosillo\/local\/steus-mantiene-la-huelga-en-la-unison-base-rechaza-oferta-por-insuficiente-29702401<\/a><\/p>\n","protected":false},"excerpt":{"rendered":"<p>Se emitieron 1,372 votos, de los cuales seis fueron nulos; 557 trabajadores se pronunciaron a favor de aceptar la oferta, mientras que 809 votaron en contra. Tomado de El Sol de Hermosillo Ana Mar\u00eda L\u00f3pez Lunes 27 de abril de 2026 El Sindicato de Trabajadores y Empleados de la Universidad de Sonora (Steus) determin\u00f3 continuar [&hellip;]<\/p>\n","protected":false},"author":1,"featured_media":40782,"comment_status":"open","ping_status":"open","sticky":false,"template":"","format":"standard","meta":{"content-type":"","footnotes":""},"categories":[117,8],"tags":[],"class_list":{"0":"post-40781","1":"post","2":"type-post","3":"status-publish","4":"format-standard","5":"has-post-thumbnail","7":"category-general","8":"category-hermosillo"},"_links":{"self":[{"href":"https:\/\/www.regioncuatronoticias.com\/index.php\/wp-json\/wp\/v2\/posts\/40781","targetHints":{"allow":["GET"]}}],"collection":[{"href":"https:\/\/www.regioncuatronoticias.com\/index.php\/wp-json\/wp\/v2\/posts"}],"about":[{"href":"https:\/\/www.regioncuatronoticias.com\/index.php\/wp-json\/wp\/v2\/types\/post"}],"author":[{"embeddable":true,"href":"https:\/\/www.regioncuatronoticias.com\/index.php\/wp-json\/wp\/v2\/users\/1"}],"replies":[{"embeddable":true,"href":"https:\/\/www.regioncuatronoticias.com\/index.php\/wp-json\/wp\/v2\/comments?post=40781"}],"version-history":[{"count":1,"href":"https:\/\/www.regioncuatronoticias.com\/index.php\/wp-json\/wp\/v2\/posts\/40781\/revisions"}],"predecessor-version":[{"id":40785,"href":"https:\/\/www.regioncuatronoticias.com\/index.php\/wp-json\/wp\/v2\/posts\/40781\/revisions\/40785"}],"wp:featuredmedia":[{"embeddable":true,"href":"https:\/\/www.regioncuatronoticias.com\/index.php\/wp-json\/wp\/v2\/media\/40782"}],"wp:attachment":[{"href":"https:\/\/www.regioncuatronoticias.com\/index.php\/wp-json\/wp\/v2\/media?parent=40781"}],"wp:term":[{"taxonomy":"category","embeddable":true,"href":"https:\/\/www.regioncuatronoticias.com\/index.php\/wp-json\/wp\/v2\/categories?post=40781"},{"taxonomy":"post_tag","embeddable":true,"href":"https:\/\/www.regioncuatronoticias.com\/index.php\/wp-json\/wp\/v2\/tags?post=40781"}],"curies":[{"name":"wp","href":"https:\/\/api.w.org\/{rel}","templated":true}]}}