{"id":40774,"date":"2026-04-27T22:40:53","date_gmt":"2026-04-28T05:40:53","guid":{"rendered":"https:\/\/www.regioncuatronoticias.com\/?p=40774"},"modified":"2026-04-27T22:40:56","modified_gmt":"2026-04-28T05:40:56","slug":"cesar-jauregui-renuncia-a-la-fiscalia-de-chihuahua-tras-polemica-por-los-agentes-de-la-cia","status":"publish","type":"post","link":"https:\/\/www.regioncuatronoticias.com\/index.php\/2026\/04\/27\/cesar-jauregui-renuncia-a-la-fiscalia-de-chihuahua-tras-polemica-por-los-agentes-de-la-cia\/","title":{"rendered":"C\u00e9sar J\u00e1uregui renuncia a la Fiscal\u00eda de Chihuahua tras pol\u00e9mica por los agentes de la CIA"},"content":{"rendered":"\n<p><strong>El hoy exfuncionario se\u00f1ala \u201comisiones tanto en la informaci\u00f3n como en la gesti\u00f3n institucional\u201d del caso y reconoce su \u201cresponsabilidad pol\u00edtica\u201d tras la pol\u00e9mica con el gobierno federal.<\/strong><\/p>\n\n\n\n<p>Tomado de Proceso<\/p>\n\n\n\n<p>Redacci\u00f3n<\/p>\n\n\n\n<p>Lunes 27 de abril de 2026<\/p>\n\n\n\n<p>CIUDAD DE M\u00c9XICO (apro).- C\u00e9sar J\u00e1uregui present\u00f3 su renuncia irrevocable como titular de la Fiscal\u00eda General del Estado de Chihuahua tras la pol\u00e9mica desatada por la presencia de agentes de la CIA en un operativo de seguridad en la entidad.<\/p>\n\n\n\n<p>J\u00e1uregui reconoci\u00f3 que hubo \u201comisiones tanto en la informaci\u00f3n como en la gesti\u00f3n institucional\u201d en el caso que desat\u00f3 una controversia con el gobierno federal, debido a la muerte de dos agentes estadunidenses en un presunto accidente vehicular el 19 de abril, junto con jefes policiacos estatales que un d\u00eda antes hab\u00edan desmantelado un laboratorio de drogas sint\u00e9ticas.<\/p>\n\n\n\n<p>Previamente al anuncio de J\u00e1uregui, la titular de la Unidad Especializada para investigar los hechos ocurridos entre el 17 y el 19 de abril, Wendy Paola Ch\u00e1vez Villanueva, emiti\u00f3 un informe en el que indic\u00f3 que la inclusi\u00f3n de personas extranjeras en el convoy que particip\u00f3 en el operativo no fue reportada a los mandos superiores.<\/p>\n\n\n\n<p>\u201cSu participaci\u00f3n se mantuvo limitada, reservada y sin interacci\u00f3n operativa directa, salvo con el director y su c\u00edrculo inmediato de seguridad personal\u201d, detall\u00f3 la funcionaria.<\/p>\n\n\n\n<p>Sin embargo, desde el d\u00eda que surgi\u00f3 la controversia, el propio fiscal J\u00e1uregui hab\u00eda informado que los agentes estadunidenses fallecidos el domingo 19 de abril en un presunto accidente \u2013a quienes en un principio se identific\u00f3 como trabajadores de la Embajada de EU en M\u00e9xico\u2013 realizaban labores de entrenamiento. Luego dijo que hab\u00edan pedido un avent\u00f3n para ser trasladados.<\/p>\n\n\n\n<p>\u201cLa informaci\u00f3n con la que contamos inicialmente y que compart\u00ed con la opini\u00f3n p\u00fablica era inconsistente y ameritaba una investigaci\u00f3n para conocer en detalle su participaci\u00f3n\u201d, reconoci\u00f3 J\u00e1uregui.<\/p>\n\n\n\n<p>La omisi\u00f3n que se\u00f1al\u00f3 \u201cvulner\u00f3 los mecanismos de control y comunicaci\u00f3n que como titular de la Fiscal\u00eda ten\u00eda la obligaci\u00f3n de asegurar en su funcionamiento eficaz\u201d, dijo el ahora exfuncionario.<\/p>\n\n\n\n<p>\u201cReconozco esta responsabilidad pol\u00edtica en el \u00e1mbito del liderazgo institucional y la necesidad de corregirla\u201d, dijo J\u00e1uregui en conferencia de prensa, al poner a disposici\u00f3n su cargo para que las investigaciones de desarrollen con autonom\u00eda.<\/p>\n\n\n\n<p>El caso provoc\u00f3 cuestionamientos de la presidenta Claudia Sheinbaum, quien advirti\u00f3 que los estados de la rep\u00fablica no pueden hacer tratos directos con gobiernos extranjeros en materia de seguridad y que no estaba permitida la participaci\u00f3n de agentes de otros pa\u00edses en operaciones en tierra.<\/p>\n\n\n\n<p>Incluso este lunes la mandataria se refiri\u00f3 a la creaci\u00f3n de una comisi\u00f3n investigadora de este caso, anunciada por la gobernadora Maru Campos. \u201cFue la Fiscal\u00eda del estado o fue el secretario de seguridad, no hay muchas m\u00e1s opciones\u201d, dijo.<\/p>\n\n\n\n<p><strong>El informe previo<\/strong><\/p>\n\n\n\n<p>En un informe previo, Ch\u00e1vez Villanueva abund\u00f3 sobre los hechos ocurridos entre el 17 y 19 de abril, relacionados con el desmantelamiento de un laboratorio de metanfetaminas y drogas sint\u00e9ticas en el municipio de Morelos, Chihuahua.<\/p>\n\n\n\n<p>indic\u00f3 que desde que se tuvo conocimiento de los hechos, la Fiscal\u00eda General del Estado (FGE) inici\u00f3 las carpetas de investigaci\u00f3n correspondientes y atendi\u00f3 todos los requerimientos de informaci\u00f3n formulados por la Fiscal\u00eda General de la Rep\u00fablica (FGR).<\/p>\n\n\n\n<p><strong>En ese contexto destac\u00f3 que:<\/strong><\/p>\n\n\n\n<p>-Las personas no pertenecientes a la Agencia Estatal de Investigaci\u00f3n (AEI) no formaban parte formal del despliegue operativo institucional.<\/p>\n\n\n\n<p>-La inclusi\u00f3n de las personas extranjeras en el convoy no fue reportada a los mandos superiores.<\/p>\n\n\n\n<p>-Su participaci\u00f3n se mantuvo limitada, reservada y sin interacci\u00f3n operativa directa, salvo con el director y su c\u00edrculo inmediato de seguridad personal.<\/p>\n\n\n\n<p>Estas personas NO portaban armas de fuego ni insignias oficiales de ninguna instituci\u00f3n; vest\u00edan ropa civil y mantuvieron el rostro cubierto la mayor parte del tiempo.<\/p>\n\n\n\n<p>Existen elementos que sugieren una posible colaboraci\u00f3n de car\u00e1cter extraoficial, cuya naturaleza deber\u00e1 determinarse con mayor precisi\u00f3n en las siguientes etapas de la investigaci\u00f3n.<\/p>\n\n\n\n<p><strong>La carta de renuncia<\/strong><\/p>\n\n\n\n<p>Este es el texto enviado a la gobernadora Maru Campos le\u00eddo por C\u00e9sar J\u00e1uregui en conferencia de prensa.<\/p>\n\n\n\n<p>\u201cEn ejercicio del deber de responsabilidad que impone el servicio p\u00fablico y con pleno respeto a la transparencia que la ciudadan\u00eda demanda, presento mi renuncia irrevocable al cargo de Fiscal General del Estado.<\/p>\n\n\n\n<p>\u201cMi actuaci\u00f3n y la de esta instituci\u00f3n han tenido como norte la protecci\u00f3n de la sociedad y la acci\u00f3n con toda la fuerza del Estado, para enfrentar al crimen organizado. Es una labor que realizamos cientos de funcionarios de esta Fiscal\u00eda con enorme compromiso y muchas veces arriesgando nuestras vidas.<\/p>\n\n\n\n<p>\u201cDicho compromiso exige, adem\u00e1s de valor y convicci\u00f3n, el estricto respeto a la legalidad, a la soberan\u00eda y a los protocolos de colaboraci\u00f3n internacional. En ese equilibrio se fundan las decisiones que hemos tomado y las facultades que debemos ejercer para garantizar la seguridad y la justicia.<\/p>\n\n\n\n<p>\u201cEs mi deber reconocer que, respecto a los hechos que han trascendido en torno a la presencia de personas que se identificaron como presuntos funcionarios extranjeros, la informaci\u00f3n con la que contamos inicialmente y que compart\u00ed con la opini\u00f3n p\u00fablica era inconsistente y ameritaba una investigaci\u00f3n para conocer en detalle su participaci\u00f3n.<\/p>\n\n\n\n<p>\u201cCon base en el curso de las investigaciones internas realizadas hasta ahora, resulta procedente se\u00f1alar que hubo omisiones tanto en la informaci\u00f3n como en la gesti\u00f3n institucional respecto de los puntos de contacto con dichas personas. Esa omisi\u00f3n vulner\u00f3 los mecanismos de control y comunicaci\u00f3n que, como titular de la Fiscal\u00eda General del Estado, ten\u00eda la obligaci\u00f3n de asegurar en su funcionamiento eficaz. Reconozco esta responsabilidad pol\u00edtica en el \u00e1mbito del liderazgo institucional y la necesidad de corregirla.<\/p>\n\n\n\n<p>\u201cDesafortunadamente, estos hechos han eclipsado un logro de la mayor relevancia: la destrucci\u00f3n de uno de los laboratorios de drogas m\u00e1s grandes en la historia de nuestro pa\u00eds; una acci\u00f3n que representa un golpe mayor a las capacidades del crimen organizado.<\/p>\n\n\n\n<p>\u201cSin embargo, la exigencia de resultados en la lucha contra el crimen organizado no puede ni debe justificar actuaciones que no guarden estricto apego a la ley. Por congruencia con mi trayectoria y mis convicciones, entiendo que la medida m\u00e1s adecuada para corregir esta situaci\u00f3n es poner a disposici\u00f3n mi cargo, para permitir que las investigaciones se desarrollen con autonom\u00eda, prontitud y exhaustividad, y para restablecer la confianza p\u00fablica.<\/p>\n\n\n\n<p>\u201cLo m\u00e1s importante es evitar que este caso afecte el esfuerzo institucional y de coordinaci\u00f3n que se ha venido desplegando durante estos a\u00f1os en Chihuahua, para atender la mayor de las exigencias de los chihuahuenses: cerrar el paso a los enemigos de la paz y la estabilidad de nuestro Estado.<\/p>\n\n\n\n<p>\u201cConf\u00edo en que esta decisi\u00f3n contribuya a reforzar la disciplina institucional, a mejorar los controles internos y a preservar la integridad de las operaciones leg\u00edtimas en la lucha contra la delincuencia organizada.<\/p>\n\n\n\n<p>\u201cAgradezco la oportunidad de haber servido a las y los chihuahuenses y reitero mi convicci\u00f3n de que la protecci\u00f3n de la sociedad debe ejercerse siempre bajo el cauce de la ley\u201d, concluy\u00f3 J\u00e1uregui.<\/p>\n\n\n\n<p><a href=\"https:\/\/www.proceso.com.mx\/nacional\/estados\/2026\/4\/27\/cesar-jauregui-renuncia-la-fiscalia-de-chihuahua-tras-la-polemica-por-los-agentes-de-la-cia-372997.html\">https:\/\/www.proceso.com.mx\/nacional\/estados\/2026\/4\/27\/cesar-jauregui-renuncia-la-fiscalia-de-chihuahua-tras-la-polemica-por-los-agentes-de-la-cia-372997.html<\/a><\/p>\n","protected":false},"excerpt":{"rendered":"<p>El hoy exfuncionario se\u00f1ala \u201comisiones tanto en la informaci\u00f3n como en la gesti\u00f3n institucional\u201d del caso y reconoce su \u201cresponsabilidad pol\u00edtica\u201d tras la pol\u00e9mica con el gobierno federal. Tomado de Proceso Redacci\u00f3n Lunes 27 de abril de 2026 CIUDAD DE M\u00c9XICO (apro).- C\u00e9sar J\u00e1uregui present\u00f3 su renuncia irrevocable como titular de la Fiscal\u00eda General del [&hellip;]<\/p>\n","protected":false},"author":1,"featured_media":40775,"comment_status":"open","ping_status":"open","sticky":false,"template":"","format":"standard","meta":{"content-type":"","footnotes":""},"categories":[3,115,105],"tags":[],"class_list":{"0":"post-40774","1":"post","2":"type-post","3":"status-publish","4":"format-standard","5":"has-post-thumbnail","7":"category-mexico","8":"category-politica","9":"category-principal"},"_links":{"self":[{"href":"https:\/\/www.regioncuatronoticias.com\/index.php\/wp-json\/wp\/v2\/posts\/40774","targetHints":{"allow":["GET"]}}],"collection":[{"href":"https:\/\/www.regioncuatronoticias.com\/index.php\/wp-json\/wp\/v2\/posts"}],"about":[{"href":"https:\/\/www.regioncuatronoticias.com\/index.php\/wp-json\/wp\/v2\/types\/post"}],"author":[{"embeddable":true,"href":"https:\/\/www.regioncuatronoticias.com\/index.php\/wp-json\/wp\/v2\/users\/1"}],"replies":[{"embeddable":true,"href":"https:\/\/www.regioncuatronoticias.com\/index.php\/wp-json\/wp\/v2\/comments?post=40774"}],"version-history":[{"count":1,"href":"https:\/\/www.regioncuatronoticias.com\/index.php\/wp-json\/wp\/v2\/posts\/40774\/revisions"}],"predecessor-version":[{"id":40776,"href":"https:\/\/www.regioncuatronoticias.com\/index.php\/wp-json\/wp\/v2\/posts\/40774\/revisions\/40776"}],"wp:featuredmedia":[{"embeddable":true,"href":"https:\/\/www.regioncuatronoticias.com\/index.php\/wp-json\/wp\/v2\/media\/40775"}],"wp:attachment":[{"href":"https:\/\/www.regioncuatronoticias.com\/index.php\/wp-json\/wp\/v2\/media?parent=40774"}],"wp:term":[{"taxonomy":"category","embeddable":true,"href":"https:\/\/www.regioncuatronoticias.com\/index.php\/wp-json\/wp\/v2\/categories?post=40774"},{"taxonomy":"post_tag","embeddable":true,"href":"https:\/\/www.regioncuatronoticias.com\/index.php\/wp-json\/wp\/v2\/tags?post=40774"}],"curies":[{"name":"wp","href":"https:\/\/api.w.org\/{rel}","templated":true}]}}