{"id":40765,"date":"2026-04-27T21:45:09","date_gmt":"2026-04-28T04:45:09","guid":{"rendered":"https:\/\/www.regioncuatronoticias.com\/?p=40765"},"modified":"2026-04-27T21:45:12","modified_gmt":"2026-04-28T04:45:12","slug":"hay-o-no-hay-maximato","status":"publish","type":"post","link":"https:\/\/www.regioncuatronoticias.com\/index.php\/2026\/04\/27\/hay-o-no-hay-maximato\/","title":{"rendered":"\u00bfHay o no hay Maximato?"},"content":{"rendered":"\n<p><strong>Columna Corren Rumores<\/strong><\/p>\n\n\n\n<p><strong>Hilario Olea<\/strong><\/p>\n\n\n\n<p><strong>\u00bfHay o no hay Maximato?<\/strong><\/p>\n\n\n\n<p><strong>Martes 28 de abril de 2026<\/strong><\/p>\n\n\n\n<p><strong>MOVIMIENTOS A MODO\u2026 <\/strong>Estuvo bueno el debate en espacios de opini\u00f3n y redes sociales en torno a si hay o no hay Maximato en este momento. Las dudas quedan porque por un lado mueven piezas del marques de Palenque como el caso de su hijo Andy L\u00f3pez Beltr\u00e1n, a quien mandan a perder a Coahuila. Pero por otro dicen que la nueva dirigente de Morena Ariadna Montiel es 100% de L\u00f3pez Obrador, y el movimiento de sacar de la jugada a Luisa Mar\u00eda Alcalde es para taparle el ojo al macho. El punto es que no se necesitaba cubrir apariencias, porque a fin de cuentas les vale una pura y dos con sal lo que la ciudadan\u00eda opine de los que est\u00e1n al mando. Esto hace que la lectura de los cambios sea m\u00e1s complicada. Lo cierto es que si revisamos la historia, recordaremos que a L\u00e1zaro C\u00e1rdenas le tom\u00f3 dos a\u00f1os sacudirse el caudillaje de Plutarco El\u00edas Calles, pero al fin lo hizo al exiliarlo a Estados Unidos y desparecer todo poder, desde el gabinete, jefaturas militares, gobernadores y hasta alcaldes, comenzando por Sonora. Pero esto apenas empieza.<\/p>\n\n\n\n<p><strong>LA LISTA DE LOS BUENOS\u2026 &nbsp;<\/strong>En donde se sabr\u00e1 qui\u00e9n es qui\u00e9n en los precios ser\u00e1 en la lista de los candidatos a gobernadores. Ah\u00ed se sabr\u00e1 si es la presidenta Claudia Sheinbaum la que tiene el poder para poder designar o bien, tiene que resignarse y aceptar la lista de nombres que le vengan desde Palenque. En Sonora por lo pronto dicen que hay dos finalistas y varios aspirantes. Lorenia Valles aparece en primer\u00edsimo lugar en todas las encuestas, seguido de Javier Lamarque, a quien ya se le est\u00e1 alborotando el gallinero porque mientras anda en campa\u00f1a por todo el estado, en su municipio hay un verdadero desastre. No debemos dar por perdidos a otros que aspiran como C\u00e9lida L\u00f3pez aunque su marca sea del PT. En estos d\u00edas sabremos m\u00e1s sobre por donde se inclina la balanza.<\/p>\n\n\n\n<p><strong>MOSTR\u00d3 EL M\u00daSCULO\u2026 <\/strong>Nos comentan que quien mostr\u00f3 el m\u00fasculo el pasado fin de semana fue Fernando Rojo de la Vega, actual secretario estatal de Bienestar. Tal y como lo hab\u00eda anunciado desde hace semanas ya levant\u00f3 la mano aprovechando las fortalezas que tiene a su favor. Porque no deben olvidar que, sin presumirlo, pero es uno de los personajes m\u00e1s cercanos a la estimaci\u00f3n del gobernador y por lo mismo goza de sus simpat\u00edas y apoyos, adem\u00e1s de estar seguro de su lealtad. Pero no va por la gubernatura, sino que est\u00e1 apuntando a la posibilidad de estar en la boleta electoral de la alcald\u00eda de Hermosillo. Adem\u00e1s, este funcionario dio muestra de que tiene capacidad para operar situaciones dif\u00edciles y adem\u00e1s cubrir perfectamente a su jefe. Ya tuvo un primer evento con buena convocatoria. De modo que les aconsejo no lo pierdan de vista.<\/p>\n\n\n\n<p><strong>OTRA LICENCIA\u2026 <\/strong>En ameno coloquio con colegas, el senador Manlio Fabio Beltrones, no solo hizo profunda reflexi\u00f3n sobre el escenario pol\u00edtico actual del pa\u00eds, sino que le puso m\u00e1s sabor al asunto al anunciar que para cuando se nombre la comisi\u00f3n permanente del Senado pedir\u00e1 licencia y de nuevo dejar\u00e1 a su suplente para que le atienda el changarro. Esto, sin duda, llama la atenci\u00f3n porque significa que veremos de nuevo a un pol\u00edtico veterano operando pol\u00edticamente en los m\u00e1s altos niveles. Esto sin duda deber\u00e1 molestar a Alito Moreno, quien no lo puede ver ni en pintura, pero sobre todo al oficialismo porque Beltrones a querer y no, es una muestra seria de lo que es operar desde la oposici\u00f3n. No olviden su pasado, como cuando casi fue vicepresidente en tiempos de Felipe Calder\u00f3n. Por lo mismo, seguramente trae una agenda muy interesante para estar operando, no solo desde fuera, sino con los espacios pol\u00edticos donde le den campito que sin duda pueden ser toda una sorpresa.<\/p>\n\n\n\n<p><strong>En fin, por eso mejor recuerden lo que dijo el L\u00e1ngaro L\u00f3pez: Caballo que empata, es que pag\u00f3 por una buena encuesta. Sale.<\/strong><\/p>\n\n\n\n<p><strong>S\u00edganos en la cuenta de X o Twitter @hilarioolea.<\/strong><\/p>\n\n\n\n<p><strong>Pueden vernos de lunes a viernes de 8 a 9 de la noche en nuestro canal de YouTube \u201cEntre Todos Digital\u201d.<\/strong><\/p>\n\n\n\n<p><strong>Sigan nuestras redes sociales<\/strong><\/p>\n","protected":false},"excerpt":{"rendered":"<p>Columna Corren Rumores Hilario Olea \u00bfHay o no hay Maximato? Martes 28 de abril de 2026 MOVIMIENTOS A MODO\u2026 Estuvo bueno el debate en espacios de opini\u00f3n y redes sociales en torno a si hay o no hay Maximato en este momento. Las dudas quedan porque por un lado mueven piezas del marques de Palenque [&hellip;]<\/p>\n","protected":false},"author":1,"featured_media":40766,"comment_status":"open","ping_status":"open","sticky":false,"template":"","format":"standard","meta":{"content-type":"","footnotes":""},"categories":[121],"tags":[],"class_list":{"0":"post-40765","1":"post","2":"type-post","3":"status-publish","4":"format-standard","5":"has-post-thumbnail","7":"category-hilarioolea"},"_links":{"self":[{"href":"https:\/\/www.regioncuatronoticias.com\/index.php\/wp-json\/wp\/v2\/posts\/40765","targetHints":{"allow":["GET"]}}],"collection":[{"href":"https:\/\/www.regioncuatronoticias.com\/index.php\/wp-json\/wp\/v2\/posts"}],"about":[{"href":"https:\/\/www.regioncuatronoticias.com\/index.php\/wp-json\/wp\/v2\/types\/post"}],"author":[{"embeddable":true,"href":"https:\/\/www.regioncuatronoticias.com\/index.php\/wp-json\/wp\/v2\/users\/1"}],"replies":[{"embeddable":true,"href":"https:\/\/www.regioncuatronoticias.com\/index.php\/wp-json\/wp\/v2\/comments?post=40765"}],"version-history":[{"count":1,"href":"https:\/\/www.regioncuatronoticias.com\/index.php\/wp-json\/wp\/v2\/posts\/40765\/revisions"}],"predecessor-version":[{"id":40767,"href":"https:\/\/www.regioncuatronoticias.com\/index.php\/wp-json\/wp\/v2\/posts\/40765\/revisions\/40767"}],"wp:featuredmedia":[{"embeddable":true,"href":"https:\/\/www.regioncuatronoticias.com\/index.php\/wp-json\/wp\/v2\/media\/40766"}],"wp:attachment":[{"href":"https:\/\/www.regioncuatronoticias.com\/index.php\/wp-json\/wp\/v2\/media?parent=40765"}],"wp:term":[{"taxonomy":"category","embeddable":true,"href":"https:\/\/www.regioncuatronoticias.com\/index.php\/wp-json\/wp\/v2\/categories?post=40765"},{"taxonomy":"post_tag","embeddable":true,"href":"https:\/\/www.regioncuatronoticias.com\/index.php\/wp-json\/wp\/v2\/tags?post=40765"}],"curies":[{"name":"wp","href":"https:\/\/api.w.org\/{rel}","templated":true}]}}