{"id":40754,"date":"2026-04-27T15:01:57","date_gmt":"2026-04-27T22:01:57","guid":{"rendered":"https:\/\/www.regioncuatronoticias.com\/?p=40754"},"modified":"2026-04-27T15:02:04","modified_gmt":"2026-04-27T22:02:04","slug":"unison-negociaciones-en-punto-muerto","status":"publish","type":"post","link":"https:\/\/www.regioncuatronoticias.com\/index.php\/2026\/04\/27\/unison-negociaciones-en-punto-muerto\/","title":{"rendered":"Unison: negociaciones en punto muerto"},"content":{"rendered":"\n<p><strong>Columna El Zancudo<\/strong><\/p>\n\n\n\n<p><strong>Arturo Soto Mungu\u00eda<\/strong><\/p>\n\n\n\n<p><strong>Unison: negociaciones en punto muerto<\/strong><\/p>\n\n\n\n<p><strong>Lunes 27 de abril de 2026&nbsp;<\/strong><\/p>\n\n\n\n<p>A tres d\u00edas de que el sindicato de acad\u00e9micos (STAUS) de la Universidad de Sonora lleve a cabo su asamblea general en la que habr\u00e1n de decidir si estallan la huelga (30 de abril), los \u00faltimos reportes indican que las negociaciones no han fructificado: la autoridad universitaria mantiene su ofrecimiento en el tope salarial del 4%, lo que es considerado insuficiente por los profesores.<\/p>\n\n\n\n<p>&nbsp;Mientras tanto, el paro de labores del sindicato de trabajadores y empleados (STEUS) va para su tercera semana y las negociaciones se mantienen en un punto muerto: el de un esquema de incrementos salariales que mantiene el 4% para los niveles m\u00e1s altos, y va creciendo para los de menores ingresos (hasta el 12.89% para el nivel 1), mismo que no fue aceptado por el sindicato.<\/p>\n\n\n\n<p>&nbsp;Tampoco aceptaron la parte correspondiente a prestaciones no ligadas al salario por un monto de 4.9 mdp.<\/p>\n\n\n\n<p>&nbsp;El panorama no luce alentador, sobre todo porque Rector\u00eda no parece mostrar voluntad de di\u00e1logo ni para \u2018abrir la chequera\u2019 y el conflicto podr\u00eda agudizarse.<\/p>\n\n\n\n<p>&nbsp;Desde el gobierno del estado se insiste en mantener las mesas de negociaciones (hoy habr\u00e1 otra entre STAUS y Rector\u00eda) y ha difundido informaci\u00f3n sobre recursos extraordinarios destinados a la Unison en los \u00faltimos a\u00f1os. En su m\u00e1s reciente conferencia semanal, el gobernador Alfonso Durazo explic\u00f3 que desde el 2022 se han destinado 558 mdp, sobre todo para atender demandas salariales y contractuales de docentes y trabajadores, pero eso no ha evitado que se vayan a la huelga en tres ocasiones. Este a\u00f1o se orientaron 167 mdp adicionales a la parte correspondiente al estado en el convenio que mantiene con la federaci\u00f3n (50\/50).<\/p>\n\n\n\n<p>&nbsp;En la semana, tambi\u00e9n trascendi\u00f3 que, de acuerdo a informaci\u00f3n extra\u00edda de las plataformas de transparencia de ambos sindicatos y del presupuesto de la Unison, la Universidad ha destinado m\u00e1s de 114 mdp entre 2020 y 2025 para las dirigencias sindicales, que en el caso del STAUS corresponden a gastos en becas, honorarios y eventos acad\u00e9micos, as\u00ed como celebraciones, eventos sindicales y actividades deportivas, mientras que el STEUS reporta gasto en posadas, alimentos, m\u00fasica y log\u00edstica de eventos sociales. Este a\u00f1o el presupuesto estatal contempla 22.6 mdp adicionales.<\/p>\n\n\n\n<p>&nbsp;Lo cierto tambi\u00e9n es que al gobierno federal progresista de Claudia Sheinbaum le ha parecido buena idea mantener el muy neoliberal tope salarial en un 4% (por debajo de la inflaci\u00f3n) y el poder adquisitivo de los acad\u00e9micos y empleados universitarios se ha ido deteriorando en los \u00faltimos a\u00f1os.<\/p>\n\n\n\n<p>&nbsp;<strong>II<\/strong><\/p>\n\n\n\n<p>&nbsp;Se hizo grande el mitote en Hermosillo con un evento convocado por Morena, pero donde el foco estuvo puesto en el secretario de Desarrollo Social estatal, Fernando Rojo de la Vega; el evento fue interpretado como el arranque de su precandidatura a la alcald\u00eda capitalina, aunque luego digan que nom\u00e1s andaba visibilizando su trabajo.<\/p>\n\n\n\n<p>&nbsp;Al a\u00fan joven funcionario le llovi\u00f3 fuego amigo, y es que no est\u00e1n ustedes para saberlo pero yo s\u00ed para contarlo, las diferentes corrientes que coexisten en la coalici\u00f3n que encabeza Morena ya entraron en ruta de confrontaci\u00f3n y comienzan a menudear los celos y las grillas en la carrera por el posicionamiento preelectoral, donde algunos (as) intuyen que hay favoritos (as).<\/p>\n\n\n\n<p>&nbsp;En lo sucesivo veremos m\u00e1s episodios como este, porque las intensidades est\u00e1n escalando.<\/p>\n\n\n\n<p>&nbsp;III<\/p>\n\n\n\n<p>&nbsp;En el otro frente no cantan mal las rancheras. El fin de semana le mandaron un mensaje a Alejandro L\u00f3pez Caballero a trav\u00e9s de la columna Templo Mayor, en el peri\u00f3dico Reforma, con el que pretenden meterle el freno de mano a sus aspiraciones de mantenerse en la carrera por la candidatura a la alcald\u00eda, del PAN.<\/p>\n\n\n\n<p>&nbsp;Al ex alcalde le recuerdan que habr\u00eda dejado algunos pendientes durante su paso por la administraci\u00f3n municipal, y las huellas dactilares del mensaje parecen claras como para identificar el origen, que podr\u00eda encontrarse en el mism\u00edsimo Palacio Municipal.<\/p>\n\n\n\n<p>&nbsp;Una lectura complementaria indica que el ex alcalde realmente tiene posibilidades de ganar la candidatura, de otra manera no se estar\u00edan ocupando de su figura. Por cierto, hace poco convers\u00e9 brevemente con \u00e9l y no solo me confirm\u00f3 que competir\u00eda, sino que solt\u00f3 dos lac\u00f3nicas palabras: \u201cvoy a ganar\u201d.<\/p>\n\n\n\n<p>&nbsp;T\u00f3mala.<\/p>\n\n\n\n<p>&nbsp;<strong>IV<\/strong><\/p>\n\n\n\n<p>&nbsp;Y a prop\u00f3sito de visibilizaciones, el que tambi\u00e9n anda en esos afanes es el alcalde de Hermosillo, Antonio Astiazar\u00e1n, que el fin de semana viaj\u00f3 hasta la esquina noroeste de la entidad, para sostener encuentros con habitantes de San Luis R\u00edo Colorado, Caborca, Puerto Pe\u00f1asco y la Y Griega.<\/p>\n\n\n\n<p>&nbsp;Desde luego que no anda en campa\u00f1a, nom\u00e1s anda visibilizando el trabajo que lleva a cabo en el Ayuntamiento, a invitaci\u00f3n de la Asociaci\u00f3n Civil Sonora con Todo, encargada de convocar, en este caso a los sectores que se reunieron con \u00e9l: maestros, agricultores, empresarios e ind\u00edgenas mixtecos, triquis y zapotecos que viven en el \u00e1rea rural de Caborca, entre otros, que escucharon los detalles de programas como el presupuesto CRECES y los relativos a la electromovilidad e infraestructura.<\/p>\n\n\n\n<p>&nbsp;De acuerdo con el reporte, el alcalde se reuni\u00f3 con m\u00e1s de dos mil personas en estos eventos, donde expuso tambi\u00e9n el programa de patrullas el\u00e9ctricas, el H Bus, entre otros, y entreg\u00f3 reconocimientos a asociaciones civiles que participan en la red de Sonora con Todo.<\/p>\n\n\n\n<p>&nbsp;<strong>V<\/strong><\/p>\n\n\n\n<p>&nbsp;Y mientras el To\u00f1o andaba en campa\u00f1a, digo, en la visibilizaci\u00f3n, el gobernador Alfonso Durazo estuvo tambi\u00e9n en Caborca, pero trabajando en la supervisi\u00f3n de la planta tratadora de residuos s\u00f3lidos urbanos, donde se invierten 180 mdp y permitir\u00e1 procesar cinco toneladas de neum\u00e1ticos diariamente, permitiendo la recuperaci\u00f3n de materiales reciclables.<\/p>\n\n\n\n<p>&nbsp;Este proyecto es pionero en el manejo integral de residuos y puede ser un modelo replicable en otros municipios de la entidad, usando componentes de alta tecnolog\u00eda: planta separadora, planta de gasificaci\u00f3n y una planta de pir\u00f3lisis (descomposici\u00f3n qu\u00edmica de materiales org\u00e1nicos a altas temperaturas, pero sin combusti\u00f3n), lo que permitir\u00e1 adem\u00e1s de la recuperaci\u00f3n de materiales, producir aceite pirol\u00edtico y reducir los residuos, con beneficios ambientales y de salud p\u00fablica.<\/p>\n\n\n\n<p>&nbsp;Esta planta representa, dijo, la eliminaci\u00f3n progresiva del tiradero a cielo abierto, reducci\u00f3n de contaminaci\u00f3n de suelo, aire y agua, disminuci\u00f3n de emisiones por quema de residuos, adem\u00e1s de beneficios financieros al evitar multas por incumplimiento ambiental, generando ingresos por la valorizaci\u00f3n de residuos, y creando empleos.<\/p>\n\n\n\n<p>&nbsp;<strong>Tambi\u00e9n me puedes seguir en X: @Chaposoto<\/strong><\/p>\n\n\n\n<p><strong>Visita www.elzancudo.com.mx<\/strong><\/p>\n","protected":false},"excerpt":{"rendered":"<p>Columna El Zancudo Arturo Soto Mungu\u00eda Unison: negociaciones en punto muerto Lunes 27 de abril de 2026&nbsp; A tres d\u00edas de que el sindicato de acad\u00e9micos (STAUS) de la Universidad de Sonora lleve a cabo su asamblea general en la que habr\u00e1n de decidir si estallan la huelga (30 de abril), los \u00faltimos reportes indican [&hellip;]<\/p>\n","protected":false},"author":1,"featured_media":40755,"comment_status":"open","ping_status":"open","sticky":false,"template":"","format":"standard","meta":{"content-type":"","footnotes":""},"categories":[125],"tags":[],"class_list":{"0":"post-40754","1":"post","2":"type-post","3":"status-publish","4":"format-standard","5":"has-post-thumbnail","7":"category-arturo-soto-munguia"},"_links":{"self":[{"href":"https:\/\/www.regioncuatronoticias.com\/index.php\/wp-json\/wp\/v2\/posts\/40754","targetHints":{"allow":["GET"]}}],"collection":[{"href":"https:\/\/www.regioncuatronoticias.com\/index.php\/wp-json\/wp\/v2\/posts"}],"about":[{"href":"https:\/\/www.regioncuatronoticias.com\/index.php\/wp-json\/wp\/v2\/types\/post"}],"author":[{"embeddable":true,"href":"https:\/\/www.regioncuatronoticias.com\/index.php\/wp-json\/wp\/v2\/users\/1"}],"replies":[{"embeddable":true,"href":"https:\/\/www.regioncuatronoticias.com\/index.php\/wp-json\/wp\/v2\/comments?post=40754"}],"version-history":[{"count":1,"href":"https:\/\/www.regioncuatronoticias.com\/index.php\/wp-json\/wp\/v2\/posts\/40754\/revisions"}],"predecessor-version":[{"id":40756,"href":"https:\/\/www.regioncuatronoticias.com\/index.php\/wp-json\/wp\/v2\/posts\/40754\/revisions\/40756"}],"wp:featuredmedia":[{"embeddable":true,"href":"https:\/\/www.regioncuatronoticias.com\/index.php\/wp-json\/wp\/v2\/media\/40755"}],"wp:attachment":[{"href":"https:\/\/www.regioncuatronoticias.com\/index.php\/wp-json\/wp\/v2\/media?parent=40754"}],"wp:term":[{"taxonomy":"category","embeddable":true,"href":"https:\/\/www.regioncuatronoticias.com\/index.php\/wp-json\/wp\/v2\/categories?post=40754"},{"taxonomy":"post_tag","embeddable":true,"href":"https:\/\/www.regioncuatronoticias.com\/index.php\/wp-json\/wp\/v2\/tags?post=40754"}],"curies":[{"name":"wp","href":"https:\/\/api.w.org\/{rel}","templated":true}]}}