{"id":40740,"date":"2026-04-26T23:34:31","date_gmt":"2026-04-27T06:34:31","guid":{"rendered":"https:\/\/www.regioncuatronoticias.com\/?p=40740"},"modified":"2026-04-26T23:34:36","modified_gmt":"2026-04-27T06:34:36","slug":"artificios","status":"publish","type":"post","link":"https:\/\/www.regioncuatronoticias.com\/index.php\/2026\/04\/26\/artificios\/","title":{"rendered":"Artificios"},"content":{"rendered":"\n<p><strong>Columna Encuadre<\/strong><\/p>\n\n\n\n<p><strong>Jos\u00e9 F. Medina<\/strong><\/p>\n\n\n\n<p><strong>&nbsp;Artificios<\/strong><\/p>\n\n\n\n<p><strong>Lunes 27 de abril de 2026<\/strong><\/p>\n\n\n\n<p>De tiempo atr\u00e1s vengo escuchando que Morena con cualquier candidato gana. Por supuesto que eso no es necesariamente cierto. Ser\u00eda tanto como insultar la inteligencia de los votantes.<\/p>\n\n\n\n<p>Lo que s\u00ed, es que en procesos electorales m\u00e1s o menos recientes, arropados por olas personales (remember ola Fox y el tsunami L\u00f3pez Obrador), algunos personajes se montaron en ellas, y sin ning\u00fan m\u00e9rito partidista y menos individual, accedieron a cargos de elecci\u00f3n popular, en donde ense\u00f1aron el cobre y su nula preparaci\u00f3n, cargando luego con la verg\u00fcenza de su err\u00e1tico proceder.<\/p>\n\n\n\n<p>El empuje de \u201cpadrinazgos\u201d fue un factor determinante. No tiene la culpa el indio sino quien lo hace compadre, reza la conseja popular.<\/p>\n\n\n\n<p>Quiz\u00e1 para no estar a expensas de esas \u201colas\u201d, alguien se ha empe\u00f1ado en hacer crecer artificialmente a Fernando Rojo de la Vega como la mejor carta de Morena para la candidatura a la presidencia municipal de Hermosillo.<\/p>\n\n\n\n<p>Aunque no es un mal muchacho, me parece que ese \u201calguien\u201d va a morir \u2013pol\u00edticamente- en el intento\u2026a menos que la nomenklatura guinda se encapriche.<\/p>\n\n\n\n<p>Mire usted: desde hace varias semanas, los siete aspirantes morenistas m\u00e1s visibles a la alcald\u00eda hermosillense son medidos para establecer el grado de reconocimiento y la confianza de la gente en su empe\u00f1o por alcanzar la joya de la corona de los municipios, electoralmente hablando.<\/p>\n\n\n\n<p>Eduwiges \u201cVicky\u201d Espinoza, Fernando Rojo de la Vega, Froyl\u00e1n G\u00e1mez, Norberto Barraza, Omar del Valle, Paulina Oca\u00f1a y Wendy Brise\u00f1o (citados en estricto orden alfab\u00e9tico para no causar ning\u00fan sentimiento maledicente) son sometidos al escrutinio del respetable, para medir sus reales posibilidades.<\/p>\n\n\n\n<p>Por lo que s\u00e9, de manera inusitada para la imaginaria morenista, el ingeniero Barraza ha salido el mejor calificado y Rojo de la Vega el peor, entre los varones; y entre las mujeres, Vicky Espinoza la m\u00e1s rezagada, y Wendy Brise\u00f1o, al frente.<\/p>\n\n\n\n<p>Y esto no es gratuito: en el caso del otrora aspirante a fundar el partido \u201cVamos\u201d en Sonora, es un personaje reconocido por su trabajo en servicios p\u00fablicos municipales y ahora como diputado local, y Wendy por su paso como diputada federal, secretaria de Desarrollo Social (hoy del Bienestar) y su talacha partidista por tierra, con el aderezo de ser de las primeras que abrazaron el proyecto de Morena a nivel local.<\/p>\n\n\n\n<p>Es en este entramado que el pasado s\u00e1bado se realiz\u00f3 un foro titulado de An\u00e1lisis por la Integraci\u00f3n y Transformaci\u00f3n Social aqu\u00ed en Hermosillo, evento convocado presuntamente por Rojo de la Vega; aprovech\u00e1ndolo, y de manera coincidente, las redes sociales de algunos colegas fueron empujadas por alguna manita para destacar la \u201cgran\u201d convocatoria realizada por el joven Rojo de la Vega. La narrativa fue que mostr\u00f3 \u201cm\u00fasculo\u201d.<\/p>\n\n\n\n<p>Sin embargo, no faltaron los malpensados que aseguraran que dicha convocatoria fue \u201cama\u00f1ada\u201d, porque se utiliz\u00f3 la estructura partidista, y no precisamente la del se\u00f1or Rojo, de quien los malquerientes tambi\u00e9n afirman que junta m\u00e1s un choque de bicicletas en Empalme que el muchacho en cuesti\u00f3n.<\/p>\n\n\n\n<p>Y no lo digo en mal plan, pero antes de que el gobernador Durazo le brindase la oportunidad de asumir la titularidad como secretario del Bienestar en Sonora, Fernando era pr\u00e1cticamente un perfecto desconocido fuera del c\u00edrculo rojo del poder, por su casi nulo trabajo de tierra. Si acaso hab\u00eda participado \u2013dicen, no me consta- como representante de Sheinbaum en la elecci\u00f3n presidencial interna.<\/p>\n\n\n\n<p>Con sus defectos y virtudes, el joven Rojo de la Vega no es un mal perfil; es m\u00e1s, puede llegar a convertirse en un potencial aspirante \u201ca algo\u201d, pero en pol\u00edtica, inflar artificialmente a un pretenso es envolverlo en un manto de vulnerabilidad.<\/p>\n\n\n\n<p>Despojen a algunos \u201csuspirantes\u201d de sus cargos que hoy por hoy ocupan en el gobierno, con todo lo que eso signifique, y entonces veremos qu\u00e9 tan serias y qu\u00e9 tan reales son sus posibilidades electorales.<\/p>\n\n\n\n<p>El caso es que \u201clas peras se ponen a veinticinco\u201d en la elecci\u00f3n interna del partido oficial para la alcald\u00eda de Hermosillo. Los morenistas apuestan a que el gran dedo elector no se equivoque con el candidato (a), porque har\u00eda buena la sospecha aquella de que el partido guinda rendir\u00e1 la plaza a la oposici\u00f3n. En cuanto sepamos qui\u00e9n ser\u00e1 la buena o el bueno, ya sabremos si es cierto o no.<\/p>\n\n\n\n<p>Si la elecci\u00f3n interna fuese hoy, Barraza y Wendy ser\u00edan los finalistas. Dicen.<\/p>\n\n\n\n<p><strong>&nbsp;ENCUADRES DESTACADOS<\/strong><\/p>\n\n\n\n<p>La doctora Rene\u00e9 Alejandra Palacios Castro rindi\u00f3 protesta hace unos d\u00edas como la nueva directora del Centro Estatal de Trasplantes (CEESTRA), ante el secretario de Salud, Jos\u00e9 Luis Alom\u00eda, en reconocimiento a su trayectoria, compromiso y vocaci\u00f3n de servicio. Sustituye en el cargo al doctor H\u00e9ctor Manuel Esparza Ledezma.<\/p>\n\n\n\n<p>La joven doctora Palacios Castro es hija de una querida amiga, Mercedes Castro, por lo que me complace asegurarles que su liderazgo fortalecer\u00e1 el trabajo institucional de este centro.<\/p>\n\n\n\n<p>\u00a1Enhorabuena!<\/p>\n\n\n\n<p>Y para seguir con las buenas noticias, aplaudir tambi\u00e9n el desempe\u00f1o de los 65 estudiantes de la Universidad Tecnol\u00f3gica de Hermosillo que participaron en los Juegos Culturales y Deportivos Nayarit 2026 entre universidades tecnol\u00f3gicas y polit\u00e9cnicas del pa\u00eds, al conquistar tres medallas de oro, una de plata y tres de bronce.<\/p>\n\n\n\n<p>J\u00f3venes como Javier Andr\u00e9s Amaya, quien fue reconocido como el Jugador M\u00e1s Valioso del torneo, as\u00ed como Gonzalo Morales, Luis Salcido, Bruno Grijalva, Ra\u00fal Figueroa y Jared G\u00e1laviz, escribieron una p\u00e1gina dorada en la historia deportiva de la UTH al coronarse bicampeones nacionales en baloncesto.<\/p>\n\n\n\n<p>La taewandol\u00edn Odalys Guadalupe Bustillos y la lanzadora de disco, Sinah\u00ed Bustillos, tambi\u00e9n se trajeron medalla de oro del certamen. Y qu\u00e9 decir de las jugadoras de volibol de playa, Karima Rojas, Paola Platas y Jeaninne Encinas, que obtuvieron la presea de plata.<\/p>\n\n\n\n<p>Con medalla de bronce se alzaron las atletas Sinah\u00ed Bustillos, nuevamente, junto con Laura Mar\u00eda Molina; Javier Zazueta obtuvo un tercer lugar nacional en canto.<\/p>\n\n\n\n<p>\u00a1Felicidades a la pujante comunidad de la UTH, encabezada por su rector Abel Leyva!<\/p>\n\n\n\n<p><strong>&nbsp;ENCUADRE PUNZANTE<\/strong><\/p>\n\n\n\n<p>1). Ante las terribles fallas en materia de seguridad del pa\u00eds m\u00e1s poderoso y armamentista del mundo, causa un enorme sospechosismo eso del presunto atentado a su presidente Trump. M\u00e1s a\u00fan cuando el \u00edndice de popularidad de Mr. Orange se encuentra por los suelos debido a su decisi\u00f3n de llevar a Estados Unidos a la guerra contra Ir\u00e1n. No hay que olvidar que nuestros primos gringos son expertos en el reality show.<\/p>\n\n\n\n<p>2). Qu\u00e9 buen repas\u00f3n les peg\u00f3 hace unos d\u00edas el diputado Juan Pablo \u201cWasapraka\u201d Arenivar a sus colegas morenistas y aliados en el congreso sonorense, por su actitud tramposa de sesionar de noche y a puerta cerrada para aprobar reformas a la Ley Org\u00e1nica del Poder Legislativo, sin la asistencia de los diputados de oposici\u00f3n porque no fueron convocados. Lo menos que dijo es que a este congreso se le debiese retirar la H, de honorable. Y no le falta raz\u00f3n.<\/p>\n\n\n\n<p>3). Y como dicen que las malas noticias no vienen solas, los diputados oficialistas tendr\u00e1n que apechugar tambi\u00e9n el rev\u00e9s que les acaba de propinar el Tribunal Electoral del Poder Judicial de la Federaci\u00f3n con sede en Guadalajara, por sus agandalles legislativos en perjuicio de la oposici\u00f3n, a decir de los querellantes, la diputada Gabriela F\u00e9lix y el diputado Manuel Scott, de Movimiento Ciudadano.<\/p>\n\n\n\n<p>4). Sin variar en nada los ofrecimientos salarial y de prestaciones, la Comisi\u00f3n Negociadora del Sindicato de Acad\u00e9micos de la Universidad de Sonora reanudar\u00e1 este lunes la ronda de pl\u00e1ticas con la autoridad universitaria, con muy pocas esperanzas de obtener una respuesta positiva a sus demandas. Por eso, para este martes 28, el STAUS convoca a su en\u00e9sima marcha, a partir de las 8:30 de la ma\u00f1ana, con rumbo a palacio de gobierno. Para el mi\u00e9rcoles se declara en asamblea general extraordinaria permanente, y el jueves realiza la votaci\u00f3n para decidir sobre su estallamiento a huelga. D\u00edas cruciales, y el tiempo de agota. Tic tac, tic tac.<\/p>\n\n\n\n<p>IN PROXIMUM<\/p>\n\n\n\n<p>CARPE DIEM<\/p>\n\n\n\n<p><strong>&nbsp;Me puedes seguir en FB: Jos\u00e9 F. Medina<\/strong><\/p>\n\n\n\n<p><strong>Tambi\u00e9n en X: @josefe31, @fm_informativo<\/strong><\/p>\n\n\n\n<p><strong>Correo electr\u00f3nico: josefe31@gmail.com<\/strong><\/p>\n\n\n\n<p><strong>FMINFORMATIVO.COM<\/strong><\/p>\n\n\n\n<p><\/p>\n","protected":false},"excerpt":{"rendered":"<p>Columna Encuadre Jos\u00e9 F. Medina &nbsp;Artificios Lunes 27 de abril de 2026 De tiempo atr\u00e1s vengo escuchando que Morena con cualquier candidato gana. Por supuesto que eso no es necesariamente cierto. Ser\u00eda tanto como insultar la inteligencia de los votantes. Lo que s\u00ed, es que en procesos electorales m\u00e1s o menos recientes, arropados por olas [&hellip;]<\/p>\n","protected":false},"author":1,"featured_media":40741,"comment_status":"open","ping_status":"open","sticky":false,"template":"","format":"standard","meta":{"content-type":"","footnotes":""},"categories":[122],"tags":[],"class_list":{"0":"post-40740","1":"post","2":"type-post","3":"status-publish","4":"format-standard","5":"has-post-thumbnail","7":"category-jose-felipe-medina"},"_links":{"self":[{"href":"https:\/\/www.regioncuatronoticias.com\/index.php\/wp-json\/wp\/v2\/posts\/40740","targetHints":{"allow":["GET"]}}],"collection":[{"href":"https:\/\/www.regioncuatronoticias.com\/index.php\/wp-json\/wp\/v2\/posts"}],"about":[{"href":"https:\/\/www.regioncuatronoticias.com\/index.php\/wp-json\/wp\/v2\/types\/post"}],"author":[{"embeddable":true,"href":"https:\/\/www.regioncuatronoticias.com\/index.php\/wp-json\/wp\/v2\/users\/1"}],"replies":[{"embeddable":true,"href":"https:\/\/www.regioncuatronoticias.com\/index.php\/wp-json\/wp\/v2\/comments?post=40740"}],"version-history":[{"count":1,"href":"https:\/\/www.regioncuatronoticias.com\/index.php\/wp-json\/wp\/v2\/posts\/40740\/revisions"}],"predecessor-version":[{"id":40742,"href":"https:\/\/www.regioncuatronoticias.com\/index.php\/wp-json\/wp\/v2\/posts\/40740\/revisions\/40742"}],"wp:featuredmedia":[{"embeddable":true,"href":"https:\/\/www.regioncuatronoticias.com\/index.php\/wp-json\/wp\/v2\/media\/40741"}],"wp:attachment":[{"href":"https:\/\/www.regioncuatronoticias.com\/index.php\/wp-json\/wp\/v2\/media?parent=40740"}],"wp:term":[{"taxonomy":"category","embeddable":true,"href":"https:\/\/www.regioncuatronoticias.com\/index.php\/wp-json\/wp\/v2\/categories?post=40740"},{"taxonomy":"post_tag","embeddable":true,"href":"https:\/\/www.regioncuatronoticias.com\/index.php\/wp-json\/wp\/v2\/tags?post=40740"}],"curies":[{"name":"wp","href":"https:\/\/api.w.org\/{rel}","templated":true}]}}