{"id":40728,"date":"2026-04-26T23:17:18","date_gmt":"2026-04-27T06:17:18","guid":{"rendered":"https:\/\/www.regioncuatronoticias.com\/?p=40728"},"modified":"2026-04-26T23:17:25","modified_gmt":"2026-04-27T06:17:25","slug":"y-el-tavo-apa","status":"publish","type":"post","link":"https:\/\/www.regioncuatronoticias.com\/index.php\/2026\/04\/26\/y-el-tavo-apa\/","title":{"rendered":"\u00bfY el Tavo, ap\u00e1?"},"content":{"rendered":"\n<p><strong>Columna Corren Rumores<\/strong><\/p>\n\n\n\n<p><strong>Hilario Olea<\/strong><\/p>\n\n\n\n<p><strong>\u00bfY el Tavo, ap\u00e1?<\/strong><\/p>\n\n\n\n<p><strong>Lunes 27 de abril de 2026<\/strong><\/p>\n\n\n\n<p><strong>PUEDEN CAMBIAR RUMBOS\u2026 <\/strong>No cabe duda de que la pol\u00edtica es cuesti\u00f3n de tiempos y circunstancias. Las cosas pueden cambiar de un momento a otro y hacer que lo seguro se caiga y surja lo imprevisto. Ya ven, como est\u00e1n variando las cosas con los \u00faltimos cambios en el gabinete y el partido oficial de Morena. Primero fue Citlalli Hern\u00e1ndez como responsable de elecciones y alianzas con los partidos pol\u00edticos, Luego rod\u00f3 la cabeza de Luisa Mar\u00eda Alcalde y la de Andy L\u00f3pez Beltr\u00e1n. Y ahora viene el nombramiento como dirigente del partido de Ariadna Montiel, la secretaria del Bienestar. Esto mueve por completo el tablero en la elecci\u00f3n de candidatos a gobernadores y es muy probable que las listas de los posibles entren en revisi\u00f3n. Hay que estar m\u00e1s que pendientes porque van a cambiar los rumbos.<\/p>\n\n\n\n<p><strong>\u00bfY TAVO, AP\u00c1?&#8230; <\/strong>Desde hace rato se ven\u00edan preguntando el caso del delegado del Bienestar, Octavio Almada. Uno de los funcionarios m\u00e1s talacheros y que a decir de los colegas es de los pocos que le han dado varias vueltas a todo el estado. Y a pesar de ello no lo han incluido en las encuestas de preferencias electorales y por lo mismo no se sabe c\u00f3mo est\u00e1 colocado en la contienda pol\u00edtica. Se especula que ha sido vetado desde palacio de gobierno y por eso no lo mencionan para nada. Pero es posible que este escenario cambie ahora que hay nueva dirigencia en Morena. Porque ser\u00eda la mar de interesante saber que tan bien, mal o regular est\u00e1 posicionado en la carrera del 2027. Hay nuevos factores que pueden mover la ecuaci\u00f3n.<\/p>\n\n\n\n<p><strong>CAMBIO DE MANDO\u2026 <\/strong>En estas novedades est\u00e1 el hecho de que ahora la nueva dirigente de Morena ser\u00e1 nada menos que la jefa de Octavio Almada y eso puede hacer que cambien algunos papeles. Si la relaci\u00f3n de Tavo con su exjefa es tan fuerte como se presumen, en autom\u00e1tico debe tener un campo en la lista de aspirantes. Pero esto lo veremos pronto en las encuestas de mayo. Si lo dejan fuera es se\u00f1al de que no est\u00e1 en los proyectos de Ariadna Montiel y sigue prevaleciendo el peso de palacio de gobierno. Ah, pero si ahora lo comienzan a medir puede pensarse que hay cambio de planes y esto hace que la competencia se vuelva m\u00e1s re\u00f1ida. Ya veremos en la semana si hay este cambio de rumbo.<\/p>\n\n\n\n<p><strong>LA \u00daLTIMA ENCUESTA\u2026<\/strong> Como prueba de que no quieren al Tavo Almada en la contienda es la \u00faltima encuesta publicada.. Es la de la empresa Electoralia, que le da una c\u00f3moda ventaja en las preferencias a la senadora Lorenia Valles con 33%. Le sigue Javier Lamarque con un 25%. Despu\u00e9s aparece Froyl\u00e1n G\u00e1mez con 9% y en cuarto y lejano sitio est\u00e1 C\u00e9lida L\u00f3pez con un 7%. Como se ve son pocos los integrantes del gabinete estatal, porque ahora los andan promoviendo para las alcald\u00edas. Tampoco le dieron juego al senador Heriberto Aguilar que parece ya se resign\u00f3 a contender por la alcald\u00eda de Guaymas que, dicho sea de paso, no es poca cosa. Pero, no se vayan que a partir de mayo comenzar\u00e1 la lluvia de encuestas y esperemos que para ser parejos ahora si incluyan a Tavo Almada, porque si lo siguen congelando hay que darlo por muerto electoralmente. Pero ojo porque ya se vino una ola de encuestas donde Lorenia aparece en punta.<\/p>\n\n\n\n<p><strong>SIN ARREGLO\u2026 <\/strong>La Unison lleva todas las de perder con el paro, porque oficialmente no es una huelga del STEUS, porque si no hay un arreglo esta semana se sumar\u00e1 la huelga de los acad\u00e9micos del STAUS. Todo esto ante la aparente indiferencia de las autoridades universitarias. Sumen al apoyo por dem\u00e1s ins\u00f3lito que un sector de estudiantes a esta huelga. Incluso est\u00e1 promoviendo una colecta de alimentos para los trabajadores en paro, a pesar de que los m\u00e1s afectados por este tipo de conflictos laborales sean los propios estudiantes. En fin, en esta semana se definir\u00e1n posiciones y situaciones.<\/p>\n\n\n\n<p><strong>En fin, como dijo la Tencha: Arrieros somos porque no alcance pensi\u00f3n. Sale<\/strong><\/p>\n\n\n\n<p><strong>S\u00edganos en la cuenta de X o Twitter @hilarioolea.<\/strong><\/p>\n\n\n\n<p><strong>Pueden vernos de lunes a viernes de 8 a 9 de la noche en nuestro canal de YouTube \u201cEntre<\/strong><\/p>\n\n\n\n<p><strong>Todos Digital\u201d.<\/strong><\/p>\n\n\n\n<p><strong>Sigan nuestras redes sociales<\/strong><\/p>\n","protected":false},"excerpt":{"rendered":"<p>Columna Corren Rumores Hilario Olea \u00bfY el Tavo, ap\u00e1? Lunes 27 de abril de 2026 PUEDEN CAMBIAR RUMBOS\u2026 No cabe duda de que la pol\u00edtica es cuesti\u00f3n de tiempos y circunstancias. Las cosas pueden cambiar de un momento a otro y hacer que lo seguro se caiga y surja lo imprevisto. Ya ven, como est\u00e1n [&hellip;]<\/p>\n","protected":false},"author":1,"featured_media":40729,"comment_status":"open","ping_status":"open","sticky":false,"template":"","format":"standard","meta":{"content-type":"","footnotes":""},"categories":[121],"tags":[],"class_list":{"0":"post-40728","1":"post","2":"type-post","3":"status-publish","4":"format-standard","5":"has-post-thumbnail","7":"category-hilarioolea"},"_links":{"self":[{"href":"https:\/\/www.regioncuatronoticias.com\/index.php\/wp-json\/wp\/v2\/posts\/40728","targetHints":{"allow":["GET"]}}],"collection":[{"href":"https:\/\/www.regioncuatronoticias.com\/index.php\/wp-json\/wp\/v2\/posts"}],"about":[{"href":"https:\/\/www.regioncuatronoticias.com\/index.php\/wp-json\/wp\/v2\/types\/post"}],"author":[{"embeddable":true,"href":"https:\/\/www.regioncuatronoticias.com\/index.php\/wp-json\/wp\/v2\/users\/1"}],"replies":[{"embeddable":true,"href":"https:\/\/www.regioncuatronoticias.com\/index.php\/wp-json\/wp\/v2\/comments?post=40728"}],"version-history":[{"count":1,"href":"https:\/\/www.regioncuatronoticias.com\/index.php\/wp-json\/wp\/v2\/posts\/40728\/revisions"}],"predecessor-version":[{"id":40730,"href":"https:\/\/www.regioncuatronoticias.com\/index.php\/wp-json\/wp\/v2\/posts\/40728\/revisions\/40730"}],"wp:featuredmedia":[{"embeddable":true,"href":"https:\/\/www.regioncuatronoticias.com\/index.php\/wp-json\/wp\/v2\/media\/40729"}],"wp:attachment":[{"href":"https:\/\/www.regioncuatronoticias.com\/index.php\/wp-json\/wp\/v2\/media?parent=40728"}],"wp:term":[{"taxonomy":"category","embeddable":true,"href":"https:\/\/www.regioncuatronoticias.com\/index.php\/wp-json\/wp\/v2\/categories?post=40728"},{"taxonomy":"post_tag","embeddable":true,"href":"https:\/\/www.regioncuatronoticias.com\/index.php\/wp-json\/wp\/v2\/tags?post=40728"}],"curies":[{"name":"wp","href":"https:\/\/api.w.org\/{rel}","templated":true}]}}