{"id":40722,"date":"2026-04-26T21:29:49","date_gmt":"2026-04-27T04:29:49","guid":{"rendered":"https:\/\/www.regioncuatronoticias.com\/?p=40722"},"modified":"2026-04-26T21:29:53","modified_gmt":"2026-04-27T04:29:53","slug":"desaparecen-a-diario-29-menores-en-cdmx-y-edomex-suman-10700-reportes-en-2025","status":"publish","type":"post","link":"https:\/\/www.regioncuatronoticias.com\/index.php\/2026\/04\/26\/desaparecen-a-diario-29-menores-en-cdmx-y-edomex-suman-10700-reportes-en-2025\/","title":{"rendered":"Desaparecen a diario 29 menores en CDMX y Edomex; suman 10,700 reportes en 2025"},"content":{"rendered":"\n<p><strong>La Red por los Derechos de la infancia en M\u00e9xico y el colectivo Hasta Encontrarles, realizan la cascarita por el d\u00eda de la ni\u00f1ez hasta encontrarles, en la Glorieta de las y de los desaparecidos, en Paseo de la Reforma, el 26 de abril del 2026.<\/strong><\/p>\n\n\n\n<p>Tomado de La Jornada<\/p>\n\n\n\n<p>C\u00e9sar Arellano Garc\u00eda<\/p>\n\n\n\n<p>Domingo 26 de abril de 2026<\/p>\n\n\n\n<p>Durante 2025 en el pa\u00eds se registraron 10 mil 700 reportes de desapariciones de ni\u00f1ez y adolescentes, principalmente en el estado y Ciudad de M\u00e9xico, as\u00ed como Tamaulipas, se\u00f1al\u00f3 Tania Ram\u00edrez, directora ejecutiva de la Red por los Derechos de la Infancia (Redim).<\/p>\n\n\n\n<p>&#8220;Esto quiere decir que hay 29 desapariciones al d\u00eda de alg\u00fan ni\u00f1o, ni\u00f1a o adolescente de 0 a 17 a\u00f1os. Afortunadamente muchos son encontrados&nbsp; con vida, pero siguen sin ser localizados casi 3 mil infantes&#8221;.<\/p>\n\n\n\n<p>Indic\u00f3 que el a\u00f1o pasado hubo mil 707 reportes por desapariciones de este sector de la poblaci\u00f3n, de los cuales 2 mil 856 segu\u00edan sin ser localizados, esto signific\u00f3, dijo, que la cantidad de ni\u00f1os ni\u00f1as y adolescentes reportados como alguna vez desaparecidos en el pa\u00eds, increment\u00f3 ligeramente 0.3 por ciento entre 2024 y 2025,&nbsp; es decir, de 10 mil 631 pas\u00f3 a 10 mil 707, mientras que el n\u00famero de personas, de cero a siete a\u00f1os, que contin\u00faan desaparecidas al 5 de enero de 2026 aument\u00f3 30.3 puntos porcentuales entre los mismos a\u00f1os de 2 mil 192 en 2024 a 2 mil 856 en 2025.<\/p>\n\n\n\n<p>&#8220;Uno de cada cinco casos reportados fueron registrados en el estado de M\u00e9xico con 4 mil 116 en total, el 8.9 por ciento en la Ciudad de M\u00e9xico con mil 628 y 8.6 por ciento en Tamaulipas con&nbsp; mil 738.&nbsp; Dos de cada cinco casos se concentran en estas tres entidades&#8221;.<\/p>\n\n\n\n<p>La Redim realiz\u00f3 la &#8220;Cascarita por el D\u00eda de la Ni\u00f1ez, Hasta encontrarles&#8221; en la Glorieta de las y los Desaparecidos, en Paseo de la Reforma, Ciudad de M\u00e9xico para visibilizar &#8220;la indolencia&#8221; de las autoridades para resolver este problema.<\/p>\n\n\n\n<p><a href=\"https:\/\/www.jornada.com.mx\/noticia\/2026\/04\/26\/politica\/desapariciones-de-menores-de-edad-en-cdmx-y-edomex-llegaron-a-10-mil-700-reportes-en-2025-redim\">https:\/\/www.jornada.com.mx\/noticia\/2026\/04\/26\/politica\/desapariciones-de-menores-de-edad-en-cdmx-y-edomex-llegaron-a-10-mil-700-reportes-en-2025-redim<\/a><\/p>\n","protected":false},"excerpt":{"rendered":"<p>La Red por los Derechos de la infancia en M\u00e9xico y el colectivo Hasta Encontrarles, realizan la cascarita por el d\u00eda de la ni\u00f1ez hasta encontrarles, en la Glorieta de las y de los desaparecidos, en Paseo de la Reforma, el 26 de abril del 2026. Tomado de La Jornada C\u00e9sar Arellano Garc\u00eda Domingo 26 [&hellip;]<\/p>\n","protected":false},"author":1,"featured_media":40723,"comment_status":"open","ping_status":"open","sticky":false,"template":"","format":"standard","meta":{"content-type":"","footnotes":""},"categories":[3,105,113],"tags":[],"class_list":{"0":"post-40722","1":"post","2":"type-post","3":"status-publish","4":"format-standard","5":"has-post-thumbnail","7":"category-mexico","8":"category-principal","9":"category-seguridad"},"_links":{"self":[{"href":"https:\/\/www.regioncuatronoticias.com\/index.php\/wp-json\/wp\/v2\/posts\/40722","targetHints":{"allow":["GET"]}}],"collection":[{"href":"https:\/\/www.regioncuatronoticias.com\/index.php\/wp-json\/wp\/v2\/posts"}],"about":[{"href":"https:\/\/www.regioncuatronoticias.com\/index.php\/wp-json\/wp\/v2\/types\/post"}],"author":[{"embeddable":true,"href":"https:\/\/www.regioncuatronoticias.com\/index.php\/wp-json\/wp\/v2\/users\/1"}],"replies":[{"embeddable":true,"href":"https:\/\/www.regioncuatronoticias.com\/index.php\/wp-json\/wp\/v2\/comments?post=40722"}],"version-history":[{"count":1,"href":"https:\/\/www.regioncuatronoticias.com\/index.php\/wp-json\/wp\/v2\/posts\/40722\/revisions"}],"predecessor-version":[{"id":40724,"href":"https:\/\/www.regioncuatronoticias.com\/index.php\/wp-json\/wp\/v2\/posts\/40722\/revisions\/40724"}],"wp:featuredmedia":[{"embeddable":true,"href":"https:\/\/www.regioncuatronoticias.com\/index.php\/wp-json\/wp\/v2\/media\/40723"}],"wp:attachment":[{"href":"https:\/\/www.regioncuatronoticias.com\/index.php\/wp-json\/wp\/v2\/media?parent=40722"}],"wp:term":[{"taxonomy":"category","embeddable":true,"href":"https:\/\/www.regioncuatronoticias.com\/index.php\/wp-json\/wp\/v2\/categories?post=40722"},{"taxonomy":"post_tag","embeddable":true,"href":"https:\/\/www.regioncuatronoticias.com\/index.php\/wp-json\/wp\/v2\/tags?post=40722"}],"curies":[{"name":"wp","href":"https:\/\/api.w.org\/{rel}","templated":true}]}}