{"id":40710,"date":"2026-04-25T22:28:16","date_gmt":"2026-04-26T05:28:16","guid":{"rendered":"https:\/\/www.regioncuatronoticias.com\/?p=40710"},"modified":"2026-04-25T22:28:23","modified_gmt":"2026-04-26T05:28:23","slug":"rudeza-innecesaria","status":"publish","type":"post","link":"https:\/\/www.regioncuatronoticias.com\/index.php\/2026\/04\/25\/rudeza-innecesaria\/","title":{"rendered":"Rudeza innecesaria"},"content":{"rendered":"\n<p><strong>Columna El Zancudo<\/strong><\/p>\n\n\n\n<p><strong>Arturo Soto Mungu\u00eda<\/strong><\/p>\n\n\n\n<p><strong>Rudeza innecesaria<\/strong><\/p>\n\n\n\n<p><strong>Viernes 24 de abril de 2026&nbsp;<\/strong><\/p>\n\n\n\n<p>Nadie que haya pasado por la observaci\u00f3n de la pr\u00e1ctica legislativa desde la \u00faltima d\u00e9cada del siglo pasado deber\u00eda llamarse extra\u00f1ado por las machincuepas que suelen recetarnos nuestros pr\u00f3ceres parlamentarios en el Congreso local.<\/p>\n\n\n\n<p>&nbsp;Lo que ocurri\u00f3 en esta semana que concluye es apenas una m\u00e1s entre el amplio cat\u00e1logo de estampas para ilustrar las mil y una formas en que las bancadas mayoritarias se imponen a las de escasa representaci\u00f3n. En m\u00e1s de una ocasi\u00f3n he citado la socarroner\u00eda con la que un diputado priista en la d\u00e9cada de los 90 se burlaba despu\u00e9s de cada votaci\u00f3n en la que los tricolores y afines les pasaban la aplanadora por encima a los diputados de oposici\u00f3n: \u201cnos volvieron a minoritear\u201d, dec\u00eda entre risas.<\/p>\n\n\n\n<p>&nbsp;Los sucesos de los \u00faltimos d\u00edas, cuando Morena y sus aliados maniobraron para sesionar ellos solos, dejando fuera del recinto legislativo a diputados del PRI. PRD y de MC, so pretexto de que el Congreso estaba \u2018tomado\u2019 por maestras de estancias infantiles que reclaman el pago de dos millones de pesos correspondientes al presupuesto 2023 es apenas una reedici\u00f3n de pr\u00e1cticas que se cre\u00edan en desuso, pero que evidentemente siguen y seguir\u00e1n vigentes en tanto no se modifique por la v\u00eda del voto, la correlaci\u00f3n de fuerzas en la C\u00e1mara.<\/p>\n\n\n\n<p>&nbsp;El asunto puede mover a risa o a la ira, dependiendo del lado en que se est\u00e9, pero a fuerza de ser sinceros parece un desplante de soberbia y de rudeza innecesaria.<\/p>\n\n\n\n<p>&nbsp;La ausencia de diputados de oposici\u00f3n facilit\u00f3 no solo un acuerdo -usual y de mero tr\u00e1mite- para autorizar el cambio de sede para las sesiones del pleno, algo que los propios opositores han declarado que avalar\u00edan, sino tambi\u00e9n para modificar la Ley Org\u00e1nica del Congreso para permitir que no se requiera la aprobaci\u00f3n del pleno para ello, sino que en adelante bastar\u00e1 un acuerdo de la Comisi\u00f3n de R\u00e9gimen Interno y Concertaci\u00f3n Pol\u00edtica (la poderosa CRICP, donde algunas fuerzas tienen voz, pero no voto) para sesionar en una sede distinta al del edificio legislativo cuando as\u00ed lo consideren conveniente.<\/p>\n\n\n\n<p>&nbsp;La presencia de diputados opositores en nada habr\u00eda cambiado el sentido de la reforma aprobada, porque Morena y aliados tienen una mayor\u00eda calificada -y hasta sobradita-, pero al menos hubiera sido un gesto de cortes\u00eda correrles la invitaci\u00f3n en tiempo y forma, pero decidieron no hacerlo, o hacerlo de manera tal que los otros decidieran quedarse afuera para no pasar la pena de andar tocando puertas traseras.<\/p>\n\n\n\n<p>&nbsp;Conversando ayer con el diputado priista Emeterio Ochoa, nos dec\u00eda que ellos estaban dispuestos a aprobar el cambio de sede, aunque no la reforma a la Ley Org\u00e1nica.<\/p>\n\n\n\n<p>&nbsp;-De todos modos les hubieran pasado la aplanadora por encima, le dije.<\/p>\n\n\n\n<p>&nbsp;\u201cPues s\u00ed, pero que nos la pasen en el pleno, no en la banqueta\u201d, respondi\u00f3 con amarga sonrisa.<\/p>\n\n\n\n<p>&nbsp;Insisto, no me extra\u00f1an estos desplantes de una mayor\u00eda legislativa, porque en su tiempo los priistas se aventaban unas peores, en aquellos tiempos cuando legislaban convencidos de que la historia era inamovible y que jam\u00e1s estar\u00edan del otro lado, del lado de una minor\u00eda marginal que, para efectos pr\u00e1cticos, puede o no estar presente en el pleno y eso no modifica en nada la toma de decisiones<\/p>\n\n\n\n<p>&nbsp;Pero el problema va m\u00e1s all\u00e1 de lo pol\u00edtico y al entrar en el terreno de lo jur\u00eddico llega a linderos peligrosos, por la naturaleza del origen de este episodio. Es decir, todo se deriva de la protesta de quienes reclamaban el cumplimiento de una resoluci\u00f3n de un juez federal que ampara y protege a la asociaci\u00f3n civil que reclama el pago de dos millones de pesos para las estancias infantiles para que el Congreso del Estado gestione para cumplir lo establecido en el presupuesto aprobado en 2023 (que establece ese monto para las personas f\u00edsicas o morales que operan las estancias infantiles), y para que la SEC ejecute esa partida previamente aprobada por el Congreso, lo que no ha sucedido.<\/p>\n\n\n\n<p>&nbsp;Y aqu\u00ed es donde la puerca tuerce el rabo, pues si el Congreso o la SEC no acatan la resoluci\u00f3n judicial, el juez debe enviar el expediente al Tribunal Colegiado de Circuito, que deber\u00e1 requerir por \u00faltima ocasi\u00f3n a la autoridad omisa que, si no cumple, puede ser separada del cargo y consignada ante un juez de distrito.<\/p>\n\n\n\n<p>&nbsp;O sea, aqu\u00ed el menor de los problemas es si el Congreso sesiona o no en una sede alterna, o si se modifica la Ley Org\u00e1nica del Congreso, o si la mayor\u00eda se burla de la minor\u00eda o la minor\u00eda se enoja con la mayor\u00eda.<\/p>\n\n\n\n<p>&nbsp;El tema es que podr\u00edamos estar ante un desacato de una resoluci\u00f3n judicial que ampara y protege a los quejosos (estancias infantiles), lo que en un Estado de Derecho podr\u00eda derivar en la separaci\u00f3n del cargo de diputados y funcionarios.<\/p>\n\n\n\n<p>&nbsp;Entiendo que esto no va a suceder, pues las partes han entrado en una v\u00eda de negociaci\u00f3n y al final de cuentas encontrar\u00e1n la manera de redireccionar los recursos correspondientes a las estancias infantiles, pero en lo que eso sucede, como le coment\u00e9 a la diputada L\u00f3pez Noriega, el Congreso podr\u00eda estar gastando m\u00e1s en la renta de sedes alternas si la toma del edificio legislativo se prolonga.<\/p>\n\n\n\n<p>&nbsp;Qu\u00e9 enredo\u2026<\/p>\n\n\n\n<p>&nbsp;<strong>II<\/strong><\/p>\n\n\n\n<p>&nbsp;Pero mejor pasemos a cosas m\u00e1s amables. Ya ven que por estos d\u00edas la atenci\u00f3n estar\u00e1 centrada en dos grandes eventos art\u00edstico-culturales como son la Expo Gan y Las Fiestas del Pitic.<\/p>\n\n\n\n<p>&nbsp;Pues bueno, la festiva lectora, el dionisiaco lector deben saber que esas no son las \u00fanicas opciones para deshacerse por un rato de embrollos pol\u00edticos y jur\u00eddicos, pues desde el desierto hasta la frontera y desde el valle hasta la costa, la secretar\u00eda de Econom\u00eda y Turismo que atinadamente dirige (Alejandro Mena dixit) el se\u00f1or Roberto Gradillas se ha coordinado con prestadores de servicios y organizaciones de la sociedad civil para ofrecer un mes de mayo plet\u00f3rico de eventos para darle rienda suelta al goce l\u00fadico y de paso, contribuir a la reactivaci\u00f3n econ\u00f3mica de los municipios donde se llevan a cabo.<\/p>\n\n\n\n<p>&nbsp;Son 28 eventos con los que se avanza en la descentralizaci\u00f3n del turismo en sinergia con los alcaldes y alcaldesas de Y\u00e9cora, Navojoa, Agua Prieta, S\u00e1ric, Granados, Benjam\u00edn Hill, Tubutama, Santa Ana, Quiriego, Sonoyta, entre otras sedes de fiestas patronales, festivales, derbys, torneos, convenciones y competencias que convocan a miles de turistas y p\u00fablico local a ser parte de la fiesta y la proyecci\u00f3n de Sonora como destino del encuentro con la cultura regional.<\/p>\n\n\n\n<p>&nbsp;Ah\u00ed les van unas pocas: Sexta edici\u00f3n del festival Mar\u00eda Bonita en El Quiriego, del 1 al 3 de mayo; fiestas tradicionales de Santa Cruz en esas mismas fechas; Fiestas de Nuestra Se\u00f1ora de F\u00e1tima en Tubutama el 9 de mayo; fiestas patronales de Benjam\u00edn Hill, del 13 al 17de mayo; Fiesta de las Flores en Sonoyta del 1 al 9 de mayo; fiestas patronales en Granados (del 14 al 17) en honor de San Isidro Labrador (que a estas fechas deben ponerlo de cabeza para que quite el sol y ponga el agua), y as\u00ed por el estilo en el resto de los municipios mencionados.<\/p>\n\n\n\n<p>&nbsp;En verdad hay que consultar la cartelera completa en la p\u00e1gina de la secretar\u00eda de Econom\u00eda y Turismo, porque en Sonora hay todo un mundo que descubrir en estas fechas.<\/p>\n\n\n\n<p><strong>&nbsp;III<\/strong><\/p>\n\n\n\n<p>&nbsp;Y como ya es viernes, aqu\u00ed la dejamos. Si creen que faltaron temas m\u00e1s grillos y de vigencia pol\u00edtica, sepan que este espacio es largo pero no se estira tanto, as\u00ed que mejor los invitamos a que al filo de la una de la tarde este viernes sintonicen la Mesa de An\u00e1lisis de Sonora en Red, por el 93.3 FM que se transmite desde el bello puerto de Guaymas, y donde le daremos rienda suelta a eso que est\u00e1 queriendo escuchar y no lo va a encontrar en otros espacios del cuadrante.<\/p>\n\n\n\n<p>&nbsp;Pendientes.<\/p>\n\n\n\n<p><strong>&nbsp;Tambi\u00e9n me pueden seguir en X: @Chaposoto<\/strong><\/p>\n\n\n\n<p><strong>Visita www.elzancudo.com.mx<\/strong><\/p>\n","protected":false},"excerpt":{"rendered":"<p>Columna El Zancudo Arturo Soto Mungu\u00eda Rudeza innecesaria Viernes 24 de abril de 2026&nbsp; Nadie que haya pasado por la observaci\u00f3n de la pr\u00e1ctica legislativa desde la \u00faltima d\u00e9cada del siglo pasado deber\u00eda llamarse extra\u00f1ado por las machincuepas que suelen recetarnos nuestros pr\u00f3ceres parlamentarios en el Congreso local. &nbsp;Lo que ocurri\u00f3 en esta semana que [&hellip;]<\/p>\n","protected":false},"author":1,"featured_media":40711,"comment_status":"open","ping_status":"open","sticky":false,"template":"","format":"standard","meta":{"content-type":"","footnotes":""},"categories":[125],"tags":[],"class_list":{"0":"post-40710","1":"post","2":"type-post","3":"status-publish","4":"format-standard","5":"has-post-thumbnail","7":"category-arturo-soto-munguia"},"_links":{"self":[{"href":"https:\/\/www.regioncuatronoticias.com\/index.php\/wp-json\/wp\/v2\/posts\/40710","targetHints":{"allow":["GET"]}}],"collection":[{"href":"https:\/\/www.regioncuatronoticias.com\/index.php\/wp-json\/wp\/v2\/posts"}],"about":[{"href":"https:\/\/www.regioncuatronoticias.com\/index.php\/wp-json\/wp\/v2\/types\/post"}],"author":[{"embeddable":true,"href":"https:\/\/www.regioncuatronoticias.com\/index.php\/wp-json\/wp\/v2\/users\/1"}],"replies":[{"embeddable":true,"href":"https:\/\/www.regioncuatronoticias.com\/index.php\/wp-json\/wp\/v2\/comments?post=40710"}],"version-history":[{"count":1,"href":"https:\/\/www.regioncuatronoticias.com\/index.php\/wp-json\/wp\/v2\/posts\/40710\/revisions"}],"predecessor-version":[{"id":40712,"href":"https:\/\/www.regioncuatronoticias.com\/index.php\/wp-json\/wp\/v2\/posts\/40710\/revisions\/40712"}],"wp:featuredmedia":[{"embeddable":true,"href":"https:\/\/www.regioncuatronoticias.com\/index.php\/wp-json\/wp\/v2\/media\/40711"}],"wp:attachment":[{"href":"https:\/\/www.regioncuatronoticias.com\/index.php\/wp-json\/wp\/v2\/media?parent=40710"}],"wp:term":[{"taxonomy":"category","embeddable":true,"href":"https:\/\/www.regioncuatronoticias.com\/index.php\/wp-json\/wp\/v2\/categories?post=40710"},{"taxonomy":"post_tag","embeddable":true,"href":"https:\/\/www.regioncuatronoticias.com\/index.php\/wp-json\/wp\/v2\/tags?post=40710"}],"curies":[{"name":"wp","href":"https:\/\/api.w.org\/{rel}","templated":true}]}}