{"id":40690,"date":"2026-04-24T22:39:47","date_gmt":"2026-04-25T05:39:47","guid":{"rendered":"https:\/\/www.regioncuatronoticias.com\/?p=40690"},"modified":"2026-04-24T22:39:52","modified_gmt":"2026-04-25T05:39:52","slug":"iberdrola-ya-salio-por-completo-de-mexico-tras-vender-todos-sus-activos","status":"publish","type":"post","link":"https:\/\/www.regioncuatronoticias.com\/index.php\/2026\/04\/24\/iberdrola-ya-salio-por-completo-de-mexico-tras-vender-todos-sus-activos\/","title":{"rendered":"Iberdrola ya sali\u00f3 por completo de M\u00e9xico tras vender todos sus activos"},"content":{"rendered":"\n<p><strong>&#8211; La operaci\u00f3n total represent\u00f3 190 mil millones de pesos; mientras, CFE buscar\u00e1 inversi\u00f3n privada<\/strong><\/p>\n\n\n\n<p><strong>-La empresa espa\u00f1ola cierra una etapa de d\u00e9cadas en M\u00e9xico mientras Cox toma el control de una de las plataformas energ\u00e9ticas privadas m\u00e1s grandes del Pa\u00eds.<\/strong><\/p>\n\n\n\n<p><strong>-Iberdrola deja M\u00e9xico tras vender toda su filial a Cox por 4 mil millones de d\u00f3lares; as\u00ed cambia el mapa energ\u00e9tico del pa\u00eds<\/strong><\/p>\n\n\n\n<p>Tomado de El Imparcial<\/p>\n\n\n\n<p>Pablo Rubio&nbsp;<\/p>\n\n\n\n<p>Viernes 24 de abril de 2026<\/p>\n\n\n\n<p>CIUDAD DE M\u00c9XICO.- La empresa espa\u00f1ola Iberdrola concret\u00f3 este viernes su salida total de M\u00e9xico al cerrar la venta del 100% de su filial mexicana a Cox, en una operaci\u00f3n valuada en 3 mil 643 millones de euros, equivalentes a cerca de 4 mil millones de d\u00f3lares.<\/p>\n\n\n\n<p>La informaci\u00f3n fue comunicada por la propia compa\u00f1\u00eda a autoridades regulatorias espa\u00f1olas, luego de que se completaran las autorizaciones necesarias para formalizar la transferencia de Iberdrola M\u00e9xico a COX Asset M\u00e9xico, empresa vinculada al grupo del empresario espa\u00f1ol Enrique Riquelme Vives.<\/p>\n\n\n\n<p>Con esta operaci\u00f3n, Iberdrola pone fin a una presencia hist\u00f3rica en el mercado energ\u00e9tico mexicano y suma ya 9 mil 356 millones de euros obtenidos por ventas de activos en M\u00e9xico, m\u00e1s de 10 mil 959 millones de d\u00f3lares desde que inici\u00f3 su proceso de desinversi\u00f3n. La informaci\u00f3n proviene de reportes corporativos de Iberdrola y comunicaciones enviadas a organismos regulatorios en Espa\u00f1a.<\/p>\n\n\n\n<p><strong>\u00bfPor qu\u00e9 Iberdrola sali\u00f3 completamente de M\u00e9xico?<\/strong><\/p>\n\n\n\n<p>La salida de Iberdrola ocurre despu\u00e9s de varios a\u00f1os de tensiones con el gobierno del expresidente Andr\u00e9s Manuel L\u00f3pez Obrador, cuya administraci\u00f3n cuestion\u00f3 p\u00fablicamente el papel de empresas privadas extranjeras dentro del sector el\u00e9ctrico mexicano.<\/p>\n\n\n\n<p>Desde 2023, la empresa espa\u00f1ola comenz\u00f3 a desprenderse de parte de sus operaciones en el Pa\u00eds, incluyendo la venta de centrales el\u00e9ctricas al gobierno mexicano.<\/p>\n\n\n\n<p>Ahora, con esta transacci\u00f3n, la compa\u00f1\u00eda concluye totalmente su participaci\u00f3n en M\u00e9xico y redirige sus inversiones hacia mercados que considera m\u00e1s estables desde el punto de vista regulatorio.<\/p>\n\n\n\n<p><strong>Entre los principales objetivos de Iberdrola se encuentran:<\/strong><\/p>\n\n\n\n<p>-Invertir 55 mil millones de euros en los pr\u00f3ximos a\u00f1os.<\/p>\n\n\n\n<p>-Fortalecer redes el\u00e9ctricas y sistemas de distribuci\u00f3n.<\/p>\n\n\n\n<p><strong>Concentrarse en mercados como:<\/strong><\/p>\n\n\n\n<p>Estados Unidos<\/p>\n\n\n\n<p>Reino Unido<\/p>\n\n\n\n<p>Brasil<\/p>\n\n\n\n<p>Espa\u00f1a<\/p>\n\n\n\n<p>Expandir su base de activos regulados hasta alcanzar cerca de 90 mil millones de euros.<\/p>\n\n\n\n<p>La estrategia del grupo encabezado por Ignacio S\u00e1nchez Gal\u00e1n busca enfocarse en negocios considerados de menor riesgo financiero y con contratos de largo plazo.<\/p>\n\n\n\n<p><strong>\u00bfQu\u00e9 compr\u00f3 exactamente Cox en M\u00e9xico?<\/strong><\/p>\n\n\n\n<p>La adquisici\u00f3n representa uno de los movimientos m\u00e1s importantes para Cox, empresa que anteriormente ten\u00eda mayor presencia en proyectos relacionados con agua e infraestructura.<\/p>\n\n\n\n<p><strong>Con la compra de Iberdrola M\u00e9xico, Cox incorpora:<\/strong><\/p>\n\n\n\n<p>Una plataforma energ\u00e9tica ya operativa<\/p>\n\n\n\n<p>Infraestructura consolidada<\/p>\n\n\n\n<p>Cartera de clientes industriales y comerciales<\/p>\n\n\n\n<p>Contratos recurrentes de generaci\u00f3n y suministro el\u00e9ctrico<\/p>\n\n\n\n<p>Flujos de ingresos estables<\/p>\n\n\n\n<p>Operaciones con historial consolidado en el mercado mexicano<\/p>\n\n\n\n<p>La operaci\u00f3n tambi\u00e9n fortalece el modelo de negocio de Cox, basado en integrar distintas \u00e1reas dentro de una misma estructura:<\/p>\n\n\n\n<p><strong>Generaci\u00f3n el\u00e9ctrica<\/strong><\/p>\n\n\n\n<p><strong>Comercializaci\u00f3n de energ\u00eda<\/strong><\/p>\n\n\n\n<p><strong>Capacidades industriales<\/strong><\/p>\n\n\n\n<p><strong>Infraestructura energ\u00e9tica<\/strong><\/p>\n\n\n\n<p>Adem\u00e1s, la empresa inform\u00f3 que conserv\u00f3 pr\u00e1cticamente toda la plantilla laboral que anteriormente trabajaba para Iberdrola en M\u00e9xico.<\/p>\n\n\n\n<p><strong>\u00bfQu\u00e9 significa esta salida para el sector energ\u00e9tico mexicano?<\/strong><\/p>\n\n\n\n<p>La salida definitiva de Iberdrola marca el cierre de una etapa importante para la inversi\u00f3n privada extranjera en el sector el\u00e9ctrico mexicano.<\/p>\n\n\n\n<p>Durante a\u00f1os, la compa\u00f1\u00eda espa\u00f1ola fue uno de los actores m\u00e1s relevantes del mercado energ\u00e9tico nacional, especialmente en generaci\u00f3n privada y energ\u00edas renovables.<\/p>\n\n\n\n<p>El movimiento tambi\u00e9n refleja c\u00f3mo algunas empresas internacionales han reajustado sus estrategias ante cambios regulatorios y pol\u00edticos ocurridos en M\u00e9xico en los \u00faltimos a\u00f1os.<\/p>\n\n\n\n<p><strong>Para especialistas del sector, esta operaci\u00f3n puede tener distintos efectos:<\/strong><\/p>\n\n\n\n<p>-CFE abri\u00f3 la puerta a la inversi\u00f3n privada<\/p>\n\n\n\n<p>A pesar del ambiente de incertidumbre por la reforma judicial en M\u00e9xico y las dudas sobre la certeza jur\u00eddica para las inversiones, al menos 80 empresas ya manifestaron inter\u00e9s en participar en proyectos mixtos de generaci\u00f3n el\u00e9ctrica con la Comisi\u00f3n Federal de Electricidad (CFE).<\/p>\n\n\n\n<p>La mayor\u00eda son firmas extranjeras que buscan participar en obras de transmisi\u00f3n, infraestructura y respaldo energ\u00e9tico en el Pa\u00eds.<\/p>\n\n\n\n<p>Durante el foro, el gerente de Finanzas de CFE Capital, Rodrigo Garc\u00eda Castillo, explic\u00f3 que la empresa p\u00fablica contempla 19 proyectos de transmisi\u00f3n el\u00e9ctrica que entrar\u00edan a concurso este mismo a\u00f1o.<\/p>\n\n\n\n<p>Seg\u00fan detall\u00f3, las obras representar\u00edan una inversi\u00f3n cercana a los 7 mil millones de pesos y tendr\u00edan arranque entre 2027 y 2028.<\/p>\n\n\n\n<p><strong>Entre los proyectos contemplados destacan:<\/strong><\/p>\n\n\n\n<p>-Construcci\u00f3n de subestaciones<\/p>\n\n\n\n<p>-Reemplazo de equipos especializados<\/p>\n\n\n\n<p>-Infraestructura de transmisi\u00f3n el\u00e9ctrica<\/p>\n\n\n\n<p>-Sistemas de respaldo para la CFE<\/p>\n\n\n\n<p>La intenci\u00f3n es fortalecer la red el\u00e9ctrica nacional ante el aumento de la demanda energ\u00e9tica y el crecimiento industrial que enfrenta el Pa\u00eds.<\/p>\n\n\n\n<p><a href=\"https:\/\/www.elimparcial.com\/dinero\/2026\/04\/24\/ya-es-oficial-iberdrola-salio-de-mexico-completamente-con-mas-de-190-mil-millones-de-pesos-tras-vender-todos-sus-activos-mientras-cfe-buscara-inversion-privada\">https:\/\/www.elimparcial.com\/dinero\/2026\/04\/24\/ya-es-oficial-iberdrola-salio-de-mexico-completamente-con-mas-de-190-mil-millones-de-pesos-tras-vender-todos-sus-activos-mientras-cfe-buscara-inversion-privada<\/a><\/p>\n\n\n\n<p><\/p>\n","protected":false},"excerpt":{"rendered":"<p>&#8211; La operaci\u00f3n total represent\u00f3 190 mil millones de pesos; mientras, CFE buscar\u00e1 inversi\u00f3n privada -La empresa espa\u00f1ola cierra una etapa de d\u00e9cadas en M\u00e9xico mientras Cox toma el control de una de las plataformas energ\u00e9ticas privadas m\u00e1s grandes del Pa\u00eds. -Iberdrola deja M\u00e9xico tras vender toda su filial a Cox por 4 mil millones [&hellip;]<\/p>\n","protected":false},"author":1,"featured_media":40691,"comment_status":"open","ping_status":"open","sticky":false,"template":"","format":"standard","meta":{"content-type":"","footnotes":""},"categories":[114,3,2,105],"tags":[],"class_list":{"0":"post-40690","1":"post","2":"type-post","3":"status-publish","4":"format-standard","5":"has-post-thumbnail","7":"category-economia","8":"category-mexico","9":"category-negocios","10":"category-principal"},"_links":{"self":[{"href":"https:\/\/www.regioncuatronoticias.com\/index.php\/wp-json\/wp\/v2\/posts\/40690","targetHints":{"allow":["GET"]}}],"collection":[{"href":"https:\/\/www.regioncuatronoticias.com\/index.php\/wp-json\/wp\/v2\/posts"}],"about":[{"href":"https:\/\/www.regioncuatronoticias.com\/index.php\/wp-json\/wp\/v2\/types\/post"}],"author":[{"embeddable":true,"href":"https:\/\/www.regioncuatronoticias.com\/index.php\/wp-json\/wp\/v2\/users\/1"}],"replies":[{"embeddable":true,"href":"https:\/\/www.regioncuatronoticias.com\/index.php\/wp-json\/wp\/v2\/comments?post=40690"}],"version-history":[{"count":1,"href":"https:\/\/www.regioncuatronoticias.com\/index.php\/wp-json\/wp\/v2\/posts\/40690\/revisions"}],"predecessor-version":[{"id":40692,"href":"https:\/\/www.regioncuatronoticias.com\/index.php\/wp-json\/wp\/v2\/posts\/40690\/revisions\/40692"}],"wp:featuredmedia":[{"embeddable":true,"href":"https:\/\/www.regioncuatronoticias.com\/index.php\/wp-json\/wp\/v2\/media\/40691"}],"wp:attachment":[{"href":"https:\/\/www.regioncuatronoticias.com\/index.php\/wp-json\/wp\/v2\/media?parent=40690"}],"wp:term":[{"taxonomy":"category","embeddable":true,"href":"https:\/\/www.regioncuatronoticias.com\/index.php\/wp-json\/wp\/v2\/categories?post=40690"},{"taxonomy":"post_tag","embeddable":true,"href":"https:\/\/www.regioncuatronoticias.com\/index.php\/wp-json\/wp\/v2\/tags?post=40690"}],"curies":[{"name":"wp","href":"https:\/\/api.w.org\/{rel}","templated":true}]}}