{"id":40684,"date":"2026-04-24T22:09:48","date_gmt":"2026-04-25T05:09:48","guid":{"rendered":"https:\/\/www.regioncuatronoticias.com\/?p=40684"},"modified":"2026-04-24T22:09:52","modified_gmt":"2026-04-25T05:09:52","slug":"soy-papa-no-criminal-padres-protestan-por-derechos-en-procesos-familiares-y-entregaran-un-pliego-petitorio","status":"publish","type":"post","link":"https:\/\/www.regioncuatronoticias.com\/index.php\/2026\/04\/24\/soy-papa-no-criminal-padres-protestan-por-derechos-en-procesos-familiares-y-entregaran-un-pliego-petitorio\/","title":{"rendered":"\u201cSoy pap\u00e1, no criminal\u201d: Padres protestan por derechos en procesos familiares y entregar\u00e1n un pliego petitorio"},"content":{"rendered":"\n<p><strong>Padres de familia marcharon en Hermosillo como parte del movimiento \u201cSoy pap\u00e1, no criminal\u201d para visibilizar problem\u00e1ticas legales<\/strong><\/p>\n\n\n\n<p>Tomado de El Sol de Hermosillo<\/p>\n\n\n\n<p>Sandra Sol\u00eds<\/p>\n\n\n\n<p>Viernes 24 de abril de 2026<\/p>\n\n\n\n<p>Decenas de padres de familia y miembros de la l\u00ednea paterna participaron en el primer movimiento nacional \u201cSoy pap\u00e1, no criminal\u201d en Hermosillo, el cual parti\u00f3 del Centro de Gobierno, edificio Sonora, hacia el Congreso del Estado y el Poder Judicial, la ma\u00f1ana de este viernes 24 de abril.<\/p>\n\n\n\n<p>La movilizaci\u00f3n tuvo como objetivo visibilizar problem\u00e1ticas legales y sociales, as\u00ed como el impacto emocional que, aseguran, genera la separaci\u00f3n de sus hijos.<\/p>\n\n\n\n<p><strong>Es una marcha para manifestarnos y visibilizar una problem\u00e1tica que afecta a los padres, pero tambi\u00e9n a las familias en general, <\/strong>expres\u00f3 Ram\u00f3n Ubaldo Valenzuela, enlace en la entidad<\/p>\n\n\n\n<p>Se\u00f1al\u00f3 que uno de los principales reclamos es la dificultad para mantener el v\u00ednculo con sus hijos, lo cual, dijo, repercute en la salud emocional tanto de los padres como de los menores.<\/p>\n\n\n\n<p>\u201cLos hombres tambi\u00e9n sufrimos, nos duele y nuestra salud f\u00edsica y mental se deteriora al estar desvinculados de nuestros hijos\u201d, afirm\u00f3.<\/p>\n\n\n\n<p>Durante la jornada, los participantes anunciaron la entrega de un pliego petitorio dirigido a diversas instancias, entre ellas la Fiscal\u00eda General de Justicia del Estado de Sonora (Fgjes), el Poder Judicial y autoridades gubernamentales, con el fin de que se revisen casos y se atiendan sus demandas.<\/p>\n\n\n\n<p>&#8220;Tenemos un pliego petitorio a nivel nacional, adaptado al contexto local, que vamos a entregar en distintas dependencias para que atiendan nuestras inquietudes&#8221;.<\/p>\n\n\n\n<p>\u201cSoy pap\u00e1, no criminal\u201d: Padres protestan por derechos en procesos familiares y entregar\u00e1n un pliego petitorio<\/p>\n\n\n\n<p><strong>Padres de familia marcharon en Hermosillo como parte del movimiento \u201cSoy pap\u00e1, no criminal\u201d para visibilizar problem\u00e1ticas legales<\/strong><\/p>\n\n\n\n<p>Tomado de El Sol de Hermosillo<\/p>\n\n\n\n<p>Sandra Sol\u00eds<\/p>\n\n\n\n<p>Viernes 24 de abril de 2026<\/p>\n\n\n\n<p>Decenas de padres de familia y miembros de la l\u00ednea paterna participaron en el primer movimiento nacional \u201cSoy pap\u00e1, no criminal\u201d en Hermosillo, el cual parti\u00f3 del Centro de Gobierno, edificio Sonora, hacia el Congreso del Estado y el Poder Judicial, la ma\u00f1ana de este viernes 24 de abril.<\/p>\n\n\n\n<p>La movilizaci\u00f3n tuvo como objetivo visibilizar problem\u00e1ticas legales y sociales, as\u00ed como el impacto emocional que, aseguran, genera la separaci\u00f3n de sus hijos.<\/p>\n\n\n\n<p><strong>Es una marcha para manifestarnos y visibilizar una problem\u00e1tica que afecta a los padres, pero tambi\u00e9n a las familias en general, <\/strong>expres\u00f3 Ram\u00f3n Ubaldo Valenzuela, enlace en la entidad<\/p>\n\n\n\n<p>Se\u00f1al\u00f3 que uno de los principales reclamos es la dificultad para mantener el v\u00ednculo con sus hijos, lo cual, dijo, repercute en la salud emocional tanto de los padres como de los menores.<\/p>\n\n\n\n<p>\u201cLos hombres tambi\u00e9n sufrimos, nos duele y nuestra salud f\u00edsica y mental se deteriora al estar desvinculados de nuestros hijos\u201d, afirm\u00f3.<\/p>\n\n\n\n<p>Durante la jornada, los participantes anunciaron la entrega de un pliego petitorio dirigido a diversas instancias, entre ellas la Fiscal\u00eda General de Justicia del Estado de Sonora (Fgjes), el Poder Judicial y autoridades gubernamentales, con el fin de que se revisen casos y se atiendan sus demandas.<\/p>\n\n\n\n<p><strong>&#8220;Tenemos un pliego petitorio a nivel nacional, adaptado al contexto local, que vamos a entregar en distintas dependencias para que atiendan nuestras inquietudes&#8221;.<\/strong><\/p>\n\n\n\n<p>El representante del movimiento asegur\u00f3 que algunos padres enfrentan procesos legales que, desde su perspectiva, derivan en restricciones que dificultan el contacto con sus hijos, lo que con el tiempo afecta el desarrollo emocional de los menores.<\/p>\n\n\n\n<p>\u201cEs la primera vez que se realiza algo as\u00ed en Hermosillo y muchos se est\u00e1n animando a participar\u201d, agreg\u00f3.<\/p>\n\n\n\n<p>El enlace en Sonora, hizo un llamado a otros padres a integrarse a este tipo de iniciativas, a que pierdan la pena y se sumen a dicha problem\u00e1tica que, asegur\u00f3, viven muchas familias.<\/p>\n\n\n\n<p>El representante del movimiento asegur\u00f3 que algunos padres enfrentan procesos legales que, desde su perspectiva, derivan en restricciones que dificultan el contacto con sus hijos, lo que con el tiempo afecta el desarrollo emocional de los menores.<\/p>\n\n\n\n<p>\u201cEs la primera vez que se realiza algo as\u00ed en Hermosillo y muchos se est\u00e1n animando a participar\u201d, agreg\u00f3.<\/p>\n\n\n\n<p>El enlace en Sonora, hizo un llamado a otros padres a integrarse a este tipo de iniciativas, a que pierdan la pena y se sumen a dicha problem\u00e1tica que, asegur\u00f3, viven muchas familias.<\/p>\n\n\n\n<p><a href=\"https:\/\/oem.com.mx\/elsoldehermosillo\/local\/soy-papa-no-criminal-padres-protestan-por-derechos-en-procesos-familiares-y-entregaran-un-pliego-petitorio-29653846\">https:\/\/oem.com.mx\/elsoldehermosillo\/local\/soy-papa-no-criminal-padres-protestan-por-derechos-en-procesos-familiares-y-entregaran-un-pliego-petitorio-29653846<\/a><\/p>\n","protected":false},"excerpt":{"rendered":"<p>Padres de familia marcharon en Hermosillo como parte del movimiento \u201cSoy pap\u00e1, no criminal\u201d para visibilizar problem\u00e1ticas legales Tomado de El Sol de Hermosillo Sandra Sol\u00eds Viernes 24 de abril de 2026 Decenas de padres de familia y miembros de la l\u00ednea paterna participaron en el primer movimiento nacional \u201cSoy pap\u00e1, no criminal\u201d en Hermosillo, [&hellip;]<\/p>\n","protected":false},"author":1,"featured_media":40685,"comment_status":"open","ping_status":"open","sticky":false,"template":"","format":"standard","meta":{"content-type":"","footnotes":""},"categories":[117,8],"tags":[],"class_list":{"0":"post-40684","1":"post","2":"type-post","3":"status-publish","4":"format-standard","5":"has-post-thumbnail","7":"category-general","8":"category-hermosillo"},"_links":{"self":[{"href":"https:\/\/www.regioncuatronoticias.com\/index.php\/wp-json\/wp\/v2\/posts\/40684","targetHints":{"allow":["GET"]}}],"collection":[{"href":"https:\/\/www.regioncuatronoticias.com\/index.php\/wp-json\/wp\/v2\/posts"}],"about":[{"href":"https:\/\/www.regioncuatronoticias.com\/index.php\/wp-json\/wp\/v2\/types\/post"}],"author":[{"embeddable":true,"href":"https:\/\/www.regioncuatronoticias.com\/index.php\/wp-json\/wp\/v2\/users\/1"}],"replies":[{"embeddable":true,"href":"https:\/\/www.regioncuatronoticias.com\/index.php\/wp-json\/wp\/v2\/comments?post=40684"}],"version-history":[{"count":1,"href":"https:\/\/www.regioncuatronoticias.com\/index.php\/wp-json\/wp\/v2\/posts\/40684\/revisions"}],"predecessor-version":[{"id":40686,"href":"https:\/\/www.regioncuatronoticias.com\/index.php\/wp-json\/wp\/v2\/posts\/40684\/revisions\/40686"}],"wp:featuredmedia":[{"embeddable":true,"href":"https:\/\/www.regioncuatronoticias.com\/index.php\/wp-json\/wp\/v2\/media\/40685"}],"wp:attachment":[{"href":"https:\/\/www.regioncuatronoticias.com\/index.php\/wp-json\/wp\/v2\/media?parent=40684"}],"wp:term":[{"taxonomy":"category","embeddable":true,"href":"https:\/\/www.regioncuatronoticias.com\/index.php\/wp-json\/wp\/v2\/categories?post=40684"},{"taxonomy":"post_tag","embeddable":true,"href":"https:\/\/www.regioncuatronoticias.com\/index.php\/wp-json\/wp\/v2\/tags?post=40684"}],"curies":[{"name":"wp","href":"https:\/\/api.w.org\/{rel}","templated":true}]}}