{"id":40672,"date":"2026-04-24T00:16:49","date_gmt":"2026-04-24T07:16:49","guid":{"rendered":"https:\/\/www.regioncuatronoticias.com\/?p=40672"},"modified":"2026-04-24T00:16:52","modified_gmt":"2026-04-24T07:16:52","slug":"va-para-mas-de-una-semana","status":"publish","type":"post","link":"https:\/\/www.regioncuatronoticias.com\/index.php\/2026\/04\/24\/va-para-mas-de-una-semana\/","title":{"rendered":"Va para m\u00e1s de una semana"},"content":{"rendered":"\n<p><strong>Columna Corren Rumores<\/strong><\/p>\n\n\n\n<p><strong>Hilario Olea<\/strong><\/p>\n\n\n\n<p><strong>Va para m\u00e1s de una semana<\/strong><\/p>\n\n\n\n<p><strong>Viernes 24 de abril de 2026<\/strong><\/p>\n\n\n\n<p><strong>NO SE VE PA\u2019 CU\u00c1NDO\u2026 <\/strong>Va para m\u00e1s de una semana que 40 mil estudiantes o m\u00e1s siguen perdiendo clases por una huelga encaprichada del STEUS y por un p\u00e9simo manejo y negociaci\u00f3n de las autoridades universitarias. Y de una vez, cierta indiferencia de las autoridades estatales que por prudencia, pueden llamarle de otra manera, no quieren alborotar el bitachero. El punto es que cada vez se pone peor porque seg\u00fan los l\u00edderes sindicales la rectora Dena Mar\u00eda Jes\u00fas Camarena, creo que as\u00ed se llama, no se para en las mesas de negociaci\u00f3n del sindicato, pero tampoco convoca a mesas de parte de la universidad. Simple y sencillamente, para usar lenguaje del pueblo, les est\u00e1 valiendo madre lo que pasa con los estudiantes.<\/p>\n\n\n\n<p><strong>PRESTIGIO CUENTA\u2026 <\/strong>Los egresados de universidades saben lo importante que es el prestigio de la instituci\u00f3n donde estudiaron. Un ejemplo por dem\u00e1s rid\u00edculo, a qui\u00e9n le dar\u00eda trabajo, a un estudiante de la Unison, donde al a\u00f1o no hay clases, o a un egresado del ITH. Vamos, peor a\u00fan si los ponen a competir por empleo con los del Tec de Monterrey. Cierto que es dif\u00edcil competir contra universidades privadas, pero en su tiempo hubo facultades que ten\u00edan gran prestigio antes que empezara la ola de huelgas anuales. Triste ejemplo que les voy a poner. En los 70\u2019s apareci\u00f3 un anuncio en Excelsior donde se dec\u00eda: Se solicita ingeniero agr\u00f3nomo. Y luego una anotaci\u00f3n: Si usted es egresado de Chapingo o de la Universidad de Sinaloa, abst\u00e9ngase de presentar solicitud. As\u00ed de triste.<\/p>\n\n\n\n<p><strong>BUENA IMAGEN\u2026 <\/strong>Como les dec\u00eda, antes de que comenzaran las olas de huelgas anuales, que fue por los tiempos de que el gobernador Alejandro Carrillo quiso golpear y sacar al rector Alfonso Castellanos le dieron mucho power a los sindicatos. Y de ah\u00ed pa\u2019l real. Pero antes de esta ola de paros, algunos ilegales, hab\u00eda facultades con gran prestigio y sus egresados eran contratados de inmediato como los agr\u00f3nomos. Los estudiantes de contabilidad comenzaban a trabajar desde el tercer a\u00f1o por la calidad de sus estudios. Lo mismo pasaba con los qu\u00edmicos. Pero todo eso se vino al garete cuando cada a\u00f1o hab\u00eda huelga y la calidad acad\u00e9mica se fue por los suelos. Ahora ser egresados de la Unison lamentablemente no es garant\u00eda de chamba, salvo en algunas escuelas que no se han contaminado con los paros.<\/p>\n\n\n\n<p><strong>NO SE ARRIESGUEN\u2026 <\/strong>Son m\u00e1s de 40 mil estudiantes los que pierden clases y escuelas que pierden prestigio. Y miren como ejemplo. \u00bfUsted se dejar\u00eda operar por un m\u00e9dico egresado de una de las universidades Benito Ju\u00e1rez o Rosario Castellanos? Seguramente me dir\u00e1n que ni de locos. Pues eso mismo pasa con las universidades que se la llevan en paros locos. Est\u00e1 bien que trabajadores y maestros exijan mejoras salariales; pero no debe ser a costa de los estudiantes que es el fin \u00faltimo para lo que fueron creadas las universidades. Pero ya veremos como termina este sainete.<\/p>\n\n\n\n<p><strong>\u00bfY LA RECTORA AP\u00c1? \u2026 <\/strong>Muchos se preguntan en todo este merequetengue laboral, \u00bfd\u00f3nde est\u00e1 la rectora Dena Camarena? Hasta ahorita le hemos contado una sola declaraci\u00f3n y a un solo medio. Dicen que se la lleva encerrada en su bunker y solo recibe a contados colaboradores, sobre todo los que le dan por el lado, porque no escucha consejos que la puedan incomodar. As\u00ed no se puede dirigir una universidad y menos una como la M\u00e1xima Casa de Estudios de Sonora. Seguramente si por ella fuera dejar\u00eda correr la huelga hasta que se acabe la instituci\u00f3n. Veremos si m\u00e1s adelante sale cuando menos a trav\u00e9s de comunicados. Porque esto puede ponerse peor con la huelga del STAUS.<\/p>\n\n\n\n<p><strong>En fin, pero como dijo el Monchi L\u00f3pez: En tiempos del SAT, no me asustes calavera vieja. Sale.<\/strong><\/p>\n\n\n\n<p><strong>S\u00edganos en la cuenta de X o Twitter @hilarioolea.<\/strong><\/p>\n\n\n\n<p><strong>Pueden vernos de lunes a viernes de 8 a 9 de la noche en nuestro canal de YouTube \u201cEntre Todos Digital\u201d.<\/strong><\/p>\n\n\n\n<p><strong>Sigan nuestras redes sociales<\/strong><\/p>\n","protected":false},"excerpt":{"rendered":"<p>Columna Corren Rumores Hilario Olea Va para m\u00e1s de una semana Viernes 24 de abril de 2026 NO SE VE PA\u2019 CU\u00c1NDO\u2026 Va para m\u00e1s de una semana que 40 mil estudiantes o m\u00e1s siguen perdiendo clases por una huelga encaprichada del STEUS y por un p\u00e9simo manejo y negociaci\u00f3n de las autoridades universitarias. Y [&hellip;]<\/p>\n","protected":false},"author":1,"featured_media":40673,"comment_status":"open","ping_status":"open","sticky":false,"template":"","format":"standard","meta":{"content-type":"","footnotes":""},"categories":[121],"tags":[],"class_list":{"0":"post-40672","1":"post","2":"type-post","3":"status-publish","4":"format-standard","5":"has-post-thumbnail","7":"category-hilarioolea"},"_links":{"self":[{"href":"https:\/\/www.regioncuatronoticias.com\/index.php\/wp-json\/wp\/v2\/posts\/40672","targetHints":{"allow":["GET"]}}],"collection":[{"href":"https:\/\/www.regioncuatronoticias.com\/index.php\/wp-json\/wp\/v2\/posts"}],"about":[{"href":"https:\/\/www.regioncuatronoticias.com\/index.php\/wp-json\/wp\/v2\/types\/post"}],"author":[{"embeddable":true,"href":"https:\/\/www.regioncuatronoticias.com\/index.php\/wp-json\/wp\/v2\/users\/1"}],"replies":[{"embeddable":true,"href":"https:\/\/www.regioncuatronoticias.com\/index.php\/wp-json\/wp\/v2\/comments?post=40672"}],"version-history":[{"count":1,"href":"https:\/\/www.regioncuatronoticias.com\/index.php\/wp-json\/wp\/v2\/posts\/40672\/revisions"}],"predecessor-version":[{"id":40674,"href":"https:\/\/www.regioncuatronoticias.com\/index.php\/wp-json\/wp\/v2\/posts\/40672\/revisions\/40674"}],"wp:featuredmedia":[{"embeddable":true,"href":"https:\/\/www.regioncuatronoticias.com\/index.php\/wp-json\/wp\/v2\/media\/40673"}],"wp:attachment":[{"href":"https:\/\/www.regioncuatronoticias.com\/index.php\/wp-json\/wp\/v2\/media?parent=40672"}],"wp:term":[{"taxonomy":"category","embeddable":true,"href":"https:\/\/www.regioncuatronoticias.com\/index.php\/wp-json\/wp\/v2\/categories?post=40672"},{"taxonomy":"post_tag","embeddable":true,"href":"https:\/\/www.regioncuatronoticias.com\/index.php\/wp-json\/wp\/v2\/tags?post=40672"}],"curies":[{"name":"wp","href":"https:\/\/api.w.org\/{rel}","templated":true}]}}