{"id":40669,"date":"2026-04-24T00:12:37","date_gmt":"2026-04-24T07:12:37","guid":{"rendered":"https:\/\/www.regioncuatronoticias.com\/?p=40669"},"modified":"2026-04-24T00:12:40","modified_gmt":"2026-04-24T07:12:40","slug":"la-mentira-principal-arma-de-manipulacion-del-regimen-al-descubierto","status":"publish","type":"post","link":"https:\/\/www.regioncuatronoticias.com\/index.php\/2026\/04\/24\/la-mentira-principal-arma-de-manipulacion-del-regimen-al-descubierto\/","title":{"rendered":"La mentira, principal arma de manipulaci\u00f3n del r\u00e9gimen, al descubierto"},"content":{"rendered":"\n<p><strong>RUIZ QUIRR\u00cdN<\/strong><\/p>\n\n\n\n<p><strong>-La mentira, principal arma de manipulaci\u00f3n del r\u00e9gimen, al descubierto<\/strong><\/p>\n\n\n\n<p><strong>-Dif\u00edcil creer la ausencia de talento para advertir huelgas en la Universidad<\/strong><\/p>\n\n\n\n<p><strong>-\u00bfSe podr\u00eda aspirar a evitar el \u201cdedazo\u201d en la designaci\u00f3n de titular de la CEDH?<\/strong><\/p>\n\n\n\n<p><strong>Viernes 24 de abril de 2026<\/strong><\/p>\n\n\n\n<p>\u201cEl problema no es que mientas; el problema es que te creo\u201d escribi\u00f3 Ricardo Arjona en su canci\u00f3n, expresi\u00f3n que podr\u00eda aplicarse ahora al gran pueblo de M\u00e9xico que es feliz con las mentiras que les han lanzado desde palacio nacional o por las fuentes oficiales.<\/p>\n\n\n\n<p>Andr\u00e9s Manuel L\u00f3pez Obrador, hizo de la creaci\u00f3n de una realidad alterna a la que realmente viv\u00eda la ciudadan\u00eda, una diaria exposici\u00f3n que lo convirti\u00f3 en el maestro de la mentira, empezando por su promesa de campa\u00f1a de reducir el precio de la gasolina a diez pesos el litro.<\/p>\n\n\n\n<p>Despu\u00e9s dijo diez, cien o miles de mentiras durante su sexenio del 2018 al 2024, entre las m\u00e1s c\u00e9lebres aquella que le asegur\u00f3 a Carmen Aristegui: \u201cNing\u00fan \u00e1rbol se va a cortar para construir el tren Maya\u201d, o \u201cM\u00e9xico es un pa\u00eds seguro\u201d, \u201csin falta este mes quedar\u00e1 solucionado el abasto de medicamentos\u201d, o bien, \u201cya no hay corrupci\u00f3n en mi gobierno\u201d y hasta se atrevi\u00f3 a decir que hab\u00eda acabado con el huachicol.<\/p>\n\n\n\n<p>Son apenas unos botones de muestra.<\/p>\n\n\n\n<p>La cultura del enga\u00f1o en la 4-T lleg\u00f3 para quedarse. La actual presidenta Claudia Sheinbaum fue a Espa\u00f1a a hablar de democracia, pretendiendo ser un candil de la calle, cuando en su casa la voluntad de su partido, MORENA, impuso a los nuevos jueces a su antojo, utilizando para su elecci\u00f3n los c\u00e9lebres \u201cacordeones\u201d.<\/p>\n\n\n\n<p>Antes de eso, inconcebible que ante la difusi\u00f3n de im\u00e1genes de una mujer bronceando sus piernas desde una ventana de palacio nacional, la primera respuesta gubernamental haya sido que se trataba de \u201cinteligencia artificial\u201d para despu\u00e9s admitir que era algo real y que se hab\u00eda procedido a sancionar a la mujer que hab\u00eda tenido tal atrevimiento.<\/p>\n\n\n\n<p>Pero una especie de colmo fueron las versiones oficiales, primero para justificar el accidente donde fallecieron cuatro trabajadores de la refiner\u00eda Olmeca de Dos Bocas y, despu\u00e9s, para tratar de convencer de que los derrames de crudo en el Golfo de M\u00e9xico hab\u00edan sido originados por un \u201cbarco fantasma\u201d.<\/p>\n\n\n\n<p>Fue tanta la presi\u00f3n period\u00edstica y los testimonios de personas ligadas a los hechos, que no le qued\u00f3 m\u00e1s remedio a la presidencia de la rep\u00fablica que aceptar que en realidad la responsabilidad hab\u00eda sido de PEMEX.<\/p>\n\n\n\n<p>Y desde luego hay mucho m\u00e1s. Todos los d\u00edas. De las \u00faltimas, la confusi\u00f3n generada por el mismo gobierno tras la muerte en un accidente de dos agentes de los Estados Unidos, luego de llevar a cabo un operativo para asegurar laboratorios y drogas en Chihuahua.<\/p>\n\n\n\n<p>La presidenta Sheinbaum, la persona m\u00e1s informada del pa\u00eds, asever\u00f3 en su \u201cma\u00f1anera\u201d que desconoc\u00eda del asunto, para aceptar horas despu\u00e9s que s\u00ed hab\u00edan colaborado en un operativo con polic\u00edas mexicanos, \u201calgo de lo que seguramente el gobierno de Chihuahua estaba m\u00e1s enterado\u201d. Es decir, lanz\u00f3 la pelotita a la gobernadora opositora, Maru Campos.<\/p>\n\n\n\n<p>\u00bfA los 25 millones de mexicanos beneficiados con los programas asistenciales les importar\u00e1 que les mientan? No.<\/p>\n\n\n\n<p>Para ellos existe algo material, un dinerito con el que no contaban antes, sobre todo porque hay miles y miles de familias ahora que est\u00e1n viviendo de d\u00e1divas oficiales al recibir varios de sus integrantes ese apoyo.<\/p>\n\n\n\n<p>\u00bfSuperar\u00e1n los millones de mexicanos opositores a la 4-T a los 25 millones que a ciegas le creen al r\u00e9gimen? No.<\/p>\n\n\n\n<p>Un \u00e9xito incuestionable de L\u00f3pez Obrador y su sucesora es el establecimiento de los programas asistenciales. Todos esos beneficiarios no cambiar\u00e1n de opini\u00f3n hasta que empiecen a sentir un dolor en sus intestinos por el hambre.<\/p>\n\n\n\n<p>Tambi\u00e9n es cierto que la probabilidad de que MORENA no tenga en 2027 triunfos electorales tan contundentes como en los pasados comicios es una probabilidad alta.<\/p>\n\n\n\n<p>Otro \u00e9xito de la 4-T es que ha logrado dividir a los mexicanos. La oposici\u00f3n contin\u00faa debilitada y ansiosa por demostrar que pueden solos contra el aparato oficial, con unas dirigencias m\u00e1s preocupadas por asegurar sus esca\u00f1os y curules en el Congreso de la Uni\u00f3n. Solo as\u00ed se concibe el que no reflexionen y concluyan que dividir el voto solo ayudar\u00eda a los triunfos de MORENA.<\/p>\n\n\n\n<p>\u00c1lvaro Carrillo, compositor oaxaque\u00f1o, recogi\u00f3 los sentimientos del pueblo en sus melod\u00edas. Escribi\u00f3 \u201cMi\u00e9nteme m\u00e1s, que me hace tu maldad, feliz\u201d. Cualquier parecido con la realidad mexicana no es mera coincidencia.<\/p>\n\n\n\n<p>Lastimosamente, pero cuando los millones de mexicanos pierdan sus libertades y se d\u00e9 el colapso econ\u00f3mico, ante una reacci\u00f3n popular, ser\u00eda demasiado tarde.<\/p>\n\n\n\n<p><strong>El INE ya es oficial<\/strong><\/p>\n\n\n\n<p><strong>\u00bfSER\u00c1<\/strong> necesario recordarlo? Aquel esp\u00edritu que origin\u00f3 la creaci\u00f3n primero del Instituto Federal Electoral y despu\u00e9s el Instituto Nacional Electoral (INE) ha quedado completamente sepultado\u2026 M\u00e9xico empez\u00f3 a avanzar en su democracia en el momento en que el gobierno sac\u00f3 las manos de los procesos electorales, porque fue la propia ciudadan\u00eda la encargada de organizar los comicios y asumir su papel de \u00e1rbitro\u2026 Hasta antes del 2018 hab\u00edan quedado atr\u00e1s los malos recuerdos de los fraudes electorales y todas aquellas pr\u00e1cticas corruptas que generaron la completa incredulidad de la poblaci\u00f3n en sus procesos de elecci\u00f3n popular\u2026 Ya en los comicios del 2021 se hab\u00eda visto la mano de palacio nacional como la gran influencia en los consejeros del INE para ayudar a MORENA y debilitar a la oposici\u00f3n\u2026 Pero en el 2024 fue el colmo\u2026 Primero la paisana consejera presidenta, Guadalupe Taddei, en conjunto con el Tribunal Electoral del Poder Judicial de la Federaci\u00f3n y su presidenta M\u00f3nica Soto, se dieron el lujo de otorgarle m\u00e1s del 70 por ciento de la representaci\u00f3n al partido oficial en la C\u00e1mara de Diputados, a pesar de haber logrado el 44 por ciento del total de votos emitidos en todo el pa\u00eds\u2026 La consecuencia la sufrimos: cambiar a su antojo la Constituci\u00f3n\u2026 Y, cual debe, el r\u00e9gimen empez\u00f3 a trabajar para designar a nuevos consejeros del INE ante el vencimiento del periodo estatutario de tres de ellos, logrando hace apenas unos d\u00edas la designaci\u00f3n de figuras incondicionales a MORENA\u2026 Se trata de Arturo Manuel Ch\u00e1vez, director de Talleres Gr\u00e1ficos de M\u00e9xico, adscrito a la Secretar\u00eda de Gobernaci\u00f3n y con el antecedente de haber trabajado al lado de la entonces jefa de gobierno de la ciudad de M\u00e9xico, Claudia Sheinbaum; Blanca Yassahara Cruz, presidenta del Instituto Estatal Electoral en Puebla, as\u00ed como a Frida Denisse G\u00f3mez Puga, titular del \u00f3rgano de control interno del Instituto en Tamaulipas, ambas con filiaci\u00f3n cercana al partido oficial\u2026 \u00bfQu\u00e9 le falta a la \u201ccuarta transformaci\u00f3n\u201d para alcanzar su prop\u00f3sito estelar de tener el control absoluto de las instituciones de M\u00e9xico? En este momento se nos viene a la mente el Banco de M\u00e9xico, el principal cerco para el detente de una crisis econ\u00f3mica\u2026 Y puede usted apostar a que ya est\u00e1n delineando desde palacio nacional la estrategia para colocar entre sus directivos solo a incondicionales\u2026 Estamos de acuerdo con quienes han dicho y escrito: Quien no se d\u00e9 cuenta de que ya empezamos a vivir en una dictadura, es porque no quiere verlo.<\/p>\n\n\n\n<p><strong>Evidencias de un mal gobierno<\/strong><\/p>\n\n\n\n<p><strong>LA FISCAL\u00cdA<\/strong> General de la Rep\u00fablica ahora en manos de la \u201cclaudillista qu\u00edmicamente pura\u201d, Ernestina Godoy, exculp\u00f3 totalmente a la Marina del accidente del tren interoce\u00e1nico del pasado 28 de diciembre en el que fallecieron catorce personas\u2026 \u00bfQui\u00e9n puede creer esto cuando existen testimonios de proveedores privilegiados, amigos de los hijos de L\u00f3pez Obrador, que se atrevieron a advertir de un accidente del tren luego de surtir materiales defectuosos a la responsable de construir las v\u00edas, precisamente la Marina?&#8230; Pero el poder tambi\u00e9n se utiliza para proteger al poder\u2026 Edith, una chica con necesidad de trabajar, lleg\u00f3 a un edificio de la ciudad de M\u00e9xico atendiendo una invitaci\u00f3n para desempe\u00f1ar un empleo\u2026 Sali\u00f3 de ah\u00ed muerta dentro de una bolsa\u2026 Pero lo m\u00e1s terrible: si no hubiera sido por la familia, nada se sabe de este caso\u2026 Prueba indubitable de que Juan Pueblo est\u00e1 abandonado a su suerte por la autoridad\u2026 \u00bfCu\u00e1ntos casos m\u00e1s habr\u00e1?&#8230; Y los tribunales, cual debe, no se pueden permitir el lujo de otorgar fallos a favor de figuras que en el futuro inminente podr\u00edan significar una seria competencia a MORENA\u2026 De ah\u00ed que el Tribunal de Michoac\u00e1n no le haya dado la raz\u00f3n a la alcaldesa sustituta de Uruapan, Grecia Quiroz, ante la demanda por violencia ejercida en raz\u00f3n de g\u00e9nero en su contra, exculpando as\u00ed a varios personajes p\u00fablicos que en su momento se enfrentaron a Carlos Manzo, el asesinado esposo de Grecia\u2026 Ac\u00e1 m\u00e1s cerca, la Suprema Corte de Justicia del \u201cacorde\u00f3n\u201d, le dio un coscorr\u00f3n al alcalde de Hermosillo, Antonio Astiazar\u00e1n, que basado en un reglamento municipal atendi\u00f3 una necesidad popular de eliminar focos de infecci\u00f3n en casas en el completo abandono\u2026 La Corte de Hugo Aguilar Ortiz, esgrimi\u00f3 argucias jur\u00eddicas\u2026 \u00a1Caramba!&#8230; Para eso es el poder\u2026 \u00bfAlguna diferencia con aquel gobierno de hace cincuenta o sesenta a\u00f1os?<\/p>\n\n\n\n<p><strong>Universidad de Sonora, evidencia de un descontrol<\/strong><\/p>\n\n\n\n<p><strong>ALGUNOS<\/strong> nos hemos preguntado por qu\u00e9 no ha existido el talento para evitar que a\u00f1o con a\u00f1o entremos a este escenario de incertidumbre en nuestra m\u00e1xima casa de estudios, la Universidad de Sonora\u2026 \u00bfEs injusto que los 40 mil estudiantes pierdan tiempo, dinero y esfuerzo? S\u00ed\u2026 \u00bfEs justo que las y los trabajadores administrativos, las y los maestros exijan cada cierto tiempo mejorar sus prestaciones econ\u00f3micas? S\u00ed\u2026 \u00bfEs justo que los principales funcionarios de la Alma Mater est\u00e9n alejados de las pol\u00edticas de austeridad de los tiempos que vivimos y que desde hace a\u00f1os hayan convertido a la UniSon en un gran monstruo con una burocracia demasiada obesa? Claro que no es justo\u2026 \u00bfPara qu\u00e9, entonces, se dan reformas a la Ley universitaria? \u00bfPara que todo siga igual?&#8230; Es escandaloso que ninguna de las instancias comprometidas en el tema, puedan tener la suficiente visi\u00f3n para enfrentar los emplazamientos a huelga, a\u00f1o con a\u00f1o\u2026 Es incre\u00edble que las respuestas a las exigencias de los sindicatos sea la misma cada a\u00f1o: \u201cNo hay dinero\u201d&#8230; Y a estas alturas seguramente ya se concluy\u00f3 la insuficiencia de los llamados de la rectora Dena Mar\u00eda Camarena y del gobernador Alfonso Durazo, cuyos argumentos son altamente valederos, pero que en los hechos no penetran en las exigencias obreras\u2026Se han hecho tambi\u00e9n muchos an\u00e1lisis\u2026 Que la Universidad no es una f\u00e1brica como cualquiera otra, que las y los muchachos no tienen por qu\u00e9 sufrir, que los padres de ellos no tienen por qu\u00e9 gastar m\u00e1s\u2026 En fin\u2026 Que los sindicatos est\u00e1n protegidos por la Ley\u2026 La realidad es que a\u00f1o con a\u00f1o, a\u00f1o con a\u00f1o, se da esta zozobra y tal parece que nadie tiene la soluci\u00f3n en sus manos\u2026 A ver\u2026 La UniSon se mantiene con nuestros impuestos\u2026 Cincuenta por ciento aporta la Federaci\u00f3n y cincuenta por ciento el Gobierno del Estado\u2026 Como la 4-T se ha portado muy miserable con las universidades p\u00fablicas, las y los rectores deben sacar adelante su capacidad de gesti\u00f3n para prever esa situaci\u00f3n y no dejarla al azar\u2026 Los diputados en el Congreso del Estado son quienes autorizan los presupuestos de egresos a\u00f1o con a\u00f1o\u2026 \u00bfQu\u00e9 no hay capacidad de gesti\u00f3n para solicitar una bolsa para atender en su momento las exigencias sindicales y magisteriales?&#8230; Y falta una cosa m\u00e1s\u2026 Esencial\u2026 Operadores pol\u00edticos\u2026 Estos \u00faltimos deber\u00e1n estar en contacto con los l\u00edderes sindicales todo el a\u00f1o y estar preparados con varias opciones para el momento en que estalle la crisis\u2026 No\u2026 Aqu\u00ed se espera que estalle la crisis, se oculta la cabeza por quienes tienen respuesta y despu\u00e9s salen a pedir un deseo\u2026 La Universidad de Sonora, por mucho, es la instituci\u00f3n m\u00e1s grande y trascendente que se ha construido en Sonora\u2026 Por eso mismo deber\u00eda ser prioridad para autoridades e integrantes de la sociedad civil.<\/p>\n\n\n\n<p><strong>La Comisi\u00f3n Estatal de los Derechos Humanos<\/strong><\/p>\n\n\n\n<p><strong>LUIS<\/strong> Fernando Renter\u00eda Barrag\u00e1n dejar\u00e1 pronto la presidencia de la Comisi\u00f3n Estatal de los Derechos Humanos en Sonora\u2026 En sus inicios al frente de ese organismo, sus intenciones de reestructurar el personal le provocaron algunos ataques personales de personas agraviadas por los movimientos, pero al paso del tiempo Renter\u00eda ha logrado dejar una huella muy positiva de su labor, entre otros resultados, regres\u00f3 la credibilidad de la ciudadan\u00eda a la Comisi\u00f3n, la atenci\u00f3n diaria de decenas de asuntos con soluciones comprometidas con la autoridad mediante un procedimiento de medida cautelar y los acercamientos y convenios con varias instituciones educativas y de la iniciativa privada\u2026 Hay un nutrido grupo de figuras inscritas en el proceso de renovaci\u00f3n ante el Congreso del Estado\u2026 De ellas se puede destacar a Jeanette Arriz\u00f3n, honesta y valiente profesional que se ha dedicado a defender los derechos de las mujeres y participar activamente en los problemas sociales\u2026 \u00bfSe podr\u00e1 ahora evitar el dedazo?<\/p>\n\n\n\n<p><strong>FALLECI\u00d3<\/strong> el arzobispo em\u00e9rito Jos\u00e9 Ulises Mac\u00edas Salcedo\u2026 Contaba con 85 a\u00f1os de edad\u2026 Por m\u00e1s que se esforz\u00f3 no logr\u00f3 una verdadera identificaci\u00f3n con la feligres\u00eda sonorense\u2026 Hab\u00eda sido obispo en Mexicali y sus amistades de all\u00e1 lo invitaban constantemente a fiestas y eventos\u2026 En 2009, con la tragedia de la Guarder\u00eda ABC, el obispo Mac\u00edas pidi\u00f3 a los padres de las v\u00edctimas resignaci\u00f3n, lo que le mereci\u00f3 severas cr\u00edticas.<\/p>\n","protected":false},"excerpt":{"rendered":"<p>RUIZ QUIRR\u00cdN -La mentira, principal arma de manipulaci\u00f3n del r\u00e9gimen, al descubierto -Dif\u00edcil creer la ausencia de talento para advertir huelgas en la Universidad -\u00bfSe podr\u00eda aspirar a evitar el \u201cdedazo\u201d en la designaci\u00f3n de titular de la CEDH? Viernes 24 de abril de 2026 \u201cEl problema no es que mientas; el problema es que [&hellip;]<\/p>\n","protected":false},"author":1,"featured_media":40670,"comment_status":"open","ping_status":"open","sticky":false,"template":"","format":"standard","meta":{"content-type":"","footnotes":""},"categories":[124],"tags":[],"class_list":{"0":"post-40669","1":"post","2":"type-post","3":"status-publish","4":"format-standard","5":"has-post-thumbnail","7":"category-francisco-javier-ruiz-quirrin"},"_links":{"self":[{"href":"https:\/\/www.regioncuatronoticias.com\/index.php\/wp-json\/wp\/v2\/posts\/40669","targetHints":{"allow":["GET"]}}],"collection":[{"href":"https:\/\/www.regioncuatronoticias.com\/index.php\/wp-json\/wp\/v2\/posts"}],"about":[{"href":"https:\/\/www.regioncuatronoticias.com\/index.php\/wp-json\/wp\/v2\/types\/post"}],"author":[{"embeddable":true,"href":"https:\/\/www.regioncuatronoticias.com\/index.php\/wp-json\/wp\/v2\/users\/1"}],"replies":[{"embeddable":true,"href":"https:\/\/www.regioncuatronoticias.com\/index.php\/wp-json\/wp\/v2\/comments?post=40669"}],"version-history":[{"count":1,"href":"https:\/\/www.regioncuatronoticias.com\/index.php\/wp-json\/wp\/v2\/posts\/40669\/revisions"}],"predecessor-version":[{"id":40671,"href":"https:\/\/www.regioncuatronoticias.com\/index.php\/wp-json\/wp\/v2\/posts\/40669\/revisions\/40671"}],"wp:featuredmedia":[{"embeddable":true,"href":"https:\/\/www.regioncuatronoticias.com\/index.php\/wp-json\/wp\/v2\/media\/40670"}],"wp:attachment":[{"href":"https:\/\/www.regioncuatronoticias.com\/index.php\/wp-json\/wp\/v2\/media?parent=40669"}],"wp:term":[{"taxonomy":"category","embeddable":true,"href":"https:\/\/www.regioncuatronoticias.com\/index.php\/wp-json\/wp\/v2\/categories?post=40669"},{"taxonomy":"post_tag","embeddable":true,"href":"https:\/\/www.regioncuatronoticias.com\/index.php\/wp-json\/wp\/v2\/tags?post=40669"}],"curies":[{"name":"wp","href":"https:\/\/api.w.org\/{rel}","templated":true}]}}