{"id":40666,"date":"2026-04-24T00:07:11","date_gmt":"2026-04-24T07:07:11","guid":{"rendered":"https:\/\/www.regioncuatronoticias.com\/?p=40666"},"modified":"2026-04-24T00:07:14","modified_gmt":"2026-04-24T07:07:14","slug":"la-4t-en-manos-de-milei","status":"publish","type":"post","link":"https:\/\/www.regioncuatronoticias.com\/index.php\/2026\/04\/24\/la-4t-en-manos-de-milei\/","title":{"rendered":"La 4T en manos de Milei"},"content":{"rendered":"\n<p><strong>Columna Archivo Confidencial<\/strong><\/p>\n\n\n\n<p><strong>Armando V\u00e1squez Alegr\u00eda<\/strong><\/p>\n\n\n\n<p><strong>La 4T en manos de Milei<\/strong><\/p>\n\n\n\n<p><strong>Viernes 24 de abril de 2024<\/strong><\/p>\n\n\n\n<p><strong>LA IRON\u00cdA ES TAN<\/strong> fina que corta: los secretos de primer nivel de la 4T, esos que se tejieron en las sombras de las aduanas, se sellaron con lealtades de sangre y financiaron con dinero sucio del huachicol, hoy descansan en el despacho de Javier Milei en la Casa Rosada.<\/p>\n\n\n\n<p>Es el presidente argentino quien tiene el poder jur\u00eddico para definir a que pa\u00eds entregar a Fernando Far\u00edas Laguna. Su intervenci\u00f3n procede cuando dos pa\u00edses solicitan su extradici\u00f3n: M\u00e9xico o Estados unidos. No hay que ir muy lejos por la respuesta.<\/p>\n\n\n\n<p>Es el sarcasmo m\u00e1ximo de la geopol\u00edtica: el destino del proyecto pol\u00edtico m\u00e1s ambicioso de M\u00e9xico no est\u00e1 en manos de su pueblo, sino en la pluma de un presidente argentino que desprecia la esencia misma del modelo mexicano.<\/p>\n\n\n\n<p>Milei, fiel a su ret\u00f3rica de combate, no ver\u00e1 en el expediente de la 4T (y a su operador) como a un socio estrat\u00e9gico, menos cuando est\u00e1 \u201ccasado\u201d con Trump y a punto de dolarizar su econom\u00eda, sino que los fustigar\u00e1 como \u201czurdos de mierda\u201d a los que jur\u00f3 combatir. Hoy, la soberan\u00eda de Palacio Nacional se estrella contra el muro ideol\u00f3gico del palacio rosado.<\/p>\n\n\n\n<p>Milei no solo tiene a un preso; tiene el detonador de una crisis que podr\u00eda redibujar el mapa del poder en M\u00e9xico para el 2027. Quienes juraron soberan\u00eda, hoy dependen de la voluntad de quien ellos mismos llamaron su n\u00e9mesis ideol\u00f3gica y que ha sido vilipendiado desde siempre en las \u201cma\u00f1aneras\u201d de ayer y hoy.<\/p>\n\n\n\n<p>Procedente de Bogot\u00e1, Far\u00edas Lagunas lleg\u00f3 a Argentina el primero de abril con un pasaporte falso de Guatemala \u2013sin el chip de seguridad&#8211;, bajo el nombre Luis Fernando Garc\u00eda. Aterriz\u00f3 en el aeropuerto Internacional de Ezeiza, uno de los m\u00e1s estrictos en seguridad, en lugar de tomar un puerto secundario. La confianza mat\u00f3 al gato. Las alarmas de Interpol sonaron, pero lo dejaron pasar y lo vigilaron durante 22 d\u00edas.<\/p>\n\n\n\n<p>Rent\u00f3 un departamento v\u00eda Airbnb de 120 d\u00f3lares la noche en el barrio tur\u00edstico Palermo Soho, en Buenos Aires en un edificio ubicado en Guatemala 4500. La Polic\u00eda Federal Argentina lo aprehendi\u00f3, iron\u00edas de la vida, en la intersecci\u00f3n de Guatemala y Avenida Juan B. Justo.<\/p>\n\n\n\n<p>Tras 233 d\u00edas huyendo, separado de su familia, que por cierto su esposa dijo en una entrevista que lo hab\u00edan dejado solos, https:\/\/n9.cl\/rb9uw0&nbsp; la vigilancia sirvi\u00f3 para detectar quienes le apoyaban financieramente para sufragar sus gastos pues huir no es barato y como experto en inteligencia de primer nivel no utilizaba tarjetas de cr\u00e9dito.<\/p>\n\n\n\n<p>Sirvi\u00f3 de faro para descubrir a sus apoyadores. No es casualidad que con la informaci\u00f3n que seguramente proporcion\u00f3 la CIA en su estatus antiterrorista (por aquello de que en el entramado participaba el CJNG que tambi\u00e9n en Argentina tiene la consideraci\u00f3n de cartel terrorista), se haya aprehendido un d\u00eda antes a la banda ubicada en Hidalgo y Estado de M\u00e9xico un d\u00eda antes de su aprehensi\u00f3n. https:\/\/n9.cl\/hpzqg<\/p>\n\n\n\n<p>Una vez exprimido, su aprehensi\u00f3n sirve para una jugada de doble banda: relegar la importancia noticiosa de la ilegalidad cometida por la CIA \u2013est\u00e1 de moda&#8211;, al operar en terreno mexicano y abrir un boquete en la relaci\u00f3n bilateral una vez que Far\u00edas Laguna acepte ser testigo protegido del gobierno de Estados Unidos.<\/p>\n\n\n\n<p>En Argentina existe una ventana de 48 horas en las que el detenido puede recibir visitas tanto de autoridades mexicanas \u2013por aquello de certificar su condici\u00f3n de salud y cuidado de los derechos humanos&#8211;, como de las estadunidenses v\u00eda la embajada. Sin abogados presentes. La diferencia es que los de ac\u00e1 le llevan un mensaje del gobierno y los de all\u00e1 una negociaci\u00f3n. No hay que ser muy ducho para saber cu\u00e1l le conviene m\u00e1s.<\/p>\n\n\n\n<p>Al cometer el delito de falsificaci\u00f3n de documentos en suelo argentino, Far\u00edas perdi\u00f3 la calidad de \u201cperseguido pol\u00edtico\u201d, convirti\u00e9ndose en un delincuente com\u00fan, por lo que no aplica tal disposici\u00f3n lo cual es un punto importante para futuros alegatos.<\/p>\n\n\n\n<p>En la petici\u00f3n de extradici\u00f3n de M\u00e9xico aflora el hecho de que cuenta con orden de aprehensi\u00f3n con afectaci\u00f3n legal y econ\u00f3mica en nuestro pa\u00eds y fue quien giro la \u00faltima solicitud de apoyo a la Interpol (pues el amparo interpuesto dej\u00f3 de tener efecto), que supuestamente son sus ventajas.<\/p>\n\n\n\n<p>Estados Unidos por su parte, mucho antes de que la FGR actuara, las cortes federales del Distrito, se supone que fue la del Sur de Texas (Houston) o del Distrito Sur de Florida (Miami), emiti\u00f3 contra Far\u00edas Laguna una acusaci\u00f3n sellada impulsada por un gran jurado detonando como evidencia el flujo de dinero del huachicol fiscal en afectaci\u00f3n de bancos estadunidenses., as\u00ed como lavado de dinero, conspiraci\u00f3n y su alianza con el CJNG entre otros puntos.<\/p>\n\n\n\n<p>&nbsp;Cuando sali\u00f3 de M\u00e9xico, EU activ\u00f3 la ficha roja del Interpol. Como objetivo de alto valor su orden de aprehensi\u00f3n ya estaba cargada en la base datos de la CIA y el FBI vinculadas sus huellas digitales, datos biom\u00e9tricos y hasta su modito de andar.<\/p>\n\n\n\n<p>De all\u00ed que lo dejaron pasar en el aeropuerto argentino y como en Estados Unidos son v\u00e1lidas como pruebas las grabaciones y otras herramientas que en M\u00e9xico no, actualmente hay testimonios suficientes para ordenar capturas. \u00bfCu\u00e1ntas grabaciones tendr\u00e1n? De all\u00ed la importancia de los 22 d\u00edas de vigilancia.<\/p>\n\n\n\n<p>Por eso es v\u00e1lido lo que escribi\u00f3 el periodista Luis C\u00e1rdenas en El Universal y que fijo en su X https:\/\/n9.cl\/1d74k al se\u00f1alar que Morena podr\u00eda ser la menor preocupaci\u00f3n de Andy y mencionar nombres de personajes preocupados como Jes\u00fas Ram\u00edrez Cuevas, \u201cDaniel Asaf Manjarrez y Marcos Manuel Herrer\u00eda Alamina podr\u00edan convertirse en una parte sospechosa en la indagatoria. Asaf, \u00edntimo amigo de Andr\u00e9s Manuel L\u00f3pez Beltr\u00e1n; Herrer\u00eda, cu\u00f1ado de Pedro L\u00f3pez Obrador, hermano del expresidente. Ambos, cercanos al coraz\u00f3n del poder\u201d.<\/p>\n\n\n\n<p>Le falt\u00f3 mencionar otros nombres ya conocidos ligados al huachicol seg\u00fan medios informativos como Mario Delgado o aquellos gobernadores beneficiados publicitados, principalmente el de Sonora, Tamaulipas, Sinaloa y Colima.<\/p>\n\n\n\n<p>Tambi\u00e9n menciona el columnista un dato cierto: \u201cEl 16 de abril, en las oficinas de Ikon Midstream LLC en Houston, agentes federales de la CBP, el IRS y el FBI ejecutaron una orden de registro federal incautando computadoras, servidores y documentos. Sin detenciones ni arrestos, de momento.\u201d El registro en Houston no buscaba papeles; buscaba las huellas digitales de los 22 d\u00edas en Palermo. El c\u00edrculo se cerr\u00f3 antes de que Fernando sintiera las esposas.<\/p>\n\n\n\n<p>Hoy, la &#8216;alta gama&#8217; pol\u00edtica mexicana depende de la firma de Javier Milei, el hombre al que juraron despreciar. Fernando es un hombre abandonado, atacado en las ma\u00f1aneras, despreciado, descobijado y perseguido por lo que no guardar\u00e1 lealtades y mucho menos cubrir secretos, buscar\u00e1 por l\u00f3gica natural cobrar venganzas.<\/p>\n\n\n\n<p>El tiempo de las complicidades termin\u00f3. La verdadera auditor\u00eda de la 4T no vendr\u00e1 de la Funci\u00f3n P\u00fablica, sino de una corte en Texas que ya tiene las facturas, los nombres y, sobre todo, el silencio vendido que pegar\u00e1 directamente en quienes hoy fingen demencia.<\/p>\n\n\n\n<p><strong>EN FIN,<\/strong> por hoy es todo, ma\u00f1ana le seguimos si Dios quiere.<\/p>\n\n\n\n<p><strong>Armando V\u00e1squez Alegr\u00eda es periodista con m\u00e1s de 35 a\u00f1os de experiencia en medios escritos y de internet, cuenta licenciatura en Administraci\u00f3n de Empresas, Maestr\u00eda en Competitividad Organizacional y Doctorando en Administraci\u00f3n P\u00fablica. Es director de Editorial J. Castillo, S.A. de C.V. y de \u201cCEO\u201d, Consultor\u00eda Especializada en Organizaciones.<\/strong><\/p>\n\n\n\n<p><strong>Correo electr\u00f3nico:<\/strong><\/p>\n\n\n\n<p><strong>archivoconfidencial@hotmail.com<\/strong><\/p>\n\n\n\n<p><a href=\"https:\/\/www.facebook.com\/armando.vazquez.3304\">https:\/\/www.facebook.com\/armando.vazquez.3304<\/a><\/p>\n","protected":false},"excerpt":{"rendered":"<p>Columna Archivo Confidencial Armando V\u00e1squez Alegr\u00eda La 4T en manos de Milei Viernes 24 de abril de 2024 LA IRON\u00cdA ES TAN fina que corta: los secretos de primer nivel de la 4T, esos que se tejieron en las sombras de las aduanas, se sellaron con lealtades de sangre y financiaron con dinero sucio del [&hellip;]<\/p>\n","protected":false},"author":1,"featured_media":40667,"comment_status":"open","ping_status":"open","sticky":false,"template":"","format":"standard","meta":{"content-type":"","footnotes":""},"categories":[129],"tags":[],"class_list":{"0":"post-40666","1":"post","2":"type-post","3":"status-publish","4":"format-standard","5":"has-post-thumbnail","7":"category-armando-vasquez-a"},"_links":{"self":[{"href":"https:\/\/www.regioncuatronoticias.com\/index.php\/wp-json\/wp\/v2\/posts\/40666","targetHints":{"allow":["GET"]}}],"collection":[{"href":"https:\/\/www.regioncuatronoticias.com\/index.php\/wp-json\/wp\/v2\/posts"}],"about":[{"href":"https:\/\/www.regioncuatronoticias.com\/index.php\/wp-json\/wp\/v2\/types\/post"}],"author":[{"embeddable":true,"href":"https:\/\/www.regioncuatronoticias.com\/index.php\/wp-json\/wp\/v2\/users\/1"}],"replies":[{"embeddable":true,"href":"https:\/\/www.regioncuatronoticias.com\/index.php\/wp-json\/wp\/v2\/comments?post=40666"}],"version-history":[{"count":1,"href":"https:\/\/www.regioncuatronoticias.com\/index.php\/wp-json\/wp\/v2\/posts\/40666\/revisions"}],"predecessor-version":[{"id":40668,"href":"https:\/\/www.regioncuatronoticias.com\/index.php\/wp-json\/wp\/v2\/posts\/40666\/revisions\/40668"}],"wp:featuredmedia":[{"embeddable":true,"href":"https:\/\/www.regioncuatronoticias.com\/index.php\/wp-json\/wp\/v2\/media\/40667"}],"wp:attachment":[{"href":"https:\/\/www.regioncuatronoticias.com\/index.php\/wp-json\/wp\/v2\/media?parent=40666"}],"wp:term":[{"taxonomy":"category","embeddable":true,"href":"https:\/\/www.regioncuatronoticias.com\/index.php\/wp-json\/wp\/v2\/categories?post=40666"},{"taxonomy":"post_tag","embeddable":true,"href":"https:\/\/www.regioncuatronoticias.com\/index.php\/wp-json\/wp\/v2\/tags?post=40666"}],"curies":[{"name":"wp","href":"https:\/\/api.w.org\/{rel}","templated":true}]}}