{"id":40649,"date":"2026-04-23T23:08:56","date_gmt":"2026-04-24T06:08:56","guid":{"rendered":"https:\/\/www.regioncuatronoticias.com\/?p=40649"},"modified":"2026-04-23T23:09:01","modified_gmt":"2026-04-24T06:09:01","slug":"piden-juicio-politico-contra-rosario-piedra-ibarra-por-las-omisiones-de-la-cndh","status":"publish","type":"post","link":"https:\/\/www.regioncuatronoticias.com\/index.php\/2026\/04\/23\/piden-juicio-politico-contra-rosario-piedra-ibarra-por-las-omisiones-de-la-cndh\/","title":{"rendered":"Piden juicio pol\u00edtico contra Rosario Piedra Ibarra por las omisiones de la CNDH"},"content":{"rendered":"\n<p><strong>El llamado de Colectivos de Familias Buscadoras es a presentar m\u00e1s denuncias, por no dar acompa\u00f1amiento a sus casos, est\u00e1 liderado por la diputada de Movimiento Ciudadano Laura Ballesteros<\/strong><\/p>\n\n\n\n<p>Informaci\u00f3n de El Pa\u00eds<\/p>\n\n\n\n<p>Erika Rosete<\/p>\n\n\n\n<p>Jueves 23 de abril de 2026<\/p>\n\n\n\n<p>Varios colectivos de familias buscadoras de desaparecidos en M\u00e9xico han interpuesto las cuatro primeras solicitudes de juicio pol\u00edtico en contra de la titular de la Comisi\u00f3n Nacional de Derechos Humanos (CNDH), Rosario Piedra Ibarra, por ser omisa en su funci\u00f3n y no darles acompa\u00f1amiento. Las solicitudes, que han sido presentadas formalmente ante la C\u00e1mara de Diputados, han sido parte de la respuesta al llamado de la diputada federal del partido Movimiento Ciudadano, Laura Ballesteros, que desde hace semanas ha pedido la salida de Piedra Ibarra \u201cpor negligente, por solapar al Estado mexicano y por encubrir a quienes no dan garant\u00edas de no repetici\u00f3n y no reparaci\u00f3n del da\u00f1o\u201d. Ballesteros ha hecho la primera petici\u00f3n de juicio pol\u00edtico y ha pedido a los colectivos de buscadoras que impulsen \u201csus propias lluvias de juicios\u201d en contra de la funcionaria.<\/p>\n\n\n\n<p>\u201cEstos juicios son ciudadanos y seguir\u00e1n llegando desde todo el pa\u00eds. Aqu\u00ed tienen puertas abiertas y acompa\u00f1amiento. No los vamos a soltar. Verdad, justicia, reparaci\u00f3n y no repetici\u00f3n. Hasta encontrarles\u201d, escribi\u00f3 Ballesteros este mi\u00e9rcoles en su cuenta de X. La diputada tambi\u00e9n confirm\u00f3 que la cuarta petici\u00f3n corresponde a una denuncia hecha desde el Estado de Guanajuato.<\/p>\n\n\n\n<p>Uno de los colectivos firmantes de las primeras denuncias es la plataforma V\u00edctimas Unidas, que integra a otros 20 colectivos de personas buscadoras. Su portavoz, Carlos Castro, ha dicho en una conferencia de prensa de este mi\u00e9rcoles: \u201cVenimos a pedir el apoyo, a denunciar y a buscar aliados porque en el Poder Ejecutivo no han querido platicar con madres y padres buscadores de personas desaparecidas. Tenemos mucho que denunciar, mucho que hacer. Si el Ejecutivo nos bate\u00f3, vamos a buscar a los otros poderes\u201d.<\/p>\n\n\n\n<p>\u201cAgraviados, olvidados y ofendidos\u201d. As\u00ed aseguraron sentirse familiares de desaparecidos, como Alejandra Galv\u00e1n, que busca a su hermano Adri\u00e1n Galv\u00e1n desde 2012. \u201cDice que es tiempo de mujeres, pero ni usted, siendo madre ni mujer, nos ha recibido\u201d, reproch\u00f3 en referencia a la presidenta Claudia Sheinbaum. \u201cEs por eso que las familias buscadoras exigimos juicio pol\u00edtico a la representante de Derechos Humanos de la naci\u00f3n. Es necesario que esto pare. Y si no tenemos siquiera la confianza de ese organismo que deber\u00eda defendernos, \u00bfentonces en qui\u00e9n vamos a confiar?\u201c, dijo Joel Flores Prudencio, que busca a su hijo Jonathan Flores Contreras, desaparecido el 13 de septiembre de 2013 en Nuevo Laredo, Tamaulipas.<\/p>\n\n\n\n<p>Activistas y defensores criticaron el papel de la CNDH en materia de desapariciones. Rosalinda Pimentel, defensora de derechos humanos y acompa\u00f1ante de v\u00edctimas, dijo: \u201cNosotros pod\u00edamos recurrir a la CNDH, y cuando menos, que sabemos que no es una instancia jurisdiccional, s\u00ed pod\u00edamos hacer algunas cosas. Hoy la CNDH se ha convertido en un teatro de marionetas que se mueven para complacer y acompa\u00f1ar al Gobierno, no a la ciudadan\u00eda. No es nuevo que nos quejemos de la actuaci\u00f3n de la Comisi\u00f3n en el 2020, no fue por nada que tomamos las instalaciones\u201d, record\u00f3.<\/p>\n\n\n\n<p>Este lunes, en el marco de la visita del Alto Comisionado de la ONU para los Derechos Humanos, Volker T\u00fcrk, se realiz\u00f3 el Foro Nacional de Exlegisladores: \u00bfD\u00f3nde est\u00e1n? Desaparici\u00f3n forzada. En el encuentro, legisladores y especialistas en derechos humanos, y madres buscadoras invitadas, criticaron el registro oficial de personas desaparecidas presentado por la presidenta Claudia Sheinbaum el pasado 27 de marzo y el trabajo que ha hecho en la materia la CNDH.<\/p>\n\n\n\n<p>Paralelamente, en un encuentro con el Alto Comisionado, la presidenta de la CNDH, Rosario Piedra Ibarra, dialog\u00f3 con el funcionario sobre la situaci\u00f3n de las personas desaparecidas en M\u00e9xico y le expres\u00f3 \u201cdiscrepancias de fondo\u201d con el Comit\u00e9 contra la Desaparici\u00f3n Forzada (CED), que tienen que ver con la conceptualizaci\u00f3n sobre violencia pol\u00edtica de Estado y sobre el tema de las desapariciones. \u201cSe lo est\u00e1 diciendo quien conoci\u00f3 y padeci\u00f3 esa violencia pol\u00edtica de ese Estado autoritario que dur\u00f3 varias d\u00e9cadas. Mi madre, Rosario Ibarra, acudi\u00f3 al menos en 18 ocasiones a las sedes de la ONU y llev\u00f3 una huelga de hambre en la sede de Ginebra. Como usted sabe, la ONU cre\u00f3 el CED en 1980, sin embargo, no cuestion\u00f3 al Estado mexicano en todo ese tiempo como lo hace ahora, cuando es la primera vez que el Gobierno de M\u00e9xico, tanto el actual como el pasado, est\u00e1n llevando a cabo acciones para que realmente se respeten los derechos humanos y erradicar las lacras que dejaron los gobiernos autoritarios y el Gobierno calderonista\u201d.<\/p>\n\n\n\n<p><strong>Una medalla por encontrar a su hija<\/strong><\/p>\n\n\n\n<p>El Congreso de Ciudad de M\u00e9xico otorg\u00f3 formalmente este mi\u00e9rcoles a la madre buscadora Jaqueline Palmeros la Medalla al M\u00e9rito de los Defensores de Derechos Humanos. Palmeros, junto con la organizaci\u00f3n Sin Fronteras, que desde hace 30 a\u00f1os trabaja en la defensa de los derechos humanos de personas migrantes, solicitantes de asilo y personas refugiadas en M\u00e9xico, obtuvieron la distinci\u00f3n que dan los legisladores de la capital.<\/p>\n\n\n\n<p>Palmeros, fundadora del colectivo Una luz en el camino, traz\u00f3 el plano de b\u00fasqueda del lugar en donde intu\u00eda que estaban los restos de su hija Jael Monserrat Palmeros, desaparecida en julio de 2020 en la alcald\u00eda Iztapalapa, en Ciudad de M\u00e9xico. Fue ella misma quien encontr\u00f3 la forma para ingresar a las redes sociales de su hija, cuando las autoridades de Ciudad de M\u00e9xico le dijeron que no ten\u00edan las herramientas para hacerlo, o cuando perdieron su carpeta de investigaci\u00f3n y tambi\u00e9n cuando se extraviaron videos de c\u00e1maras de seguridad que ella hab\u00eda conseguido y que mostraban la ruta del coche al que su hija se subi\u00f3 y del que nunca se volvi\u00f3 a saber.<\/p>\n\n\n\n<p>La mujer fue tambi\u00e9n la que en noviembre de 2024 encontr\u00f3 en el Ajusco, en el sur de la capital, los restos de su hija, tras cuatro a\u00f1os de b\u00fasqueda, formalmente identificados el pasado 17 de enero: \u201cBuscas queriendo encontrar, pero jam\u00e1s te imaginas que t\u00fa misma vas a encontrar a tu hijo o tu hija. Ninguna madre merece recoger los restos de sus hijos en ning\u00fan lugar\u201d, cont\u00f3 en su momento a este peri\u00f3dico.<\/p>\n\n\n\n<p><a href=\"https:\/\/elpais.com\/mexico\/2026-04-23\/colectivos-de-familias-buscadoras-piden-juicio-politico-contra-rosario-piedra-por-las-omisiones-de-la-comision-nacional-de-ddhh.html\">https:\/\/elpais.com\/mexico\/2026-04-23\/colectivos-de-familias-buscadoras-piden-juicio-politico-contra-rosario-piedra-por-las-omisiones-de-la-comision-nacional-de-ddhh.html<\/a><\/p>\n","protected":false},"excerpt":{"rendered":"<p>El llamado de Colectivos de Familias Buscadoras es a presentar m\u00e1s denuncias, por no dar acompa\u00f1amiento a sus casos, est\u00e1 liderado por la diputada de Movimiento Ciudadano Laura Ballesteros Informaci\u00f3n de El Pa\u00eds Erika Rosete Jueves 23 de abril de 2026 Varios colectivos de familias buscadoras de desaparecidos en M\u00e9xico han interpuesto las cuatro primeras [&hellip;]<\/p>\n","protected":false},"author":1,"featured_media":40650,"comment_status":"open","ping_status":"open","sticky":false,"template":"","format":"standard","meta":{"content-type":"","footnotes":""},"categories":[3,115,105],"tags":[],"class_list":{"0":"post-40649","1":"post","2":"type-post","3":"status-publish","4":"format-standard","5":"has-post-thumbnail","7":"category-mexico","8":"category-politica","9":"category-principal"},"_links":{"self":[{"href":"https:\/\/www.regioncuatronoticias.com\/index.php\/wp-json\/wp\/v2\/posts\/40649","targetHints":{"allow":["GET"]}}],"collection":[{"href":"https:\/\/www.regioncuatronoticias.com\/index.php\/wp-json\/wp\/v2\/posts"}],"about":[{"href":"https:\/\/www.regioncuatronoticias.com\/index.php\/wp-json\/wp\/v2\/types\/post"}],"author":[{"embeddable":true,"href":"https:\/\/www.regioncuatronoticias.com\/index.php\/wp-json\/wp\/v2\/users\/1"}],"replies":[{"embeddable":true,"href":"https:\/\/www.regioncuatronoticias.com\/index.php\/wp-json\/wp\/v2\/comments?post=40649"}],"version-history":[{"count":1,"href":"https:\/\/www.regioncuatronoticias.com\/index.php\/wp-json\/wp\/v2\/posts\/40649\/revisions"}],"predecessor-version":[{"id":40651,"href":"https:\/\/www.regioncuatronoticias.com\/index.php\/wp-json\/wp\/v2\/posts\/40649\/revisions\/40651"}],"wp:featuredmedia":[{"embeddable":true,"href":"https:\/\/www.regioncuatronoticias.com\/index.php\/wp-json\/wp\/v2\/media\/40650"}],"wp:attachment":[{"href":"https:\/\/www.regioncuatronoticias.com\/index.php\/wp-json\/wp\/v2\/media?parent=40649"}],"wp:term":[{"taxonomy":"category","embeddable":true,"href":"https:\/\/www.regioncuatronoticias.com\/index.php\/wp-json\/wp\/v2\/categories?post=40649"},{"taxonomy":"post_tag","embeddable":true,"href":"https:\/\/www.regioncuatronoticias.com\/index.php\/wp-json\/wp\/v2\/tags?post=40649"}],"curies":[{"name":"wp","href":"https:\/\/api.w.org\/{rel}","templated":true}]}}