{"id":40637,"date":"2026-04-23T22:45:58","date_gmt":"2026-04-24T05:45:58","guid":{"rendered":"https:\/\/www.regioncuatronoticias.com\/?p=40637"},"modified":"2026-04-23T22:46:02","modified_gmt":"2026-04-24T05:46:02","slug":"detienen-en-argentina-al-contralmirante-fernando-farias-implicado-en-el-caso-de-huachicol-fiscal","status":"publish","type":"post","link":"https:\/\/www.regioncuatronoticias.com\/index.php\/2026\/04\/23\/detienen-en-argentina-al-contralmirante-fernando-farias-implicado-en-el-caso-de-huachicol-fiscal\/","title":{"rendered":"Detienen en Argentina al contralmirante Fernando Far\u00edas, implicado en el caso de &#8216;huachicol fiscal&#8217;"},"content":{"rendered":"\n<p>Tomado de La Jornada<\/p>\n\n\n\n<p>Iv\u00e1n Evair Salda\u00f1a y C\u00e9sar Arellano<\/p>\n\n\n\n<p>Jueves 23de abril de 2026<\/p>\n\n\n\n<p>El contralmirante de la Secretar\u00eda de Marina Armada de M\u00e9xico, Fernando Far\u00edas Lagunas, pr\u00f3fugo desde agosto del a\u00f1o pasado al ser acusado de formar parte de una red de corrupci\u00f3n relacionada con huachicol fiscal, fue detenido este jueves en Buenos Aires, Argentina, con fines de extradici\u00f3n, confirmaron fuentes federales.<\/p>\n\n\n\n<p>Se trata del segundo mando de alto rango de la Marina detenido por su presunta participaci\u00f3n en esta red de tr\u00e1fico de hidrocarburos provenientes de Estados Unidos. Esto ocurre tras la detenci\u00f3n, en septiembre, de su hermano, el vicealmirante Manuel Roberto Far\u00edas Laguna, junto con una decena de funcionarios que presuntamente proteg\u00edan el ingreso de combustible ilegal al pa\u00eds mediante esquemas de simulaci\u00f3n de importaciones.<\/p>\n\n\n\n<p>Cabe se\u00f1alar que la Marina dio de baja definitiva, mediante procedimiento administrativo, al vicealmirante, el 18 de diciembre, y a su hermano, el contralmirante, el 11 de septiembre.<\/p>\n\n\n\n<p>En redes sociales, el secretario de Seguridad y Protecci\u00f3n Ciudadana (SSPC), Omar Garc\u00eda Harfuch, inform\u00f3 sobre la detenci\u00f3n, aunque no revel\u00f3 la identidad, se\u00f1alando que esta se logr\u00f3 gracias a los mecanismos de intercambio de informaci\u00f3n y cooperaci\u00f3n internacional en materia de seguridad.<\/p>\n\n\n\n<p>\u201cAgradecemos la colaboraci\u00f3n de las autoridades de Argentina y de UNIPOL en ese pa\u00eds. El Gobierno de M\u00e9xico refrenda su compromiso&nbsp; con el combate a la corrupci\u00f3n y la no impunidad\u201d, destac\u00f3.<\/p>\n\n\n\n<p>En la acci\u00f3n, destac\u00f3 la participaci\u00f3n de la propia Secretar\u00eda de Marina, a trav\u00e9s de la Unidad de Inteligencia Naval; de la Fiscal\u00eda General de la Rep\u00fablica por conducto de Interpol M\u00e9xico y la FEMDO; y la de la SSPC, a trav\u00e9s del Centro Nacional de Inteligencia.<\/p>\n\n\n\n<p>Fernando Far\u00edas contaba con ficha roja emitida por la Interpol. Al momento de ser detenido, seg\u00fan fuentes federal, contaba con pasaporte falso de Guatemala, su detenci\u00f3n es con fines de extradici\u00f3n, se realizar\u00e1 su audiencia de reconocimiento por autoridades de aquel pa\u00eds para continuar con los procedimientos correspondientes.<\/p>\n\n\n\n<p><a href=\"https:\/\/www.jornada.com.mx\/noticia\/2026\/04\/23\/politica\/detienen-en-argentina-al-contraalmirante-fernando-farias-implicado-en-el-caso-de-huachicol\">https:\/\/www.jornada.com.mx\/noticia\/2026\/04\/23\/politica\/detienen-en-argentina-al-contraalmirante-fernando-farias-implicado-en-el-caso-de-huachicol<\/a><\/p>\n","protected":false},"excerpt":{"rendered":"<p>Tomado de La Jornada Iv\u00e1n Evair Salda\u00f1a y C\u00e9sar Arellano Jueves 23de abril de 2026 El contralmirante de la Secretar\u00eda de Marina Armada de M\u00e9xico, Fernando Far\u00edas Lagunas, pr\u00f3fugo desde agosto del a\u00f1o pasado al ser acusado de formar parte de una red de corrupci\u00f3n relacionada con huachicol fiscal, fue detenido este jueves en Buenos [&hellip;]<\/p>\n","protected":false},"author":1,"featured_media":40638,"comment_status":"open","ping_status":"open","sticky":false,"template":"","format":"standard","meta":{"content-type":"","footnotes":""},"categories":[3,105,113],"tags":[],"class_list":{"0":"post-40637","1":"post","2":"type-post","3":"status-publish","4":"format-standard","5":"has-post-thumbnail","7":"category-mexico","8":"category-principal","9":"category-seguridad"},"_links":{"self":[{"href":"https:\/\/www.regioncuatronoticias.com\/index.php\/wp-json\/wp\/v2\/posts\/40637","targetHints":{"allow":["GET"]}}],"collection":[{"href":"https:\/\/www.regioncuatronoticias.com\/index.php\/wp-json\/wp\/v2\/posts"}],"about":[{"href":"https:\/\/www.regioncuatronoticias.com\/index.php\/wp-json\/wp\/v2\/types\/post"}],"author":[{"embeddable":true,"href":"https:\/\/www.regioncuatronoticias.com\/index.php\/wp-json\/wp\/v2\/users\/1"}],"replies":[{"embeddable":true,"href":"https:\/\/www.regioncuatronoticias.com\/index.php\/wp-json\/wp\/v2\/comments?post=40637"}],"version-history":[{"count":1,"href":"https:\/\/www.regioncuatronoticias.com\/index.php\/wp-json\/wp\/v2\/posts\/40637\/revisions"}],"predecessor-version":[{"id":40639,"href":"https:\/\/www.regioncuatronoticias.com\/index.php\/wp-json\/wp\/v2\/posts\/40637\/revisions\/40639"}],"wp:featuredmedia":[{"embeddable":true,"href":"https:\/\/www.regioncuatronoticias.com\/index.php\/wp-json\/wp\/v2\/media\/40638"}],"wp:attachment":[{"href":"https:\/\/www.regioncuatronoticias.com\/index.php\/wp-json\/wp\/v2\/media?parent=40637"}],"wp:term":[{"taxonomy":"category","embeddable":true,"href":"https:\/\/www.regioncuatronoticias.com\/index.php\/wp-json\/wp\/v2\/categories?post=40637"},{"taxonomy":"post_tag","embeddable":true,"href":"https:\/\/www.regioncuatronoticias.com\/index.php\/wp-json\/wp\/v2\/tags?post=40637"}],"curies":[{"name":"wp","href":"https:\/\/api.w.org\/{rel}","templated":true}]}}