{"id":40625,"date":"2026-04-23T22:18:26","date_gmt":"2026-04-24T05:18:26","guid":{"rendered":"https:\/\/www.regioncuatronoticias.com\/?p=40625"},"modified":"2026-04-23T22:18:29","modified_gmt":"2026-04-24T05:18:29","slug":"periodistas-independientes-en-sonora-podran-acceder-a-vivienda-sin-cotizar-en-infonavit","status":"publish","type":"post","link":"https:\/\/www.regioncuatronoticias.com\/index.php\/2026\/04\/23\/periodistas-independientes-en-sonora-podran-acceder-a-vivienda-sin-cotizar-en-infonavit\/","title":{"rendered":"Periodistas independientes en Sonora podr\u00e1n acceder a vivienda sin cotizar en Infonavit"},"content":{"rendered":"\n<p><strong>La propuesta fue impulsada por el gobernador Alfonso Durazo y respaldada por la Sedatu<\/strong><\/p>\n\n\n\n<p>Informaci\u00f3n de El Universal<\/p>\n\n\n\n<p>Amalia Escobar\/Corresponsal<\/p>\n\n\n\n<p>Jueves 23 de abril de 2026<\/p>\n\n\n\n<p>Hermosillo. \u2013 El Gobierno de Sonora anunci\u00f3 que el Programa Nacional de Vivienda para el Bienestar incorporar\u00e1 una nueva modalidad dirigida a periodistas independientes, quienes podr\u00e1n acceder a una vivienda a\u00fan sin haber cotizado en el Infonavit.<\/p>\n\n\n\n<p>El secretario de Bienestar en la entidad, Fernando Rojo de la Vega, inform\u00f3 que esta medida responde a solicitudes planteadas por comunicadores que hist\u00f3ricamente han quedado fuera de los esquemas tradicionales de financiamiento habitacional.<\/p>\n\n\n\n<p>Durante una conferencia en Hermosillo, el funcionario explic\u00f3 que la propuesta fue impulsada por el gobernador Alfonso Durazo y respaldada por la Sedatu, lo que permiti\u00f3 su inclusi\u00f3n dentro de las modalidades del programa federal.<\/p>\n\n\n\n<p>\u201cHay sectores que hist\u00f3ricamente han quedado fuera de los esquemas tradicionales de vivienda. Hoy estamos abriendo una alternativa para que periodistas independientes puedan ser considerados\u201d, se\u00f1al\u00f3 Rojo de la Vega.<\/p>\n\n\n\n<p>El esquema contempla integrar esta opci\u00f3n a las v\u00edas de acceso ya existentes dentro del programa, ampliando su cobertura a personas sin historial de cotizaci\u00f3n en organismos de vivienda, pero con necesidad de una soluci\u00f3n habitacional.<\/p>\n\n\n\n<p>El titular de Bienestar detall\u00f3 que, aunque la propuesta ya cuenta con el aval de la Secretar\u00eda de Desarrollo Agrario, Territorial y Urbano (Sedatu), actualmente se trabaja en la definici\u00f3n de los lineamientos espec\u00edficos que determinar\u00e1n los requisitos y el proceso de inscripci\u00f3n para los periodistas interesados.<\/p>\n\n\n\n<p>Este anuncio se enmarca en el avance del programa en la capital sonorense, donde se proyecta la construcci\u00f3n de 20 mil viviendas.<\/p>\n\n\n\n<p>De ese total, 11 mil 142 ya se encuentran en proceso, como parte de la estrategia nacional de vivienda impulsada por la presidenta Claudia Sheinbaum y respaldada a nivel estatal por la administraci\u00f3n de Durazo.<\/p>\n\n\n\n<p>Con esta medida, el gobierno estatal busca ampliar el acceso a vivienda digna a sectores laborales no tradicionales, particularmente aquellos que operan bajo esquemas independientes o informales.<\/p>\n\n\n\n<p><a href=\"https:\/\/www.eluniversal.com.mx\/estados\/en-sonora-periodistas-independientes-podran-acceder-a-vivienda-sin-cotizar-en-infonavit\">https:\/\/www.eluniversal.com.mx\/estados\/en-sonora-periodistas-independientes-podran-acceder-a-vivienda-sin-cotizar-en-infonavit<\/a><\/p>\n","protected":false},"excerpt":{"rendered":"<p>La propuesta fue impulsada por el gobernador Alfonso Durazo y respaldada por la Sedatu Informaci\u00f3n de El Universal Amalia Escobar\/Corresponsal Jueves 23 de abril de 2026 Hermosillo. \u2013 El Gobierno de Sonora anunci\u00f3 que el Programa Nacional de Vivienda para el Bienestar incorporar\u00e1 una nueva modalidad dirigida a periodistas independientes, quienes podr\u00e1n acceder a una [&hellip;]<\/p>\n","protected":false},"author":1,"featured_media":40626,"comment_status":"open","ping_status":"open","sticky":false,"template":"","format":"standard","meta":{"content-type":"","footnotes":""},"categories":[115,9],"tags":[],"class_list":{"0":"post-40625","1":"post","2":"type-post","3":"status-publish","4":"format-standard","5":"has-post-thumbnail","7":"category-politica","8":"category-sonora"},"_links":{"self":[{"href":"https:\/\/www.regioncuatronoticias.com\/index.php\/wp-json\/wp\/v2\/posts\/40625","targetHints":{"allow":["GET"]}}],"collection":[{"href":"https:\/\/www.regioncuatronoticias.com\/index.php\/wp-json\/wp\/v2\/posts"}],"about":[{"href":"https:\/\/www.regioncuatronoticias.com\/index.php\/wp-json\/wp\/v2\/types\/post"}],"author":[{"embeddable":true,"href":"https:\/\/www.regioncuatronoticias.com\/index.php\/wp-json\/wp\/v2\/users\/1"}],"replies":[{"embeddable":true,"href":"https:\/\/www.regioncuatronoticias.com\/index.php\/wp-json\/wp\/v2\/comments?post=40625"}],"version-history":[{"count":1,"href":"https:\/\/www.regioncuatronoticias.com\/index.php\/wp-json\/wp\/v2\/posts\/40625\/revisions"}],"predecessor-version":[{"id":40627,"href":"https:\/\/www.regioncuatronoticias.com\/index.php\/wp-json\/wp\/v2\/posts\/40625\/revisions\/40627"}],"wp:featuredmedia":[{"embeddable":true,"href":"https:\/\/www.regioncuatronoticias.com\/index.php\/wp-json\/wp\/v2\/media\/40626"}],"wp:attachment":[{"href":"https:\/\/www.regioncuatronoticias.com\/index.php\/wp-json\/wp\/v2\/media?parent=40625"}],"wp:term":[{"taxonomy":"category","embeddable":true,"href":"https:\/\/www.regioncuatronoticias.com\/index.php\/wp-json\/wp\/v2\/categories?post=40625"},{"taxonomy":"post_tag","embeddable":true,"href":"https:\/\/www.regioncuatronoticias.com\/index.php\/wp-json\/wp\/v2\/tags?post=40625"}],"curies":[{"name":"wp","href":"https:\/\/api.w.org\/{rel}","templated":true}]}}