{"id":40399,"date":"2026-04-19T23:22:43","date_gmt":"2026-04-20T06:22:43","guid":{"rendered":"https:\/\/www.regioncuatronoticias.com\/?p=40399"},"modified":"2026-04-19T23:22:47","modified_gmt":"2026-04-20T06:22:47","slug":"desde-barcelona-espana-mexico-y-brasil-piden-respeto-a-la-integridad-territorial-de-cuba","status":"publish","type":"post","link":"https:\/\/www.regioncuatronoticias.com\/index.php\/2026\/04\/19\/desde-barcelona-espana-mexico-y-brasil-piden-respeto-a-la-integridad-territorial-de-cuba\/","title":{"rendered":"Desde Barcelona, Espa\u00f1a, M\u00e9xico y Brasil piden respeto a la &#8220;integridad territorial&#8221; de Cuba"},"content":{"rendered":"\n<p><strong>Esta semana medios estadounidenses revelaban que el Pent\u00e1gono est\u00e1 intensificando sus planes para una posible intervenci\u00f3n militar en Cuba.<\/strong><\/p>\n\n\n\n<p>Tomado de Aristegui Noticias<\/p>\n\n\n\n<p>Redacci\u00f3n AN \/ LP<\/p>\n\n\n\n<p>S\u00e1bado 18 de abril de 2026<\/p>\n\n\n\n<p>Los Gobiernos de Brasil, Espa\u00f1a y M\u00e9xico han hecho p\u00fablico este s\u00e1bado un comunicado conjunto en el que expresan su \u201cenorme preocupaci\u00f3n\u201d por la grave crisis humanitaria en Cuba y reiteran la necesidad de respetar la \u201cintegridad territorial\u201d de la isla.<\/p>\n\n\n\n<p>En el comunicado conjunto, y ante \u201cla evoluci\u00f3n de los acontecimientos\u201d en Cuba, los tres Gobiernos alertan de la \u201cdram\u00e1tica situaci\u00f3n\u201d que vive el pueblo cubano y emplazan a que se adopten las medidas necesarias para aliviar esta situaci\u00f3n y se eviten acciones \u201cque agravan las condiciones de vida de la poblaci\u00f3n o contrarias al Derecho Internacional\u201d.<\/p>\n\n\n\n<p>\u201cNos comprometemos a incrementar de manera coordinada nuestra respuesta humanitaria dirigida a aliviar el sufrimiento del pueblo cubano\u201d, dice la nota.<\/p>\n\n\n\n<p>Reiteran, asimismo, la necesidad de \u201crespetar en todo momento el Derecho Internacional y los principios de integridad territorial, igualdad soberana y arreglo pac\u00edfico de las controversias, consagrados en la Carta de las Naciones Unidas\u201c.<\/p>\n\n\n\n<p>En este sentido, los Gobiernos de Espa\u00f1a, Brasil y M\u00e9xico reafirman su compromiso \u201cirrenunciable\u201d con \u201clos derechos humanos, los valores democr\u00e1ticos y el multilateralismo\u201d.<\/p>\n\n\n\n<p>Con ese deseo hacen un llamamiento a \u201cun di\u00e1logo sincero, respetuoso y acorde al Derecho Internacional y a los principios de la Carta de Naciones Unidas\u201d, con el objetivo de encontrar \u201cuna soluci\u00f3n duradera a la actual situaci\u00f3n y garantizar que sea el propio pueblo cubano quien decida su futuro en plena libertad\u201d, concluye la nota.<\/p>\n\n\n\n<p>Este s\u00e1bado el presidente de Cuba, Miguel D\u00edaz-Canel, afirm\u00f3 que la isla no \u201caspira a la guerra\u201d, pero \u201ctiene la responsabilidad de defenderse\u201d ante una hipot\u00e9tica intervenci\u00f3n militar de EE.UU.<\/p>\n\n\n\n<p>Cuba anunci\u00f3 el 13 de marzo que hab\u00eda abierto un \u201cdi\u00e1logo\u201d con EE.UU., pero indic\u00f3 que se encontraba en \u201cfases iniciales\u201d y \u201calejados\u201d de cualquier acuerdo.<\/p>\n\n\n\n<p>Esta semana medios estadounidenses revelaban que el Pent\u00e1gono est\u00e1 intensificando sus planes para una posible intervenci\u00f3n militar en Cuba, pero el departamento de Guerra de EE.UU., en respuesta a una pregunta de EFE, pidi\u00f3 no especular sobre \u201cescenarios hipot\u00e9ticos\u201d.<\/p>\n\n\n\n<p>EFE<\/p>\n\n\n\n<p><a href=\"https:\/\/aristeguinoticias.com\/1804\/mundo\/desde-barcelona-espana-mexico-y-brasil-piden-respeto-a-la-integridad-territorial-de-cuba\">https:\/\/aristeguinoticias.com\/1804\/mundo\/desde-barcelona-espana-mexico-y-brasil-piden-respeto-a-la-integridad-territorial-de-cuba<\/a><\/p>\n","protected":false},"excerpt":{"rendered":"<p>Esta semana medios estadounidenses revelaban que el Pent\u00e1gono est\u00e1 intensificando sus planes para una posible intervenci\u00f3n militar en Cuba. Tomado de Aristegui Noticias Redacci\u00f3n AN \/ LP S\u00e1bado 18 de abril de 2026 Los Gobiernos de Brasil, Espa\u00f1a y M\u00e9xico han hecho p\u00fablico este s\u00e1bado un comunicado conjunto en el que expresan su \u201cenorme preocupaci\u00f3n\u201d [&hellip;]<\/p>\n","protected":false},"author":1,"featured_media":40400,"comment_status":"open","ping_status":"open","sticky":false,"template":"","format":"standard","meta":{"content-type":"","footnotes":""},"categories":[7,115],"tags":[],"class_list":{"0":"post-40399","1":"post","2":"type-post","3":"status-publish","4":"format-standard","5":"has-post-thumbnail","7":"category-internacional","8":"category-politica"},"_links":{"self":[{"href":"https:\/\/www.regioncuatronoticias.com\/index.php\/wp-json\/wp\/v2\/posts\/40399","targetHints":{"allow":["GET"]}}],"collection":[{"href":"https:\/\/www.regioncuatronoticias.com\/index.php\/wp-json\/wp\/v2\/posts"}],"about":[{"href":"https:\/\/www.regioncuatronoticias.com\/index.php\/wp-json\/wp\/v2\/types\/post"}],"author":[{"embeddable":true,"href":"https:\/\/www.regioncuatronoticias.com\/index.php\/wp-json\/wp\/v2\/users\/1"}],"replies":[{"embeddable":true,"href":"https:\/\/www.regioncuatronoticias.com\/index.php\/wp-json\/wp\/v2\/comments?post=40399"}],"version-history":[{"count":1,"href":"https:\/\/www.regioncuatronoticias.com\/index.php\/wp-json\/wp\/v2\/posts\/40399\/revisions"}],"predecessor-version":[{"id":40401,"href":"https:\/\/www.regioncuatronoticias.com\/index.php\/wp-json\/wp\/v2\/posts\/40399\/revisions\/40401"}],"wp:featuredmedia":[{"embeddable":true,"href":"https:\/\/www.regioncuatronoticias.com\/index.php\/wp-json\/wp\/v2\/media\/40400"}],"wp:attachment":[{"href":"https:\/\/www.regioncuatronoticias.com\/index.php\/wp-json\/wp\/v2\/media?parent=40399"}],"wp:term":[{"taxonomy":"category","embeddable":true,"href":"https:\/\/www.regioncuatronoticias.com\/index.php\/wp-json\/wp\/v2\/categories?post=40399"},{"taxonomy":"post_tag","embeddable":true,"href":"https:\/\/www.regioncuatronoticias.com\/index.php\/wp-json\/wp\/v2\/tags?post=40399"}],"curies":[{"name":"wp","href":"https:\/\/api.w.org\/{rel}","templated":true}]}}