{"id":4031,"date":"2023-12-30T02:06:12","date_gmt":"2023-12-30T09:06:12","guid":{"rendered":"https:\/\/www.regioncuatronoticias.com\/?p=4031"},"modified":"2023-12-30T02:06:13","modified_gmt":"2023-12-30T09:06:13","slug":"argentina-se-desvincula-de-los-brics-milei-descarta-integracion-a-bloc-de-economias-emergentes","status":"publish","type":"post","link":"https:\/\/www.regioncuatronoticias.com\/index.php\/2023\/12\/30\/argentina-se-desvincula-de-los-brics-milei-descarta-integracion-a-bloc-de-economias-emergentes\/","title":{"rendered":"Argentina se desvincula de los BRICS: Milei descarta integraci\u00f3n a Bloc de Econom\u00edas Emergentes"},"content":{"rendered":"\n<p>Tomado de Cadena Pol\u00edtica<\/p>\n\n\n\n<p>AJGOD&nbsp;&nbsp;<\/p>\n\n\n\n<p>29 diciembre, 2023<\/p>\n\n\n\n<p>En una sorprendente decisi\u00f3n, el presidente de Argentina, Javier Milei, ha formalmente comunicado a los l\u00edderes del grupo BRICS que su pa\u00eds no se unir\u00e1 a esta alianza de econom\u00edas emergentes.<\/p>\n\n\n\n<p>La notificaci\u00f3n, realizada mediante cartas enviadas el pasado 22 de diciembre a los presidentes de Brasil, Sud\u00e1frica, China y Rusia, as\u00ed como al primer ministro de India, deja a la comunidad internacional desconcertada.<\/p>\n\n\n\n<p>En las misivas, Milei, un mandatario de ideolog\u00eda libertaria que asumi\u00f3 la Presidencia argentina el 10 de diciembre, argumenta que \u201cno es oportuno en esta instancia participar como miembro de BRICS a partir del 1 de enero del 2024, ya que muchos ejes de la pol\u00edtica exterior actual de Argentina difieren de la anterior\u201d.<\/p>\n\n\n\n<p>La decisi\u00f3n contraviene la invitaci\u00f3n extendida a Argentina en agosto pasado, durante una cumbre del grupo en Johannesburgo, donde los BRICS acordaron invitar a Argentina, Arabia Saud\u00ed, Egipto, Etiop\u00eda, Emiratos \u00c1rabes Unidos e Ir\u00e1n a sumarse al bloque a partir de 2024. Esta invitaci\u00f3n hab\u00eda sido recibida de manera positiva por el entonces presidente argentino, Alberto Fern\u00e1ndez.<\/p>\n\n\n\n<p>Milei, quien ha expresado su alineaci\u00f3n en pol\u00edtica exterior con Estados Unidos, Israel, la Uni\u00f3n Europea y el \u201cmundo libre\u201d, se\u00f1al\u00f3 en su misiva que \u201cen esta instancia no se considera oportuna la incorporaci\u00f3n de la Rep\u00fablica Argentina al BRICS como miembro pleno\u201d a partir de 2024.<\/p>\n\n\n\n<p>El grupo BRICS, compuesto por Brasil, Rusia, India, China y Sud\u00e1frica, representa el 23% del PBI global y el 42% de la poblaci\u00f3n mundial, controlando cerca del 30% de las exportaciones argentinas. Brasil y China son los principales socios comerciales de Argentina, cuya econom\u00eda enfrenta desaf\u00edos cr\u00edticos y la necesidad urgente de aumentar las reservas monetarias. La decisi\u00f3n de Milei plantea interrogantes sobre el futuro econ\u00f3mico y diplom\u00e1tico del pa\u00eds en un momento crucial de su historia.<\/p>\n\n\n\n<figure class=\"wp-block-embed is-type-wp-embed is-provider-cadena-politica wp-block-embed-cadena-politica\"><div class=\"wp-block-embed__wrapper\">\n<blockquote class=\"wp-embedded-content\" data-secret=\"NmcK4VX8vl\"><a href=\"https:\/\/cadenapolitica.com\/2023\/12\/29\/argentina-se-desvincula-de-los-brics-milei-descarta-integracion-a-bloc-de-economias-emergentes\/\">Argentina se desvincula de los BRICS: Milei descarta integraci\u00f3n a Bloc de Econom\u00edas Emergentes<\/a><\/blockquote><iframe loading=\"lazy\" class=\"wp-embedded-content\" sandbox=\"allow-scripts\" security=\"restricted\" style=\"position: absolute; clip: rect(1px, 1px, 1px, 1px);\" title=\"&#8220;Argentina se desvincula de los BRICS: Milei descarta integraci\u00f3n a Bloc de Econom\u00edas Emergentes&#8221; &#8212; Cadena Politica\" src=\"https:\/\/cadenapolitica.com\/2023\/12\/29\/argentina-se-desvincula-de-los-brics-milei-descarta-integracion-a-bloc-de-economias-emergentes\/embed\/#?secret=V7XPd2QxD4#?secret=NmcK4VX8vl\" data-secret=\"NmcK4VX8vl\" width=\"600\" height=\"338\" frameborder=\"0\" marginwidth=\"0\" marginheight=\"0\" scrolling=\"no\"><\/iframe>\n<\/div><\/figure>\n","protected":false},"excerpt":{"rendered":"<p>Tomado de Cadena Pol\u00edtica AJGOD&nbsp;&nbsp; 29 diciembre, 2023 En una sorprendente decisi\u00f3n, el presidente de Argentina, Javier Milei, ha formalmente comunicado a los l\u00edderes del grupo BRICS que su pa\u00eds no se unir\u00e1 a esta alianza de econom\u00edas emergentes. La notificaci\u00f3n, realizada mediante cartas enviadas el pasado 22 de diciembre a los presidentes de Brasil, [&hellip;]<\/p>\n","protected":false},"author":1,"featured_media":4032,"comment_status":"open","ping_status":"open","sticky":false,"template":"","format":"standard","meta":{"content-type":"","footnotes":""},"categories":[114,7,105],"tags":[],"class_list":{"0":"post-4031","1":"post","2":"type-post","3":"status-publish","4":"format-standard","5":"has-post-thumbnail","7":"category-economia","8":"category-internacional","9":"category-principal"},"_links":{"self":[{"href":"https:\/\/www.regioncuatronoticias.com\/index.php\/wp-json\/wp\/v2\/posts\/4031","targetHints":{"allow":["GET"]}}],"collection":[{"href":"https:\/\/www.regioncuatronoticias.com\/index.php\/wp-json\/wp\/v2\/posts"}],"about":[{"href":"https:\/\/www.regioncuatronoticias.com\/index.php\/wp-json\/wp\/v2\/types\/post"}],"author":[{"embeddable":true,"href":"https:\/\/www.regioncuatronoticias.com\/index.php\/wp-json\/wp\/v2\/users\/1"}],"replies":[{"embeddable":true,"href":"https:\/\/www.regioncuatronoticias.com\/index.php\/wp-json\/wp\/v2\/comments?post=4031"}],"version-history":[{"count":1,"href":"https:\/\/www.regioncuatronoticias.com\/index.php\/wp-json\/wp\/v2\/posts\/4031\/revisions"}],"predecessor-version":[{"id":4033,"href":"https:\/\/www.regioncuatronoticias.com\/index.php\/wp-json\/wp\/v2\/posts\/4031\/revisions\/4033"}],"wp:featuredmedia":[{"embeddable":true,"href":"https:\/\/www.regioncuatronoticias.com\/index.php\/wp-json\/wp\/v2\/media\/4032"}],"wp:attachment":[{"href":"https:\/\/www.regioncuatronoticias.com\/index.php\/wp-json\/wp\/v2\/media?parent=4031"}],"wp:term":[{"taxonomy":"category","embeddable":true,"href":"https:\/\/www.regioncuatronoticias.com\/index.php\/wp-json\/wp\/v2\/categories?post=4031"},{"taxonomy":"post_tag","embeddable":true,"href":"https:\/\/www.regioncuatronoticias.com\/index.php\/wp-json\/wp\/v2\/tags?post=4031"}],"curies":[{"name":"wp","href":"https:\/\/api.w.org\/{rel}","templated":true}]}}