{"id":4022,"date":"2023-12-30T00:06:03","date_gmt":"2023-12-30T07:06:03","guid":{"rendered":"https:\/\/www.regioncuatronoticias.com\/?p=4022"},"modified":"2023-12-30T00:06:05","modified_gmt":"2023-12-30T07:06:05","slug":"amplian-plazo-para-regularizar-autos-chocolate","status":"publish","type":"post","link":"https:\/\/www.regioncuatronoticias.com\/index.php\/2023\/12\/30\/amplian-plazo-para-regularizar-autos-chocolate\/","title":{"rendered":"Ampl\u00edan plazo para regularizar autos &#8216;chocolate&#8217;"},"content":{"rendered":"\n<p>Este programa ha posibilitado tambi\u00e9n que el gobierno general recaude m\u00e1s de 5 mil millones de pesos, los cu\u00e1les se destinan a la pavimentaci\u00f3n de calles y avenidas en las entidades que participan de \u00e9ste mecanismo.<\/p>\n\n\n\n<p>Tomado de La Jornada&nbsp;<\/p>\n\n\n\n<p>Andrea Becerril y Gustavo Castillo Garc\u00eda<\/p>\n\n\n\n<p>CDMX. 29 de diciembre de 2023.- El presidente Andr\u00e9s Manuel L\u00f3pez Obrador public\u00f3 hoy en el Diario Oficial de la Federaci\u00f3n un decreto por el que ser prorroga hasta el 31 de marzo del 2024 la regularizaci\u00f3n de los vehiculos usados de procedencia extranjera, los llamados \u201cautos chocolate\u201d, que se encuentren en 15 estados de la Rep\u00fablica que tienen un alto \u00edndice de poblaci\u00f3n migrante.<\/p>\n\n\n\n<p>El Ejecutivo federal destaca que a trav\u00e9s de los diversos decretos que desde el 18 de octubre del 2021 ha expedido y hasta el pasado primero de diciembre se legalizaron \u201c un aproximado de un mill\u00f3n, 917 mil 327 veh\u00edculos usados de procedencia extranjera \u201d y se logr\u00f3 recaudar un aproximado de 4 mil 790 millones, 817 mil 500 pesos, \u201clo que ha permitido llevar a cabo acciones de obra p\u00fablica en los municipios de las entidades federativas participantes, en beneficio de sus habitantes y vecinos de zonas cercanas\u201d.<\/p>\n\n\n\n<p>En el decreto se destaca asimismo que con ellos \u201cse otorg\u00f3 certeza jur\u00eddica y protecci\u00f3n al patrimonio de la ciudadan\u00eda\u201d y se contribuy\u00f3 a a garantizar la seguridad p\u00fablica, al contar con los medios para identificar a los propietarios de dichos veh\u00edculos para evitar que estos se ocupen en la comisi\u00f3n de actos il\u00edcitos\u201d.<\/p>\n\n\n\n<p>El Presidente de la Rep\u00fablica resalta que \u201cderivado de la buena aceptaci\u00f3n del programa y toda vez que contin\u00faa la demanda de personas que solicitan la regularizaci\u00f3n de veh\u00edculos de procedencia extranjera, se estima necesario ampliar la vigencia del decreto publicado en el DOF el 29 de diciembre de 2022 y sus posteriores modificaciones, por lo que he tenido a bien\u201d expedir un nuevo decreto que la ampl\u00eda hasta marzo del 2024.<\/p>\n\n\n\n<p>Explica asimismo que \u201cel gobierno de de M\u00e9xico est\u00e1 obligado a implementar y continuar con estrategias que mejoren el bienestar de la poblaci\u00f3n, otorguen certeza jur\u00eddica, protejan el patrimonio familiar y garanticen la seguridad p\u00fablica, como la regularizaci\u00f3n de veh\u00edculos usados de procedencia extranjera que no han tramitado su importaci\u00f3n definitiva, es decir, no han acreditado su legal estancia en el pa\u00eds\u201d.<\/p>\n\n\n\n<p>Con ese objetivo de fomentar la regularizaci\u00f3n de veh\u00edculos usados de procedencia extranjera que se encuentren en los estados de Baja California, Baja California Sur, Chihuahua, Coahuila de Zaragoza, Durango, Hidalgo, Jalisco, Michoac\u00e1n de Ocampo, Nayarit, Nuevo Le\u00f3n, San Luis Potos\u00ed, Sinaloa, Sonora, Tamaulipas, Tlaxcala y Zacatecas, entidades federativas que tienen un alto \u00edndice de poblaci\u00f3n migrante en Estados Unidos de Am\u00e9rica y Canad\u00e1, se publicaron en el Diario Oficial de la Federaci\u00f3n (DOF)\u201d diversos decretos.<\/p>\n\n\n\n<p>El primero, el &#8220;Acuerdo por el que se instruyen diversas acciones a las dependencias que se indican, en relaci\u00f3n a la importaci\u00f3n definitiva de veh\u00edculos usados&#8221; de 18 de octubre de 2021; el &#8220;Decreto por el que se fomenta la regularizaci\u00f3n de veh\u00edculos usados de procedencia extranjera&#8221; de 19 de enero de 2022, su fe de erratas de 21 de enero de 2022 y sus posteriores reformas de 27 de febrero, 20 de junio y 19 de septiembre, todas de 2022, vigente hasta el 31 de diciembre de ese a\u00f1o; as\u00ed como el &#8220;Decreto por el que se fomenta la regularizaci\u00f3n de veh\u00edculos usados de procedencia extranjera&#8221;, de 29 de diciembre de 2022 y sus posteriores modificaciones de 31 de marzo, 30 de junio, 29 de septiembre y 1 de diciembre, todas de 2023;<\/p>\n\n\n\n<p>Este \u00faltimo es el que se reforma, a fin de establecer que el decreto o entrar\u00e1 en vigor a partir del 1 de enero y hasta el 31 de marzo de 2024.<\/p>\n\n\n\n<p>A la par a lo anunciado por el Ejecutivo, tambi\u00e9n la Secretar\u00eda de Seguridad y Protecci\u00f3n Ciudadana (SSPC) dio cuenta de la extensi\u00f3n del plazo para la regularizaci\u00f3n de veh\u00edculos usados de procedencia extranjera.<\/p>\n\n\n\n<p>La instituci\u00f3n que encabeza Rosa Icela Rodr\u00edguez Vel\u00e1zquez se\u00f1al\u00f3 que esta ampliaci\u00f3n se debe a que \u201ccontinua la demanda de quienes solicitan el tr\u00e1mite\u201d.<\/p>\n\n\n\n<p>El programa de regularizaci\u00f3n de veh\u00edculos usados de procedencia extranjera ha permitido la legalizaci\u00f3n de dos millones mil 878 veh\u00edculos, \u00e9sto en el periodo del 19 de marzo de 2022 al 28 de diciembre pasado.<\/p>\n\n\n\n<p>La SSPC se\u00f1ala que al tener regularizados los automotores \u201cse evita que se ocupen en la comisi\u00f3n de actos il\u00edcitos y se contribuye a garantizar la seguridad p\u00fablica\u201d.<\/p>\n\n\n\n<p>\u00c9ste programa ha posibilitado tambi\u00e9n que el gobierno general recaude m\u00e1s de 5 mil millones de pesos, los cu\u00e1les se destinan a la pavimentaci\u00f3n de calles y avenidas en las entidades que participan de \u00e9ste mecanismo y que son: Baja California, Baja California Sur, Coahuila, Chihuahua, Durango, Hidalgo, Jalisco, Michoac\u00e1n, Nayarit, Nuevo le\u00f3n, San Luis Potos\u00ed, Sinaloa, Sonora, Tlaxcala, Tamaulipas y Zacatecas.<\/p>\n\n\n\n<figure class=\"wp-block-embed\"><div class=\"wp-block-embed__wrapper\">\nhttps:\/\/www.jornada.com.mx\/noticia\/2023\/12\/29\/sociedad\/amplia-sspc-plazo-para-regularizar-autos-chocolate-7809\n<\/div><\/figure>\n","protected":false},"excerpt":{"rendered":"<p>Este programa ha posibilitado tambi\u00e9n que el gobierno general recaude m\u00e1s de 5 mil millones de pesos, los cu\u00e1les se destinan a la pavimentaci\u00f3n de calles y avenidas en las entidades que participan de \u00e9ste mecanismo. Tomado de La Jornada&nbsp; Andrea Becerril y Gustavo Castillo Garc\u00eda CDMX. 29 de diciembre de 2023.- El presidente Andr\u00e9s [&hellip;]<\/p>\n","protected":false},"author":1,"featured_media":4023,"comment_status":"open","ping_status":"open","sticky":false,"template":"","format":"standard","meta":{"content-type":"","footnotes":""},"categories":[117,3,105],"tags":[],"class_list":{"0":"post-4022","1":"post","2":"type-post","3":"status-publish","4":"format-standard","5":"has-post-thumbnail","7":"category-general","8":"category-mexico","9":"category-principal"},"_links":{"self":[{"href":"https:\/\/www.regioncuatronoticias.com\/index.php\/wp-json\/wp\/v2\/posts\/4022","targetHints":{"allow":["GET"]}}],"collection":[{"href":"https:\/\/www.regioncuatronoticias.com\/index.php\/wp-json\/wp\/v2\/posts"}],"about":[{"href":"https:\/\/www.regioncuatronoticias.com\/index.php\/wp-json\/wp\/v2\/types\/post"}],"author":[{"embeddable":true,"href":"https:\/\/www.regioncuatronoticias.com\/index.php\/wp-json\/wp\/v2\/users\/1"}],"replies":[{"embeddable":true,"href":"https:\/\/www.regioncuatronoticias.com\/index.php\/wp-json\/wp\/v2\/comments?post=4022"}],"version-history":[{"count":1,"href":"https:\/\/www.regioncuatronoticias.com\/index.php\/wp-json\/wp\/v2\/posts\/4022\/revisions"}],"predecessor-version":[{"id":4024,"href":"https:\/\/www.regioncuatronoticias.com\/index.php\/wp-json\/wp\/v2\/posts\/4022\/revisions\/4024"}],"wp:featuredmedia":[{"embeddable":true,"href":"https:\/\/www.regioncuatronoticias.com\/index.php\/wp-json\/wp\/v2\/media\/4023"}],"wp:attachment":[{"href":"https:\/\/www.regioncuatronoticias.com\/index.php\/wp-json\/wp\/v2\/media?parent=4022"}],"wp:term":[{"taxonomy":"category","embeddable":true,"href":"https:\/\/www.regioncuatronoticias.com\/index.php\/wp-json\/wp\/v2\/categories?post=4022"},{"taxonomy":"post_tag","embeddable":true,"href":"https:\/\/www.regioncuatronoticias.com\/index.php\/wp-json\/wp\/v2\/tags?post=4022"}],"curies":[{"name":"wp","href":"https:\/\/api.w.org\/{rel}","templated":true}]}}