{"id":39974,"date":"2026-04-04T21:50:24","date_gmt":"2026-04-05T04:50:24","guid":{"rendered":"https:\/\/www.regioncuatronoticias.com\/?p=39974"},"modified":"2026-04-04T21:50:29","modified_gmt":"2026-04-05T04:50:29","slug":"apunta-a-experto-frances-en-derechos-humanos-el-complot-que-la-4t-denuncia-en-informe-de-desapariciones-ante-la-onu","status":"publish","type":"post","link":"https:\/\/www.regioncuatronoticias.com\/index.php\/2026\/04\/04\/apunta-a-experto-frances-en-derechos-humanos-el-complot-que-la-4t-denuncia-en-informe-de-desapariciones-ante-la-onu\/","title":{"rendered":"Apunta a experto franc\u00e9s en derechos humanos, el complot que la 4T denuncia en informe de desapariciones ante la ONU"},"content":{"rendered":"\n<p><strong>El reporte en el que se asegura que las desapariciones forzadas en M\u00e9xico alcanzan niveles de cr\u00edmenes de lesa humanidad, fue calificado por el gobierno de la presidenta Sheinbaum como un reporte \u201ctendencioso, parcial y sesgado\u201d, agravado por \u201cconflictos de inter\u00e9s de algunos de sus integrantes\u201d.<\/strong><\/p>\n\n\n\n<p>Tomado de Proceso<\/p>\n\n\n\n<p>Redacci\u00f3n<\/p>\n\n\n\n<p>S\u00e1bado 4 de abril de 2026 \u00b7 07:00<\/p>\n\n\n\n<p>CIUDAD DE M\u00c9XICO (Proceso).\u2013 La descalificaci\u00f3n del gobierno de Claudia Sheinbaum sobre la resoluci\u00f3n del Comit\u00e9 contra la Desaparici\u00f3n Forzada de la Organizaci\u00f3n de las Naciones Unidas (CED, por sus siglas en ingl\u00e9s), que expuso que los casos en M\u00e9xico alcanzan niveles de cr\u00edmenes de lesa humanidad, no s\u00f3lo da continuidad a la pr\u00e1ctica de gobiernos anteriores de rechazar informes sobre la situaci\u00f3n de derechos humanos elaborados por organismos internacionales, sino que en esta ocasi\u00f3n la Cuarta Transformaci\u00f3n aludi\u00f3 a un presunto \u201cconspiracionismo\u201d contra M\u00e9xico.<\/p>\n\n\n\n<p>En el comunicado conjunto de las Secretar\u00edas de Gobernaci\u00f3n y de Relaciones Exteriores en el que se calific\u00f3 el reporte como \u201ctendencioso, parcial y sesgado\u201d, se agreg\u00f3 que detr\u00e1s de la resoluci\u00f3n estuvo \u201cagravada por conflictos de inter\u00e9s de algunos de sus integrantes\u201d.<\/p>\n\n\n\n<p>Sin mencionar el nombre del especialista al que se hace referencia, el comunicado asegur\u00f3 que \u201cexiste evidencia de que al menos uno de ellos trabaj\u00f3 para organizaciones que han presentado quejas contra el Estado mexicano\u201d.<\/p>\n\n\n\n<p>Por la respuesta del Estado mexicano al CED, que hace \u00e9nfasis en los informes presentados por la Federaci\u00f3n Internacional de Derechos Humanos (FIDH) sobre desapariciones forzadas ocurridas en Coahuila,&nbsp; Jalisco, Nayarit y Veracruz,&nbsp; mismos que son analizados por la Corte Penal Internacional (CPI), el experto al que podr\u00eda referirse el gobierno mexicano es Olivier de Frouville, quien ocup\u00f3 la presidencia de esa \u00e1rea en abril del a\u00f1o pasado, cuando se anunci\u00f3 la determinaci\u00f3n de aplicar el art\u00edculo 34 en el caso de M\u00e9xico, con miras a someterlo a la Asamblea General de la ONU como finalmente ocurri\u00f3.<\/p>\n\n\n\n<p>Originario de Francia, De Frouville fue representante de la FIDH \u201cen las negociaciones de la \u201cDeclaraci\u00f3n sobre los defensores de derechos humanos\u201d (1995-1998) y en el Convenci\u00f3n Internacional para la Protecci\u00f3n de todas las Personas contra las Desapariciones Forzadas (2003-2006).<\/p>\n\n\n\n<p>Con una trayectoria de m\u00e1s de 25 a\u00f1os dentro del sistema de derechos humanos de la ONU, el experto concluy\u00f3 su asesor\u00eda legal a la FIDH precisamente en 2006, a\u00f1o en que la Asamblea General de la ONU aprob\u00f3 la Convenci\u00f3n Internacional, ratificada por M\u00e9xico en 2008, instrumento que entr\u00f3 en vigor el 23 de diciembre de 2010.<\/p>\n\n\n\n<p>Despu\u00e9s de colaborar en la redacci\u00f3n de la Convenci\u00f3n Internacional que dio lugar al nacimiento del CED, De Frouville se dedic\u00f3 a la academia, alternando como experto independiente en el Grupo de Trabajo de las Naciones Unidas sobre Desapariciones Forzadas o Involuntarias (2008-2014), el Comit\u00e9 de Derechos Humanos de las Naciones Unidas (2015-2018) y en 2019 fue elegido miembro del CED para dos mandatos, de cuatro a\u00f1os cada uno.&nbsp;&nbsp;&nbsp;<\/p>\n\n\n\n<p>En 2023 De Frouville fue elegido presidente del CED, cargo del que fue relevado por el ecuatoriano Juan Alb\u00e1n Alencastro, a quien le correspondi\u00f3 anunciar la decisi\u00f3n del Comit\u00e9 de elevar el caso de M\u00e9xico en la Asamblea General de la ONU.<\/p>\n\n\n\n<p><strong>Llamado para M\u00e9xico<\/strong><\/p>\n\n\n\n<p>La reacci\u00f3n el Estado mexicano ha sido duramente criticada por organizaciones civiles como el Centro de An\u00e1lisis e Investigaci\u00f3n Fundar, el Centro de Justicia para la Paz y el Desarrollo (Cepad), Data C\u00edvica, el Instituto Mexicano de Derechos Humanos y Democracia (IMDHD), Justicia Pro Persona, y el departamento de Incidencia de la Universidad Iberoamericana.<\/p>\n\n\n\n<p>En un pronunciamiento conjunto consideraron que \u201cdenostar al mensajero para evadir el mensaje es una pr\u00e1ctica de M\u00e9xico en su aspiraci\u00f3n democr\u00e1tica, que no deber\u00eda tomar\u201d, ya que la soberan\u00eda \u201cse ejerce cumpliendo los tratados, no desacreditando las recomendaciones de los organismos de los cuales M\u00e9xico es parte voluntaria\u201d.<\/p>\n\n\n\n<p>Apuntaron que \u201cel rechazo del Estado a la observaci\u00f3n sobre la desaparici\u00f3n de agentes oficiales en las desapariciones ignora la documentaci\u00f3n de miles de familias, colectivos, academia y organizaciones de la sociedad civil\u201d.<\/p>\n\n\n\n<p>Las organizaciones firmantes advierten que \u201cmientras la cifra de desaparecidos contin\u00faa en aumento y la impunidad en dichos casos supere 99%, cualquier avance normativo es, en la pr\u00e1ctica, insuficiente\u201d.<\/p>\n\n\n\n<p>Denuncian que el Estado mexicano \u201cha fallado en la implementaci\u00f3n de herramientas b\u00e1sicas, como el Banco Nacional de Datos Forenses\u201d y ha acumulado en instituciones forenses \u201cm\u00e1s de 83 mil cuerpos y restos sin identificar\u201d, lo que prueba que las instituciones est\u00e1n colapsadas por la dimensi\u00f3n de la crisis.<\/p>\n\n\n\n<p>Calificar de \u2018falto de rigor\u2019 el diagn\u00f3stico del CED frente a esta tragedia es una falta de respeto a la memoria de las v\u00edctimas y al esfuerzo de las familias que buscan con sus propias manos -expusieron las organizaciones firmantes.<\/p>\n\n\n\n<p>Ante la respuesta del gobierno de la presidenta Claudia Sheinbaum, las organizaciones hicieron un \u201cllamado en\u00e9rgico\u201d para que \u201cabandone la actitud defensiva y reconozca la magnitud de la crisis que el CED ha elevado a la Asamblea General de la ONU\u201d; que acepte la asistencia internacional propuesta, \u201creconociendo que las capacidades nacionales han sido superadas\u201d;&nbsp; y que dialogue con las familias, colectivos de b\u00fasqueda y organizaciones de derechos humanos \u201cpara generar estrategias y construcci\u00f3n de propuestas\u201d para atender la crisis de desapariciones.<\/p>\n\n\n\n<p>\u201cLa disputa por el diagn\u00f3stico s\u00f3lo prolonga la impunidad y la agon\u00eda de las familias. El estado debe entender que la opini\u00f3n del CED no es un ataque, sino una oportunidad para atender una de las crisis humanitarias m\u00e1s dolorosas de nuestra historia reciente\u201d, puntualizaron las organizaciones civiles.<\/p>\n\n\n\n<p><a href=\"https:\/\/www.proceso.com.mx\/nacional\/2026\/4\/4\/el-complot-que-la-4t-denuncia-en-informe-de-desapariciones-apunta-experto-frances-en-derechos-humanos-371546.html\">https:\/\/www.proceso.com.mx\/nacional\/2026\/4\/4\/el-complot-que-la-4t-denuncia-en-informe-de-desapariciones-apunta-experto-frances-en-derechos-humanos-371546.html<\/a><\/p>\n","protected":false},"excerpt":{"rendered":"<p>El reporte en el que se asegura que las desapariciones forzadas en M\u00e9xico alcanzan niveles de cr\u00edmenes de lesa humanidad, fue calificado por el gobierno de la presidenta Sheinbaum como un reporte \u201ctendencioso, parcial y sesgado\u201d, agravado por \u201cconflictos de inter\u00e9s de algunos de sus integrantes\u201d. Tomado de Proceso Redacci\u00f3n S\u00e1bado 4 de abril de [&hellip;]<\/p>\n","protected":false},"author":1,"featured_media":39975,"comment_status":"open","ping_status":"open","sticky":false,"template":"","format":"standard","meta":{"content-type":"","footnotes":""},"categories":[7,3,115,105],"tags":[],"class_list":{"0":"post-39974","1":"post","2":"type-post","3":"status-publish","4":"format-standard","5":"has-post-thumbnail","7":"category-internacional","8":"category-mexico","9":"category-politica","10":"category-principal"},"_links":{"self":[{"href":"https:\/\/www.regioncuatronoticias.com\/index.php\/wp-json\/wp\/v2\/posts\/39974","targetHints":{"allow":["GET"]}}],"collection":[{"href":"https:\/\/www.regioncuatronoticias.com\/index.php\/wp-json\/wp\/v2\/posts"}],"about":[{"href":"https:\/\/www.regioncuatronoticias.com\/index.php\/wp-json\/wp\/v2\/types\/post"}],"author":[{"embeddable":true,"href":"https:\/\/www.regioncuatronoticias.com\/index.php\/wp-json\/wp\/v2\/users\/1"}],"replies":[{"embeddable":true,"href":"https:\/\/www.regioncuatronoticias.com\/index.php\/wp-json\/wp\/v2\/comments?post=39974"}],"version-history":[{"count":1,"href":"https:\/\/www.regioncuatronoticias.com\/index.php\/wp-json\/wp\/v2\/posts\/39974\/revisions"}],"predecessor-version":[{"id":39976,"href":"https:\/\/www.regioncuatronoticias.com\/index.php\/wp-json\/wp\/v2\/posts\/39974\/revisions\/39976"}],"wp:featuredmedia":[{"embeddable":true,"href":"https:\/\/www.regioncuatronoticias.com\/index.php\/wp-json\/wp\/v2\/media\/39975"}],"wp:attachment":[{"href":"https:\/\/www.regioncuatronoticias.com\/index.php\/wp-json\/wp\/v2\/media?parent=39974"}],"wp:term":[{"taxonomy":"category","embeddable":true,"href":"https:\/\/www.regioncuatronoticias.com\/index.php\/wp-json\/wp\/v2\/categories?post=39974"},{"taxonomy":"post_tag","embeddable":true,"href":"https:\/\/www.regioncuatronoticias.com\/index.php\/wp-json\/wp\/v2\/tags?post=39974"}],"curies":[{"name":"wp","href":"https:\/\/api.w.org\/{rel}","templated":true}]}}