{"id":3995,"date":"2023-12-29T01:18:10","date_gmt":"2023-12-29T08:18:10","guid":{"rendered":"https:\/\/www.regioncuatronoticias.com\/?p=3995"},"modified":"2023-12-29T01:18:11","modified_gmt":"2023-12-29T08:18:11","slug":"tren-maya-suspende-operaciones-por-4-dias-esta-es-la-razon","status":"publish","type":"post","link":"https:\/\/www.regioncuatronoticias.com\/index.php\/2023\/12\/29\/tren-maya-suspende-operaciones-por-4-dias-esta-es-la-razon\/","title":{"rendered":"Tren Maya suspende operaciones por 4 d\u00edas, esta es la raz\u00f3n"},"content":{"rendered":"\n<p>La obra de AMLO a\u00fan no est\u00e1 terminada, por lo que en los siguientes meses se estar\u00e1n aperturando diversos tramos<\/p>\n\n\n\n<p>El megaproyecto de AMLO ha recibido diversas cr\u00edticas<\/p>\n\n\n\n<p>Tomado de Pol\u00edticoMX<\/p>\n\n\n\n<p>Fernando CocaFernando Coca<\/p>\n\n\n\n<p>Diciembre 28, 2023&nbsp;&nbsp;&nbsp;&nbsp;<\/p>\n\n\n\n<p>Foto: Elizabeth Ruiz\/Cuartoscuro<\/p>\n\n\n\n<p>A pocos d\u00edas de haber iniciado operaciones, el megaproyecto de AMLO, el Tren Maya anunci\u00f3 que suspender\u00e1 sus actividades durante los \u00faltimos cuatro d\u00eda del mes de diciembre.<\/p>\n\n\n\n<p>A trav\u00e9s de la cuenta oficial de Twitter, el Tren Maya anunci\u00f3 que a partir de este jueves 28 y los d\u00edas 29, 30 y 31 de diciembre, se detendr\u00e1n operaciones debido a la preapertura de la nueva ruta Canc\u00fan-Palenque. Mientras que el resto de estaciones, asegur\u00f3 el presidente, quedar\u00e1n en febrero del 2024.<\/p>\n\n\n\n<p>Las operaciones se retomar\u00e1n el 1 de enero del 2024, por lo que pidi\u00f3 a las personas que hab\u00edan comprado boletos para las fechas mencionadas, escribieran al correo del Tren Maya para el reintegro de estos.<\/p>\n\n\n\n<p>Fue el pasado 15 de diciembre, que el presidente Andr\u00e9s Manuel L\u00f3pez Obrador inaugur\u00f3 el primer tramo de su megaproyecto con el primer viaje de pasajeros de Campeche a Canc\u00fan y pese a que se report\u00f3 una gran afluencia de personas, en los d\u00edas siguientes no estuvo exenta de cr\u00edticas.<\/p>\n\n\n\n<p>Ya que en redes sociales comenzaron a subir videos en los que se reclamaba que se estaba inaugurando una obra inacabada, adem\u00e1s de las quejas sobre estaciones incompletas y montadas para la inauguraci\u00f3n.<\/p>\n\n\n\n<p>De igual modo, se reportaron retrasos de hasta cuatro horas en los primeros d\u00edas de sus funciones, la cual habr\u00eda sido ocasionada por una supuesta falla con la empresa encargada de los trenes, Alstrom, as\u00ed como por cuestiones climatol\u00f3gicas.<\/p>\n\n\n\n<p>Aunado a esto, tambi\u00e9n llam\u00f3 la atenci\u00f3n tanto los alimentos que venden en el Tren como sus precios, pues en lugar de vender comida t\u00edpica de la regi\u00f3n, se venden baguettes y frituras de marcas comerciales a un alto costo, por lo que se pone en duda su accesibilidad.<\/p>\n\n\n\n<p>Cabe se\u00f1alar que AMLO ha vendido la obra como la m\u00e1s importante de su sexenio, la cual ha estado envuelta en la pol\u00e9mica por el sobrecosto, la expropiaci\u00f3n de terrenos que prometi\u00f3 no se har\u00edan, as\u00ed como el impacto ambiental.<\/p>\n\n\n\n<figure class=\"wp-block-embed\"><div class=\"wp-block-embed__wrapper\">\nhttps:\/\/politico.mx\/tren-maya-suspende-operaciones-por-4-dias-esta-es-la-razon\n<\/div><\/figure>\n","protected":false},"excerpt":{"rendered":"<p>La obra de AMLO a\u00fan no est\u00e1 terminada, por lo que en los siguientes meses se estar\u00e1n aperturando diversos tramos El megaproyecto de AMLO ha recibido diversas cr\u00edticas Tomado de Pol\u00edticoMX Fernando CocaFernando Coca Diciembre 28, 2023&nbsp;&nbsp;&nbsp;&nbsp; Foto: Elizabeth Ruiz\/Cuartoscuro A pocos d\u00edas de haber iniciado operaciones, el megaproyecto de AMLO, el Tren Maya anunci\u00f3 [&hellip;]<\/p>\n","protected":false},"author":1,"featured_media":3996,"comment_status":"open","ping_status":"open","sticky":false,"template":"","format":"standard","meta":{"content-type":"","footnotes":""},"categories":[117,3,2,105],"tags":[],"class_list":{"0":"post-3995","1":"post","2":"type-post","3":"status-publish","4":"format-standard","5":"has-post-thumbnail","7":"category-general","8":"category-mexico","9":"category-negocios","10":"category-principal"},"_links":{"self":[{"href":"https:\/\/www.regioncuatronoticias.com\/index.php\/wp-json\/wp\/v2\/posts\/3995","targetHints":{"allow":["GET"]}}],"collection":[{"href":"https:\/\/www.regioncuatronoticias.com\/index.php\/wp-json\/wp\/v2\/posts"}],"about":[{"href":"https:\/\/www.regioncuatronoticias.com\/index.php\/wp-json\/wp\/v2\/types\/post"}],"author":[{"embeddable":true,"href":"https:\/\/www.regioncuatronoticias.com\/index.php\/wp-json\/wp\/v2\/users\/1"}],"replies":[{"embeddable":true,"href":"https:\/\/www.regioncuatronoticias.com\/index.php\/wp-json\/wp\/v2\/comments?post=3995"}],"version-history":[{"count":1,"href":"https:\/\/www.regioncuatronoticias.com\/index.php\/wp-json\/wp\/v2\/posts\/3995\/revisions"}],"predecessor-version":[{"id":3997,"href":"https:\/\/www.regioncuatronoticias.com\/index.php\/wp-json\/wp\/v2\/posts\/3995\/revisions\/3997"}],"wp:featuredmedia":[{"embeddable":true,"href":"https:\/\/www.regioncuatronoticias.com\/index.php\/wp-json\/wp\/v2\/media\/3996"}],"wp:attachment":[{"href":"https:\/\/www.regioncuatronoticias.com\/index.php\/wp-json\/wp\/v2\/media?parent=3995"}],"wp:term":[{"taxonomy":"category","embeddable":true,"href":"https:\/\/www.regioncuatronoticias.com\/index.php\/wp-json\/wp\/v2\/categories?post=3995"},{"taxonomy":"post_tag","embeddable":true,"href":"https:\/\/www.regioncuatronoticias.com\/index.php\/wp-json\/wp\/v2\/tags?post=3995"}],"curies":[{"name":"wp","href":"https:\/\/api.w.org\/{rel}","templated":true}]}}