{"id":3992,"date":"2023-12-29T01:15:59","date_gmt":"2023-12-29T08:15:59","guid":{"rendered":"https:\/\/www.regioncuatronoticias.com\/?p=3992"},"modified":"2023-12-29T01:16:01","modified_gmt":"2023-12-29T08:16:01","slug":"la-produccion-de-maiz-en-mexico-cae-un-40-en-2023","status":"publish","type":"post","link":"https:\/\/www.regioncuatronoticias.com\/index.php\/2023\/12\/29\/la-produccion-de-maiz-en-mexico-cae-un-40-en-2023\/","title":{"rendered":"La producci\u00f3n de ma\u00edz en M\u00e9xico cae un 40% en 2023"},"content":{"rendered":"\n<p>Los agricultores denuncian que m\u00e1s de la mitad de los granos que se consumen en M\u00e9xico son extranjeros<\/p>\n\n\n\n<p>Tomado de El Pa\u00eds<\/p>\n\n\n\n<p>Jorge Vaquero &nbsp;<\/p>\n\n\n\n<p>Diciembre 28 de 2023<\/p>\n\n\n\n<p>La producci\u00f3n de ma\u00edz en M\u00e9xico ha ca\u00eddo este a\u00f1o un 40%. La Uni\u00f3n Nacional de Trabajadores Agr\u00edcolas (UNTA) ha denunciado este mi\u00e9rcoles que la bajada se debe a la grave sequ\u00eda que sufre el pa\u00eds y la falta de apoyo por parte del Gobierno. La asociaci\u00f3n ha afirmado que casi 6 de cada 10 granos que se consumen en M\u00e9xico provienen de otros pa\u00edses, aunque los datos emitidos en octubre por el Departamento de Agricultura de Estados Unidos (USDA, por sus siglas en ingl\u00e9s) reducen esta cifra&#8230;.<\/p>\n\n\n\n<p>La UNTA ha advertido de que el desplome de la producci\u00f3n de ma\u00edz ha producido un d\u00e9ficit alimentario en M\u00e9xico este 2023. El secretario general de la organizaci\u00f3n, \u00c1lvaro L\u00f3pez, ha se\u00f1alado directamente al Gobierno federal por recortar el presupuesto para ayudas y apoyos a los campesinos. \u201cEl factor m\u00e1s grave es la ausencia de protecci\u00f3n y de programas que contribuyan a fomentar la producci\u00f3n y la productividad en un sector que es vital para la generaci\u00f3n de alimentos del pa\u00eds\u201d, ha explicado.<\/p>\n\n\n\n<p>Los agricultores han valorado el ma\u00edz importado en 40.000 millones de d\u00f3lares (677.064 pesos mexicanos) y han cifrado en un 56% el grano extranjero que se consume en el pa\u00eds. \u201cEs muy grave que habiendo ofrecido que se trabajar\u00eda en lograr autosuficiencia y soberan\u00eda alimentaria, hoy seamos un pa\u00eds m\u00e1s dependiente\u201d, ha denunciado L\u00f3pez.<\/p>\n\n\n\n<p>M\u00e9xico ha aumentado la importaci\u00f3n de ma\u00edz en los \u00faltimos a\u00f1os. Sin embargo, las cifras de la UNTA no casan con las que verti\u00f3 en octubre la USDA. El departamento estadounidense calcul\u00f3 que de los 45 millones de toneladas de ma\u00edz que se consumieron en M\u00e9xico entre septiembre de 2022 y el mismo mes de este a\u00f1o, solo el 40% era de otro pa\u00eds.<\/p>\n\n\n\n<p>La producci\u00f3n del alimento b\u00e1sico de los hogares mexicanos, que supone casi el 15% de todo el PIB agr\u00edcola, tambi\u00e9n se ha visto afectada por la sequ\u00eda severa que ha sufrido el 70% del territorio. Influye adem\u00e1s el precio de los fertilizantes, que los agricultores pagan m\u00e1s caro por las sanciones a Rusia, el segundo productor del planeta tras China. A todo ello se le suma la extorsi\u00f3n del crimen organizado a los agricultores.<\/p>\n\n\n\n<p>Los trabajadores del campo mexicano miran hacia dentro para poder cambiar la situaci\u00f3n. \u201cYo espero que el pr\u00f3ximo Gobierno tome medidas, restituya programas o cree nuevos que nos permitan que un sector castigado y sacrificado como el campo se pueda recuperar en su producci\u00f3n y en su econom\u00eda\u201d, ha sentenciado el secretario general de la UNTA.<\/p>\n\n\n\n<figure class=\"wp-block-embed\"><div class=\"wp-block-embed__wrapper\">\nhttps:\/\/elpais.com\/mexico\/2023-12-28\/la-produccion-de-maiz-en-mexico-cae-un-40-en-2023.html\n<\/div><\/figure>\n","protected":false},"excerpt":{"rendered":"<p>Los agricultores denuncian que m\u00e1s de la mitad de los granos que se consumen en M\u00e9xico son extranjeros Tomado de El Pa\u00eds Jorge Vaquero &nbsp; Diciembre 28 de 2023 La producci\u00f3n de ma\u00edz en M\u00e9xico ha ca\u00eddo este a\u00f1o un 40%. La Uni\u00f3n Nacional de Trabajadores Agr\u00edcolas (UNTA) ha denunciado este mi\u00e9rcoles que la bajada [&hellip;]<\/p>\n","protected":false},"author":1,"featured_media":3993,"comment_status":"open","ping_status":"open","sticky":false,"template":"","format":"standard","meta":{"content-type":"","footnotes":""},"categories":[114,117,3],"tags":[],"class_list":{"0":"post-3992","1":"post","2":"type-post","3":"status-publish","4":"format-standard","5":"has-post-thumbnail","7":"category-economia","8":"category-general","9":"category-mexico"},"_links":{"self":[{"href":"https:\/\/www.regioncuatronoticias.com\/index.php\/wp-json\/wp\/v2\/posts\/3992","targetHints":{"allow":["GET"]}}],"collection":[{"href":"https:\/\/www.regioncuatronoticias.com\/index.php\/wp-json\/wp\/v2\/posts"}],"about":[{"href":"https:\/\/www.regioncuatronoticias.com\/index.php\/wp-json\/wp\/v2\/types\/post"}],"author":[{"embeddable":true,"href":"https:\/\/www.regioncuatronoticias.com\/index.php\/wp-json\/wp\/v2\/users\/1"}],"replies":[{"embeddable":true,"href":"https:\/\/www.regioncuatronoticias.com\/index.php\/wp-json\/wp\/v2\/comments?post=3992"}],"version-history":[{"count":1,"href":"https:\/\/www.regioncuatronoticias.com\/index.php\/wp-json\/wp\/v2\/posts\/3992\/revisions"}],"predecessor-version":[{"id":3994,"href":"https:\/\/www.regioncuatronoticias.com\/index.php\/wp-json\/wp\/v2\/posts\/3992\/revisions\/3994"}],"wp:featuredmedia":[{"embeddable":true,"href":"https:\/\/www.regioncuatronoticias.com\/index.php\/wp-json\/wp\/v2\/media\/3993"}],"wp:attachment":[{"href":"https:\/\/www.regioncuatronoticias.com\/index.php\/wp-json\/wp\/v2\/media?parent=3992"}],"wp:term":[{"taxonomy":"category","embeddable":true,"href":"https:\/\/www.regioncuatronoticias.com\/index.php\/wp-json\/wp\/v2\/categories?post=3992"},{"taxonomy":"post_tag","embeddable":true,"href":"https:\/\/www.regioncuatronoticias.com\/index.php\/wp-json\/wp\/v2\/tags?post=3992"}],"curies":[{"name":"wp","href":"https:\/\/api.w.org\/{rel}","templated":true}]}}