{"id":3951,"date":"2023-12-26T22:26:34","date_gmt":"2023-12-27T05:26:34","guid":{"rendered":"https:\/\/www.regioncuatronoticias.com\/?p=3951"},"modified":"2023-12-26T22:26:36","modified_gmt":"2023-12-27T05:26:36","slug":"llega-a-las-farmacias-de-sonora-la-vacuna-de-pfizer-contra-covid-19","status":"publish","type":"post","link":"https:\/\/www.regioncuatronoticias.com\/index.php\/2023\/12\/26\/llega-a-las-farmacias-de-sonora-la-vacuna-de-pfizer-contra-covid-19\/","title":{"rendered":"Llega a las Farmacias de Sonora la Vacuna de Pfizer contra Covid-19"},"content":{"rendered":"\n<p>|Este 24 de diciembre lleg\u00f3 la vacuna Pfizer contra Covid-19 a Sonora y ya se encuentra disponible en algunas farmacias para su venta<\/p>\n\n\n\n<p>Tomado de: N+<\/p>\n\n\n\n<p>D\u00eda de publicaci\u00f3n: 2023-12-26<\/p>\n\n\n\n<p>Se acab\u00f3 la espera en Hermosillo, Sonora, por la vacuna de Pfizer, pues a partir de este 24 de diciembre la cadena de Farmacias del Ahorro ya cuenta con el biol\u00f3gico contra el Covid-19 a la venta.<\/p>\n\n\n\n<p>Aunque a\u00fan son pocas las sucursales que cuentan con la vacuna, se espera que en los pr\u00f3ximos d\u00edas, al igual que en otras cadenas comerciales de farmacias, se surta el biol\u00f3gico en varios puntos de la ciudad.<\/p>\n\n\n\n<p>La vacuna de Pfizer protege contra la enfermedad grave de Covid-19 y tiene un costo de 859 pesos.<\/p>\n\n\n\n<figure class=\"wp-block-embed\"><div class=\"wp-block-embed__wrapper\">\nhttps:\/\/www.nmas.com.mx\/sonora\/llega-a-las-farmacias-de-sonora-la-vacuna-de-pfizer-contra-covid-19\/\n<\/div><\/figure>\n\n\n\n<figure class=\"wp-block-embed\"><div class=\"wp-block-embed__wrapper\">\nhttps:\/\/www.dossierpolitico.com\/vernoticias.php?artid=291717&#038;relacion=&#038;tipo=Sonora&#038;categoria=1\n<\/div><\/figure>\n","protected":false},"excerpt":{"rendered":"<p>|Este 24 de diciembre lleg\u00f3 la vacuna Pfizer contra Covid-19 a Sonora y ya se encuentra disponible en algunas farmacias para su venta Tomado de: N+ D\u00eda de publicaci\u00f3n: 2023-12-26 Se acab\u00f3 la espera en Hermosillo, Sonora, por la vacuna de Pfizer, pues a partir de este 24 de diciembre la cadena de Farmacias del [&hellip;]<\/p>\n","protected":false},"author":1,"featured_media":3952,"comment_status":"open","ping_status":"open","sticky":false,"template":"","format":"standard","meta":{"content-type":"","footnotes":""},"categories":[10,117,105,6],"tags":[],"class_list":{"0":"post-3951","1":"post","2":"type-post","3":"status-publish","4":"format-standard","5":"has-post-thumbnail","7":"category-ciencia","8":"category-general","9":"category-principal","10":"category-salud"},"_links":{"self":[{"href":"https:\/\/www.regioncuatronoticias.com\/index.php\/wp-json\/wp\/v2\/posts\/3951","targetHints":{"allow":["GET"]}}],"collection":[{"href":"https:\/\/www.regioncuatronoticias.com\/index.php\/wp-json\/wp\/v2\/posts"}],"about":[{"href":"https:\/\/www.regioncuatronoticias.com\/index.php\/wp-json\/wp\/v2\/types\/post"}],"author":[{"embeddable":true,"href":"https:\/\/www.regioncuatronoticias.com\/index.php\/wp-json\/wp\/v2\/users\/1"}],"replies":[{"embeddable":true,"href":"https:\/\/www.regioncuatronoticias.com\/index.php\/wp-json\/wp\/v2\/comments?post=3951"}],"version-history":[{"count":1,"href":"https:\/\/www.regioncuatronoticias.com\/index.php\/wp-json\/wp\/v2\/posts\/3951\/revisions"}],"predecessor-version":[{"id":3953,"href":"https:\/\/www.regioncuatronoticias.com\/index.php\/wp-json\/wp\/v2\/posts\/3951\/revisions\/3953"}],"wp:featuredmedia":[{"embeddable":true,"href":"https:\/\/www.regioncuatronoticias.com\/index.php\/wp-json\/wp\/v2\/media\/3952"}],"wp:attachment":[{"href":"https:\/\/www.regioncuatronoticias.com\/index.php\/wp-json\/wp\/v2\/media?parent=3951"}],"wp:term":[{"taxonomy":"category","embeddable":true,"href":"https:\/\/www.regioncuatronoticias.com\/index.php\/wp-json\/wp\/v2\/categories?post=3951"},{"taxonomy":"post_tag","embeddable":true,"href":"https:\/\/www.regioncuatronoticias.com\/index.php\/wp-json\/wp\/v2\/tags?post=3951"}],"curies":[{"name":"wp","href":"https:\/\/api.w.org\/{rel}","templated":true}]}}