{"id":3948,"date":"2023-12-26T22:24:55","date_gmt":"2023-12-27T05:24:55","guid":{"rendered":"https:\/\/www.regioncuatronoticias.com\/?p=3948"},"modified":"2023-12-26T22:24:57","modified_gmt":"2023-12-27T05:24:57","slug":"reprueban-unos-60-artistas-franceses-el-linchamiento-de-depardieu","status":"publish","type":"post","link":"https:\/\/www.regioncuatronoticias.com\/index.php\/2023\/12\/26\/reprueban-unos-60-artistas-franceses-el-linchamiento-de-depardieu\/","title":{"rendered":"Reprueban unos 60 artistas franceses el &#8220;linchamiento&#8221; de Depardieu"},"content":{"rendered":"\n<p>AFP<\/p>\n\n\n\n<p>Par\u00eds; diciembre 26 de 2023.- Unos sesenta artistas franceses denunciaron en una tribuna publicada en la prensa un &#8220;linchamiento&#8221; del actor G\u00e9rard Depardieu, acusado de violaci\u00f3n desde 2020 y en el centro de un esc\u00e1ndalo pol\u00edtico-medi\u00e1tico tras la reciente difusi\u00f3n de un documental televisivo.<\/p>\n\n\n\n<p>Entre los firmantes de la tribuna, publicada el lunes en el diario Le Figaro, figuran el director Bertrand Blier, las actrices Nathalie Baye, Carole Bouquet y Charlotte Rampling, los actores Jacques Weber, Pierre Richard y G\u00e9rard Darmon, pero tambi\u00e9n cantantes como Roberto Alagna, Carla Bruni, Arielle Dombasle y Jacques Dutronc.<\/p>\n\n\n\n<p>&#8220;G\u00e9rard Depardieu es probablemente el m\u00e1s grande de todos los actores. El \u00faltimo pilar sagrado del cine. No podemos permanecer mudos ante el linchamiento que sufre, ante el torrente de odio que se derrama sobre su persona (&#8230;) dejando de lado la presunci\u00f3n de inocencia de la que habr\u00eda gozado, como cualquier otra persona, si no fuera el gigante del cine que es&#8221;, escriben.<\/p>\n\n\n\n<p>&#8220;Cuando se ataca as\u00ed a Depardieu, se ataca al arte. Por su genio de actor, G\u00e9rard participa en la proyecci\u00f3n art\u00edstica de nuestro pa\u00eds&#8221;, dice la tribuna.<\/p>\n\n\n\n<p>&#8220;Pase lo que pase, nadie podr\u00e1 borrar jam\u00e1s la huella indeleble de su obra, de la que nuestra \u00e9poca qued\u00f3 marcada para siempre. El resto concierne a la justicia. Exclusivamente a la justicia&#8221;, a\u00f1aden los autores.<\/p>\n\n\n\n<p>El presidente franc\u00e9s Emmanuel Macron y miembros de la familia del actor, entre ellos su hija Julie, ya hab\u00edan tomado la palabra p\u00fablicamente para defender a G\u00e9rard Depardieu, acusado tras una de las dos denuncias de que es objeto en Francia y que refuta.<\/p>\n\n\n\n<p>La reciente difusi\u00f3n de un reportaje sobre el actor, en el programa &#8220;Complemento de investigaci\u00f3n&#8221; en la cadena France 2, provoc\u00f3 una onda de choque con repercusiones internacionales.<\/p>\n\n\n\n<p>En estas im\u00e1genes, Depardieu multiplica las declaraciones mis\u00f3ginas e insultantes dirigi\u00e9ndose a mujeres y a una ni\u00f1a con palabras de car\u00e1cter sexual.<\/p>\n\n\n\n<p>El grupo France T\u00e9l\u00e9visions, al que pertenece la cadena, asegur\u00f3 el viernes que la escena ante la ni\u00f1a hab\u00eda sido &#8220;autentificada&#8221; por un alguacil de justicia.<\/p>\n\n\n\n<p>Esta reacci\u00f3n se produjo despu\u00e9s de las declaraciones del jefe del Estado que suger\u00edan que la secuencia hab\u00eda podido ser modificada durante el montaje, como afirm\u00f3 anteriormente la familia del actor.<\/p>\n\n\n\n<p>Desde el esc\u00e1ndalo, G\u00e9rard Depardieu fue expulsado de la Orden Nacional de Quebec y de su t\u00edtulo de ciudadano de honor de la comuna de Estaimpuis en B\u00e9lgica. Su estatua de cera tambi\u00e9n fue retirada del famoso museo Gr\u00e9vin en Par\u00eds.<\/p>\n\n\n\n<figure class=\"wp-block-embed\"><div class=\"wp-block-embed__wrapper\">\nhttps:\/\/www.termometroenlinea.com.mx\/vernoticiasN.php?artid=111167&#038;cat=253\n<\/div><\/figure>\n","protected":false},"excerpt":{"rendered":"<p>AFP Par\u00eds; diciembre 26 de 2023.- Unos sesenta artistas franceses denunciaron en una tribuna publicada en la prensa un &#8220;linchamiento&#8221; del actor G\u00e9rard Depardieu, acusado de violaci\u00f3n desde 2020 y en el centro de un esc\u00e1ndalo pol\u00edtico-medi\u00e1tico tras la reciente difusi\u00f3n de un documental televisivo. Entre los firmantes de la tribuna, publicada el lunes en [&hellip;]<\/p>\n","protected":false},"author":1,"featured_media":3949,"comment_status":"open","ping_status":"open","sticky":false,"template":"","format":"standard","meta":{"content-type":"","footnotes":""},"categories":[116,117,7],"tags":[],"class_list":{"0":"post-3948","1":"post","2":"type-post","3":"status-publish","4":"format-standard","5":"has-post-thumbnail","7":"category-entretenimiento","8":"category-general","9":"category-internacional"},"_links":{"self":[{"href":"https:\/\/www.regioncuatronoticias.com\/index.php\/wp-json\/wp\/v2\/posts\/3948","targetHints":{"allow":["GET"]}}],"collection":[{"href":"https:\/\/www.regioncuatronoticias.com\/index.php\/wp-json\/wp\/v2\/posts"}],"about":[{"href":"https:\/\/www.regioncuatronoticias.com\/index.php\/wp-json\/wp\/v2\/types\/post"}],"author":[{"embeddable":true,"href":"https:\/\/www.regioncuatronoticias.com\/index.php\/wp-json\/wp\/v2\/users\/1"}],"replies":[{"embeddable":true,"href":"https:\/\/www.regioncuatronoticias.com\/index.php\/wp-json\/wp\/v2\/comments?post=3948"}],"version-history":[{"count":1,"href":"https:\/\/www.regioncuatronoticias.com\/index.php\/wp-json\/wp\/v2\/posts\/3948\/revisions"}],"predecessor-version":[{"id":3950,"href":"https:\/\/www.regioncuatronoticias.com\/index.php\/wp-json\/wp\/v2\/posts\/3948\/revisions\/3950"}],"wp:featuredmedia":[{"embeddable":true,"href":"https:\/\/www.regioncuatronoticias.com\/index.php\/wp-json\/wp\/v2\/media\/3949"}],"wp:attachment":[{"href":"https:\/\/www.regioncuatronoticias.com\/index.php\/wp-json\/wp\/v2\/media?parent=3948"}],"wp:term":[{"taxonomy":"category","embeddable":true,"href":"https:\/\/www.regioncuatronoticias.com\/index.php\/wp-json\/wp\/v2\/categories?post=3948"},{"taxonomy":"post_tag","embeddable":true,"href":"https:\/\/www.regioncuatronoticias.com\/index.php\/wp-json\/wp\/v2\/tags?post=3948"}],"curies":[{"name":"wp","href":"https:\/\/api.w.org\/{rel}","templated":true}]}}