{"id":39329,"date":"2026-03-16T15:48:16","date_gmt":"2026-03-16T22:48:16","guid":{"rendered":"https:\/\/www.regioncuatronoticias.com\/?p=39329"},"modified":"2026-03-16T15:48:21","modified_gmt":"2026-03-16T22:48:21","slug":"garcia-harfuch-se-reune-en-eeuu-con-terrance-cole-director-de-la-dea","status":"publish","type":"post","link":"https:\/\/www.regioncuatronoticias.com\/index.php\/2026\/03\/16\/garcia-harfuch-se-reune-en-eeuu-con-terrance-cole-director-de-la-dea\/","title":{"rendered":"Garc\u00eda Harfuch se re\u00fane en EEUU con Terrance Cole, director de la DEA"},"content":{"rendered":"\n<p><strong>Cole se apunt\u00f3 en un mensaje que en la reuni\u00f3n se discuti\u00f3 la colaboraci\u00f3n transfronteriza en la lucha contra el narcotr\u00e1fico y la creaci\u00f3n de comunidades m\u00e1s seguras.<\/strong><\/p>\n\n\n\n<p>Tomado de Aristegui Noticias<\/p>\n\n\n\n<p>Redacci\u00f3n AN \/ ARF<\/p>\n\n\n\n<p>Lunes 16 de marzo de 2026<\/p>\n\n\n\n<p>El titular de la Secretar\u00eda de Seguridad y Protecci\u00f3n Ciudadana (SSPC) de M\u00e9xico, Omar Garc\u00eda Harfuch, se reuni\u00f3 en Washington con el director de la Administraci\u00f3n de Control de Drogas (DEA, en ingl\u00e9s), Terrance Cole, con quien habl\u00f3, entre otros temas, sobre el combate al tr\u00e1fico de drogas y armas.<\/p>\n\n\n\n<p>El funcionario inform\u00f3 este lunes en sus redes sociales que el di\u00e1logo fue en representaci\u00f3n del Gabinete de Seguridad del Gobierno de M\u00e9xico.<\/p>\n\n\n\n<p>\u201cEn Washington DC asist\u00ed en representaci\u00f3n del Gabinete de Seguridad para dialogar con el director de la DEA, Terrance Cole, sobre la importancia de fortalecer la cooperaci\u00f3n bilateral para combatir el narcotr\u00e1fico, frenar el tr\u00e1fico de armas hacia nuestro pa\u00eds, y disminuir la violencia en M\u00e9xico con detenciones relevantes\u201d, apunt\u00f3 en su mensaje.<\/p>\n\n\n\n<p>Y agreg\u00f3 que siguiendo una instrucci\u00f3n de la presidenta Claudia Sheinbaum, \u201ccontinuaremos fortaleciendo la cooperaci\u00f3n internacional\u201d.<\/p>\n\n\n\n<p>Por el lado de Cole se apunt\u00f3 en un mensaje que en la reuni\u00f3n con el Jefe de Seguridad de M\u00e9xico se discuti\u00f3 la colaboraci\u00f3n transfronteriza en la lucha contra el narcotr\u00e1fico y la creaci\u00f3n de comunidades m\u00e1s seguras a ambos lados de la frontera.<\/p>\n\n\n\n<p>M\u00e9xico y Estados Unidos inician este lunes las mesas de di\u00e1logo sobre temas econ\u00f3micos y de seguridad.<\/p>\n\n\n\n<p>Este lunes, la presidenta de M\u00e9xico, Claudia Sheinbaum, se\u00f1al\u00f3 que buscar\u00e1 el \u201cmejor momento\u201d para reunirse con el presidente de Estados Unidos, Donald Trump, y que la prioridad de su gobierno es tener una buena relaci\u00f3n con el gobierno de aquel pa\u00eds.<\/p>\n\n\n\n<p>Las declaraciones de Sheinbaum ocurren en medio de un reciente intercambio de mensajes con Trump, ocurrido el fin de semana.<\/p>\n\n\n\n<p>\u201cYa vamos a ver el mejor momento. Hay momentos de desacuerdos, cuando se habla de nuestra soberan\u00eda, pues nosotros tenemos que responder. Pero buscamos siempre una buena relaci\u00f3n con el gobierno de Estados Unidos y la tenemos en seguridad y comercio. Ahora iniciamos estas conversaciones y esperamos llegar a muy buen t\u00e9rmino\u201d, dijo Sheinbaum.<\/p>\n\n\n\n<p>El pasado viernes, Trump insisti\u00f3 en que Sheinbaum, \u201cno deber\u00eda haber rechazado\u201d su \u201cayuda\u201d para hacer frente a los carteles en el pa\u00eds latinoamericano, en referencia a una posible intervenci\u00f3n militar estadounidense contra los narcotraficantes y dijo que los carteles \u201cnos guste o no, controlan M\u00e9xico\u201d.<\/p>\n\n\n\n<p>En M\u00e9xico, Sheinbaum respondi\u00f3 que, en la cooperaci\u00f3n con Estados Unidos en materia de seguridad, la soberan\u00eda nacional no est\u00e1 en negociaci\u00f3n y que en M\u00e9xico mandaba el pueblo.<\/p>\n\n\n\n<p>El debate sobre la cooperaci\u00f3n en seguridad entre ambos pa\u00edses se intensific\u00f3 tras la captura y muerte en febrero del l\u00edder del C\u00e1rtel Jalisco Nueva Generaci\u00f3n, Nemesio Oseguera Cervantes, alias El Mencho, considerado uno de los narcotraficantes m\u00e1s buscados por M\u00e9xico y Estados Unidos.<\/p>\n\n\n\n<p>Sheinbaum no fue invitada a la cumbre del Escudo de las Am\u00e9ricas del pasado s\u00e1bado en Miami, donde Trump se reuni\u00f3 con una docena de l\u00edderes latinoamericanos de derecha para formar una alianza militar contra el narcotr\u00e1fico.<\/p>\n\n\n\n<p>EFE<\/p>\n\n\n\n<p><a href=\"https:\/\/aristeguinoticias.com\/1603\/mexico\/garcia-harfuch-se-reune-el-director-de-la-dea-en-ee-uu\">https:\/\/aristeguinoticias.com\/1603\/mexico\/garcia-harfuch-se-reune-el-director-de-la-dea-en-ee-uu<\/a><\/p>\n","protected":false},"excerpt":{"rendered":"<p>Cole se apunt\u00f3 en un mensaje que en la reuni\u00f3n se discuti\u00f3 la colaboraci\u00f3n transfronteriza en la lucha contra el narcotr\u00e1fico y la creaci\u00f3n de comunidades m\u00e1s seguras. Tomado de Aristegui Noticias Redacci\u00f3n AN \/ ARF Lunes 16 de marzo de 2026 El titular de la Secretar\u00eda de Seguridad y Protecci\u00f3n Ciudadana (SSPC) de M\u00e9xico, [&hellip;]<\/p>\n","protected":false},"author":1,"featured_media":39330,"comment_status":"open","ping_status":"open","sticky":false,"template":"","format":"standard","meta":{"content-type":"","footnotes":""},"categories":[7,115,105],"tags":[],"class_list":{"0":"post-39329","1":"post","2":"type-post","3":"status-publish","4":"format-standard","5":"has-post-thumbnail","7":"category-internacional","8":"category-politica","9":"category-principal"},"_links":{"self":[{"href":"https:\/\/www.regioncuatronoticias.com\/index.php\/wp-json\/wp\/v2\/posts\/39329","targetHints":{"allow":["GET"]}}],"collection":[{"href":"https:\/\/www.regioncuatronoticias.com\/index.php\/wp-json\/wp\/v2\/posts"}],"about":[{"href":"https:\/\/www.regioncuatronoticias.com\/index.php\/wp-json\/wp\/v2\/types\/post"}],"author":[{"embeddable":true,"href":"https:\/\/www.regioncuatronoticias.com\/index.php\/wp-json\/wp\/v2\/users\/1"}],"replies":[{"embeddable":true,"href":"https:\/\/www.regioncuatronoticias.com\/index.php\/wp-json\/wp\/v2\/comments?post=39329"}],"version-history":[{"count":1,"href":"https:\/\/www.regioncuatronoticias.com\/index.php\/wp-json\/wp\/v2\/posts\/39329\/revisions"}],"predecessor-version":[{"id":39331,"href":"https:\/\/www.regioncuatronoticias.com\/index.php\/wp-json\/wp\/v2\/posts\/39329\/revisions\/39331"}],"wp:featuredmedia":[{"embeddable":true,"href":"https:\/\/www.regioncuatronoticias.com\/index.php\/wp-json\/wp\/v2\/media\/39330"}],"wp:attachment":[{"href":"https:\/\/www.regioncuatronoticias.com\/index.php\/wp-json\/wp\/v2\/media?parent=39329"}],"wp:term":[{"taxonomy":"category","embeddable":true,"href":"https:\/\/www.regioncuatronoticias.com\/index.php\/wp-json\/wp\/v2\/categories?post=39329"},{"taxonomy":"post_tag","embeddable":true,"href":"https:\/\/www.regioncuatronoticias.com\/index.php\/wp-json\/wp\/v2\/tags?post=39329"}],"curies":[{"name":"wp","href":"https:\/\/api.w.org\/{rel}","templated":true}]}}