{"id":39326,"date":"2026-03-16T15:39:34","date_gmt":"2026-03-16T22:39:34","guid":{"rendered":"https:\/\/www.regioncuatronoticias.com\/?p=39326"},"modified":"2026-03-16T15:39:42","modified_gmt":"2026-03-16T22:39:42","slug":"comparativo-de-la-pobreza-entre-mexico-y-cuba","status":"publish","type":"post","link":"https:\/\/www.regioncuatronoticias.com\/index.php\/2026\/03\/16\/comparativo-de-la-pobreza-entre-mexico-y-cuba\/","title":{"rendered":"Comparativo de la pobreza entre M\u00e9xico y Cuba"},"content":{"rendered":"\n<p><strong>-Mientras en M\u00e9xico la pobreza se mide por carencias sociales e ingreso, en Cuba se refleja en escasez estructural, salarios estatales bajos y limitado acceso a bienes b\u00e1sicos<\/strong><\/p>\n\n\n\n<p><strong>-La comparaci\u00f3n entre M\u00e9xico y Cuba muestra c\u00f3mo distintos modelos econ\u00f3micos producen experiencias diferentes de pobreza, aunque ambos pa\u00edses enfrentan retos estructurales.<\/strong><\/p>\n\n\n\n<p>Tomado de El Imparcial<\/p>\n\n\n\n<p>Por Enya M. Contreras&nbsp;<\/p>\n\n\n\n<p>Lunes 16 de marzo de 2026<\/p>\n\n\n\n<p>Hablar de pobreza en Am\u00e9rica Latina exige contexto. No todos los pa\u00edses la miden igual ni la viven de la misma forma.<\/p>\n\n\n\n<p>En M\u00e9xico, la pobreza se eval\u00faa oficialmente con un enfoque multidimensional que combina ingreso y carencias sociales.<\/p>\n\n\n\n<p>En Cuba, en cambio, no existe una medici\u00f3n p\u00fablica peri\u00f3dica equivalente bajo est\u00e1ndares internacionales comparables, pero s\u00ed hay datos oficiales sobre salarios, abastecimiento y condiciones econ\u00f3micas que permiten dimensionar la situaci\u00f3n.<\/p>\n\n\n\n<p>Para entender la diferencia, es clave revisar qu\u00e9 dicen las fuentes oficiales de cada pa\u00eds y los organismos internacionales.<\/p>\n\n\n\n<p><strong>\u00bfC\u00f3mo se mide la pobreza en M\u00e9xico?<\/strong><\/p>\n\n\n\n<p>En Consejo Nacional de Evaluaci\u00f3n de la Pol\u00edtica de Desarrollo Social (CONEVAL), la pobreza se define a partir de dos elementos:<\/p>\n\n\n\n<p>-Ingreso por debajo de la l\u00ednea de bienestar<\/p>\n\n\n\n<p>-Al menos una carencia social (educaci\u00f3n, salud, vivienda, seguridad social, alimentaci\u00f3n o servicios b\u00e1sicos)<\/p>\n\n\n\n<p>Esto significa que en M\u00e9xico una persona puede tener vivienda formal pero carecer de seguridad social, o tener ingreso insuficiente aun con servicios b\u00e1sicos, y eso cuenta en la medici\u00f3n.<\/p>\n\n\n\n<p><strong>La pobreza en M\u00e9xico suele reflejarse en:<\/strong><\/p>\n\n\n\n<p>-Viviendas con materiales precarios<\/p>\n\n\n\n<p>-Colonias sin infraestructura completa<\/p>\n\n\n\n<p>-Acceso irregular a agua o drenaje en zonas marginadas<\/p>\n\n\n\n<p>-Alta informalidad laboral<\/p>\n\n\n\n<p>El modelo mexicano permite cuantificar oficialmente cu\u00e1ntas personas viven en pobreza y pobreza extrema bajo criterios t\u00e9cnicos p\u00fablicos.<\/p>\n\n\n\n<p><strong>\u00bfExiste una medici\u00f3n oficial de pobreza en Cuba?<\/strong><\/p>\n\n\n\n<p>En Cuba no se publica peri\u00f3dicamente una medici\u00f3n multidimensional como la mexicana.<\/p>\n\n\n\n<p>La informaci\u00f3n econ\u00f3mica proviene principalmente de la Oficina Nacional de Estad\u00edstica e Informaci\u00f3n (ONEI).<\/p>\n\n\n\n<p>Cuba mantiene un sistema econ\u00f3mico mayoritariamente estatal con salarios regulados. Tras reformas recientes, el salario m\u00ednimo mensual ronda los 2,100 pesos cubanos, pero el poder adquisitivo est\u00e1 fuertemente afectado por:<\/p>\n\n\n\n<p>-Inflaci\u00f3n<\/p>\n\n\n\n<p>-Escasez de productos b\u00e1sicos<\/p>\n\n\n\n<p>-Sistema de doble moneda hasta 2021<\/p>\n\n\n\n<p>-Mercado informal con precios superiores al salario promedio<\/p>\n\n\n\n<p>En la pr\u00e1ctica, la pobreza en Cuba se expresa menos en viviendas de l\u00e1mina o asentamientos irregulares \u2014como ocurre en algunas zonas de M\u00e9xico\u2014 y m\u00e1s en:<\/p>\n\n\n\n<p>-Escasez de alimentos<\/p>\n\n\n\n<p>-Limitado acceso a productos importados<\/p>\n\n\n\n<p>-Cortes el\u00e9ctricos<\/p>\n\n\n\n<p>-Dificultad para adquirir bienes b\u00e1sicos<\/p>\n\n\n\n<p><strong>\u00bfQu\u00e9 dice el \u00cdndice de Desarrollo Humano sobre ambos pa\u00edses?<\/strong><\/p>\n\n\n\n<p>El Programa de las Naciones Unidas para el Desarrollo (PNUD) publica el \u00cdndice de Desarrollo Humano (IDH), que mide:<\/p>\n\n\n\n<p>-Esperanza de vida<\/p>\n\n\n\n<p>-Educaci\u00f3n<\/p>\n\n\n\n<p>-Ingreso nacional per c\u00e1pita<\/p>\n\n\n\n<p>M\u00e9xico y Cuba suelen ubicarse en niveles de desarrollo humano medio-alto dentro de Am\u00e9rica Latina, pero el IDH no refleja directamente disponibilidad cotidiana de bienes o libertad econ\u00f3mica.<\/p>\n\n\n\n<p>Cuba mantiene indicadores relativamente altos en educaci\u00f3n y salud, pero enfrenta limitaciones en ingreso real y acceso a mercados. M\u00e9xico, por su parte, presenta mayor desigualdad interna, con regiones con infraestructura moderna y otras con alta marginaci\u00f3n.<\/p>\n\n\n\n<p><strong>\u00bfC\u00f3mo se ve la pobreza en la vida diaria en M\u00e9xico y en Cuba?<\/strong><\/p>\n\n\n\n<p><strong>En M\u00e9xico:<\/strong><\/p>\n\n\n\n<p>-Puede implicar vivienda informal<\/p>\n\n\n\n<p>-Colonias sin pavimentaci\u00f3n<\/p>\n\n\n\n<p>-Falta de acceso a servicios de salud formales<\/p>\n\n\n\n<p>-Trabajo informal sin seguridad social<\/p>\n\n\n\n<p><strong>En Cuba:<\/strong><\/p>\n\n\n\n<p>-Vivienda generalmente formal, pero deteriorada en muchos casos<\/p>\n\n\n\n<p>-Abasto racionado de alimentos<\/p>\n\n\n\n<p>-Mercado paralelo con precios elevados<\/p>\n\n\n\n<p>-Dependencia de remesas<\/p>\n\n\n\n<p>En Cuba, el problema no suele ser la inexistencia de vivienda, sino el deterioro de infraestructura y la falta de materiales para mantenimiento. En M\u00e9xico, la carencia puede estar en la falta de vivienda adecuada o servicios b\u00e1sicos.<\/p>\n\n\n\n<p><strong>\u00bfCu\u00e1l es la diferencia estructural entre ambos modelos?<\/strong><\/p>\n\n\n\n<p>M\u00e9xico opera bajo un sistema de mercado con alta informalidad y desigualdad regional.<\/p>\n\n\n\n<p>Cuba funciona bajo un sistema estatal con fuerte regulaci\u00f3n econ\u00f3mica y restricciones comerciales.<\/p>\n\n\n\n<p><strong>En M\u00e9xico:<\/strong><\/p>\n\n\n\n<p>-Hay mayor acceso a bienes de consumo si se tiene ingreso suficiente.<\/p>\n\n\n\n<p>-La desigualdad es visible territorialmente.<\/p>\n\n\n\n<p><strong>En Cuba:<\/strong><\/p>\n\n\n\n<p>-El acceso est\u00e1 limitado por disponibilidad m\u00e1s que por desigualdad abierta.<\/p>\n\n\n\n<p>-El salario estatal no siempre cubre el costo real del mercado informal.<\/p>\n\n\n\n<p><strong>\u00bfPor qu\u00e9 es importante no comparar sin contexto?<\/strong><\/p>\n\n\n\n<p>Comparar pobreza entre pa\u00edses exige entender que:<\/p>\n\n\n\n<p>-No se mide con la misma metodolog\u00eda.<\/p>\n\n\n\n<p>-No responde al mismo modelo econ\u00f3mico.<\/p>\n\n\n\n<p>-No se expresa de la misma forma urbana o social.<\/p>\n\n\n\n<p><strong>En M\u00e9xico<\/strong>, la pobreza puede ser visible en infraestructura deficiente.<\/p>\n\n\n\n<p><strong>En Cuba,<\/strong> puede expresarse en escasez y bajo poder adquisitivo pese a cobertura estatal en educaci\u00f3n y salud.<\/p>\n\n\n\n<p><strong>La pobreza no se vive igual en todos los pa\u00edses<\/strong><\/p>\n\n\n\n<p>La pobreza no se vive igual en todos los pa\u00edses. En M\u00e9xico, se mide oficialmente con carencias sociales y se refleja en desigualdad territorial e informalidad. En Cuba, aunque existen coberturas universales en salud y educaci\u00f3n, el bajo poder adquisitivo y la escasez estructural marcan la experiencia cotidiana.<\/p>\n\n\n\n<p><a href=\"https:\/\/www.elimparcial.com\/mundo\/2026\/03\/13\/mientras-en-mexico-la-pobreza-se-mide-por-carencias-sociales-e-ingreso-en-cuba-se-refleja-en-escasez-estructural-salarios-estatales-bajos-y-limitado-acceso-a-bienes-basicos\">https:\/\/www.elimparcial.com\/mundo\/2026\/03\/13\/mientras-en-mexico-la-pobreza-se-mide-por-carencias-sociales-e-ingreso-en-cuba-se-refleja-en-escasez-estructural-salarios-estatales-bajos-y-limitado-acceso-a-bienes-basicos<\/a><\/p>\n","protected":false},"excerpt":{"rendered":"<p>-Mientras en M\u00e9xico la pobreza se mide por carencias sociales e ingreso, en Cuba se refleja en escasez estructural, salarios estatales bajos y limitado acceso a bienes b\u00e1sicos -La comparaci\u00f3n entre M\u00e9xico y Cuba muestra c\u00f3mo distintos modelos econ\u00f3micos producen experiencias diferentes de pobreza, aunque ambos pa\u00edses enfrentan retos estructurales. Tomado de El Imparcial Por [&hellip;]<\/p>\n","protected":false},"author":1,"featured_media":39327,"comment_status":"open","ping_status":"open","sticky":false,"template":"","format":"standard","meta":{"content-type":"","footnotes":""},"categories":[114,7,105],"tags":[],"class_list":{"0":"post-39326","1":"post","2":"type-post","3":"status-publish","4":"format-standard","5":"has-post-thumbnail","7":"category-economia","8":"category-internacional","9":"category-principal"},"_links":{"self":[{"href":"https:\/\/www.regioncuatronoticias.com\/index.php\/wp-json\/wp\/v2\/posts\/39326","targetHints":{"allow":["GET"]}}],"collection":[{"href":"https:\/\/www.regioncuatronoticias.com\/index.php\/wp-json\/wp\/v2\/posts"}],"about":[{"href":"https:\/\/www.regioncuatronoticias.com\/index.php\/wp-json\/wp\/v2\/types\/post"}],"author":[{"embeddable":true,"href":"https:\/\/www.regioncuatronoticias.com\/index.php\/wp-json\/wp\/v2\/users\/1"}],"replies":[{"embeddable":true,"href":"https:\/\/www.regioncuatronoticias.com\/index.php\/wp-json\/wp\/v2\/comments?post=39326"}],"version-history":[{"count":1,"href":"https:\/\/www.regioncuatronoticias.com\/index.php\/wp-json\/wp\/v2\/posts\/39326\/revisions"}],"predecessor-version":[{"id":39328,"href":"https:\/\/www.regioncuatronoticias.com\/index.php\/wp-json\/wp\/v2\/posts\/39326\/revisions\/39328"}],"wp:featuredmedia":[{"embeddable":true,"href":"https:\/\/www.regioncuatronoticias.com\/index.php\/wp-json\/wp\/v2\/media\/39327"}],"wp:attachment":[{"href":"https:\/\/www.regioncuatronoticias.com\/index.php\/wp-json\/wp\/v2\/media?parent=39326"}],"wp:term":[{"taxonomy":"category","embeddable":true,"href":"https:\/\/www.regioncuatronoticias.com\/index.php\/wp-json\/wp\/v2\/categories?post=39326"},{"taxonomy":"post_tag","embeddable":true,"href":"https:\/\/www.regioncuatronoticias.com\/index.php\/wp-json\/wp\/v2\/tags?post=39326"}],"curies":[{"name":"wp","href":"https:\/\/api.w.org\/{rel}","templated":true}]}}