{"id":39303,"date":"2026-03-14T21:26:40","date_gmt":"2026-03-15T04:26:40","guid":{"rendered":"https:\/\/www.regioncuatronoticias.com\/?p=39303"},"modified":"2026-03-14T21:26:44","modified_gmt":"2026-03-15T04:26:44","slug":"en-mexico-gobierna-el-pueblo-no-los-carteles-responde-sheinbaum-a-trump","status":"publish","type":"post","link":"https:\/\/www.regioncuatronoticias.com\/index.php\/2026\/03\/14\/en-mexico-gobierna-el-pueblo-no-los-carteles-responde-sheinbaum-a-trump\/","title":{"rendered":"\u201cEn M\u00e9xico gobierna el pueblo, no los c\u00e1rteles\u201d, responde Sheinbaum a Trump"},"content":{"rendered":"\n<p><strong>La presidenta encabez\u00f3 inauguraci\u00f3n de Centro para Mujeres en Nayarit y envi\u00f3 mensaje a su hom\u00f3logo tras afirmaciones de Trump.<\/strong><\/p>\n\n\n\n<p>Tomado de El Imparcial<\/p>\n\n\n\n<p>Claudia Ulloa&nbsp;<\/p>\n\n\n\n<p>S\u00e1bado 14 de marzo de 2026<\/p>\n\n\n\n<p>IXTL\u00c1N DEL R\u00cdO, Nayarit.- \u201c\u00bfQui\u00e9n gobierna M\u00e9xico? Porque luego andan diciendo que otros gobiernan M\u00e9xico, \u00bfno?\u201d. Con esta pregunta, la presidenta Claudia Sheinbaum respondi\u00f3 este s\u00e1bado a las declaraciones del presidente de Estados Unidos, Donald Trump, quien un d\u00eda antes afirm\u00f3 que \u201cnos guste o no, los c\u00e1rteles dirigen M\u00e9xico\u201d.<\/p>\n\n\n\n<p>En un acto p\u00fablico realizado en este municipio nayarita, donde inaugur\u00f3 un Centro Libre para Mujeres, la mandataria fue contundente: \u201cEn M\u00e9xico gobierna el pueblo, pero tambi\u00e9n gobernamos las mujeres\u201d.<\/p>\n\n\n\n<p><strong>\u00bfQu\u00e9 dijo Trump sobre M\u00e9xico y los c\u00e1rteles?<\/strong><\/p>\n\n\n\n<p>El presidente estadounidense Donald Trump afirm\u00f3: \u201cnos guste o no, los c\u00e1rteles dirigen M\u00e9xico\u201d. La frase gener\u00f3 reacciones inmediatas en distintos sectores de la pol\u00edtica mexicana, y este s\u00e1bado que la presidenta Sheinbaum respondi\u00f3 directamente durante su gira por Nayarit.<\/p>\n\n\n\n<p>La presidenta subray\u00f3 que su gobierno representa \u201cun proyecto de naci\u00f3n\u201d y que su llegada a la titularidad del Ejecutivo federal implica \u201cuna doble responsabilidad: Continuar el proyecto iniciado en 2018 y demostrar que las mujeres pueden gobernar\u201d.<\/p>\n\n\n\n<p><strong>\u201cLlegar despu\u00e9s del presidente Andr\u00e9s Manuel L\u00f3pez Obrador para darle continuidad es una enorme responsabilidad. La honestidad da resultados, el amor al pueblo da resultados y trabajar con la gente da resultados\u201d.<\/strong><\/p>\n\n\n\n<p><strong>\u2014&nbsp; Claudia Sheinbaum<\/strong><\/p>\n\n\n\n<p>La mandataria enfatiz\u00f3 que su administraci\u00f3n impulsa la igualdad sustantiva entre hombres y mujeres, y record\u00f3 que ya qued\u00f3 asentado en la Constituci\u00f3n que ambos g\u00e9neros tienen los mismos derechos, que a trabajo igual debe corresponder salario igual y que las mujeres tienen derecho a vivir libres de violencia.<\/p>\n\n\n\n<p>En el acto, Sheinbaum estuvo acompa\u00f1ada por el gobernador de Nayarit, Miguel \u00c1ngel Navarro Quintero, quien expres\u00f3 su respaldo expl\u00edcito a la jefa del Ejecutivo federal. \u201cNosotros defenderemos a la presidenta cueste lo que cueste\u201d, afirm\u00f3 el mandatario estatal.<\/p>\n\n\n\n<p>Navarro Quintero tambi\u00e9n hizo referencia al contexto internacional sin mencionar directamente a Estados Unidos; sostuvo que, aunque hay \u201cpa\u00edses con gran poder\u00edo militar\u201d, M\u00e9xico cuenta con la defensa de su dignidad y su soberan\u00eda como sus principales activos.<\/p>\n\n\n\n<p><strong>\u00bfQu\u00e9 son los Centros Libre para Mujeres?<\/strong><\/p>\n\n\n\n<p>El motivo oficial de la visita de Sheinbaum a Nayarit fue la inauguraci\u00f3n de un Centro Libre para Mujeres en Ixtl\u00e1n del R\u00edo. Estos espacios forman parte de una red de atenci\u00f3n y apoyo a mujeres que buscan garantizar el acceso a derechos, servicios y acompa\u00f1amiento.<\/p>\n\n\n\n<p>Citlalli Hern\u00e1ndez Mora, titular de la Secretar\u00eda de las Mujeres, inform\u00f3 durante el evento que en Nayarit ya operan 17 de estos centros y que en abril se abrir\u00e1n tres m\u00e1s. Con esto, la entidad contar\u00e1 con un Centro Libre en cada uno de sus 20 municipios.<\/p>\n\n\n\n<p>Hern\u00e1ndez Mora detall\u00f3 que el gobierno federal destina 24 millones de pesos para la instalaci\u00f3n de estos espacios y para la ejecuci\u00f3n de programas de promoci\u00f3n de los derechos de las mujeres en la entidad.<\/p>\n\n\n\n<p>La funcionaria explic\u00f3 que estos centros ofrecen asesor\u00eda jur\u00eddica, acompa\u00f1amiento psicol\u00f3gico y talleres de capacitaci\u00f3n, entre otros servicios.<\/p>\n\n\n\n<p><strong>Un incidente menor durante el recorrido<\/strong><\/p>\n\n\n\n<figure class=\"wp-block-embed is-type-rich is-provider-twitter wp-block-embed-twitter\"><div class=\"wp-block-embed__wrapper\">\n<blockquote class=\"twitter-tweet\" data-width=\"550\" data-dnt=\"true\"><p lang=\"es\" dir=\"ltr\">\ud83c\uddf2\ud83c\uddfd \ud83d\udc41\ufe0f\ud83d\udcc4  <br>SHEINBAUM RECIBE PIQUETE ACCIDENTAL EN EL OJO  <br><br>Un roce inesperado en plena multitud casi le arruina la llegada, pero ella sigui\u00f3 como si nada.<br><br>\u26a0\ufe0f\u00a1SIGUE <a href=\"https:\/\/twitter.com\/ULTIMAHORAENX?ref_src=twsrc%5Etfw\">@ULTIMAHORAENX<\/a> PARA M\u00c1S NOTICIAS!<br><br>La presidenta Claudia Sheinbaum sufri\u00f3 un incidente menor este s\u00e1bado al llegar\u2026 <a href=\"https:\/\/t.co\/wSufi49Yep\">pic.twitter.com\/wSufi49Yep<\/a><\/p>&mdash; \u24cdULTIMAHORAENX (@ULTIMAHORAENX) <a href=\"https:\/\/twitter.com\/ULTIMAHORAENX\/status\/2032963359637946755?ref_src=twsrc%5Etfw\">March 14, 2026<\/a><\/blockquote><script async src=\"https:\/\/platform.twitter.com\/widgets.js\" charset=\"utf-8\"><\/script>\n<\/div><\/figure>\n\n\n\n<p>Antes de que iniciara el acto protocolario, al llegar al Centro Libre de Ixtl\u00e1n del R\u00edo, la presidenta Sheinbaum result\u00f3 lastimada levemente en un ojo.<\/p>\n\n\n\n<p>El incidente ocurri\u00f3 cuando algunos pobladores se acercaron a saludarla e intentaron entregarle documentos.<\/p>\n\n\n\n<p>La mandataria rest\u00f3 importancia al hecho y lo explic\u00f3 con naturalidad: \u201cMe picaron el ojo sin querer, fue eso\u201d. El momento no pas\u00f3 a mayores y Sheinbaum continu\u00f3 con su agenda prevista.<\/p>\n\n\n\n<p>Luego del acto en Ixtl\u00e1n del R\u00edo, Sheinbaum Pardo ten\u00eda previsto trasladarse a Santa Mar\u00eda del R\u00edo, en San Luis Potos\u00ed, para encabezar una ceremonia relacionada con el programa Pensi\u00f3n Mujeres Bienestar.<\/p>\n\n\n\n<p>Este programa forma parte de las pol\u00edticas sociales implementadas por su administraci\u00f3n, orientadas a brindar apoyos econ\u00f3micos a mujeres adultas mayores.<\/p>\n\n\n\n<p><a href=\"https:\/\/www.elimparcial.com\/mexico\/2026\/03\/15\/en-mexico-gobierna-el-pueblo-no-los-carteles-responde-claudia-sheinbaum-en-evento-en-nayarit-tras-declaraciones-de-trump\">https:\/\/www.elimparcial.com\/mexico\/2026\/03\/15\/en-mexico-gobierna-el-pueblo-no-los-carteles-responde-claudia-sheinbaum-en-evento-en-nayarit-tras-declaraciones-de-trump<\/a><\/p>\n","protected":false},"excerpt":{"rendered":"<p>La presidenta encabez\u00f3 inauguraci\u00f3n de Centro para Mujeres en Nayarit y envi\u00f3 mensaje a su hom\u00f3logo tras afirmaciones de Trump. Tomado de El Imparcial Claudia Ulloa&nbsp; S\u00e1bado 14 de marzo de 2026 IXTL\u00c1N DEL R\u00cdO, Nayarit.- \u201c\u00bfQui\u00e9n gobierna M\u00e9xico? Porque luego andan diciendo que otros gobiernan M\u00e9xico, \u00bfno?\u201d. Con esta pregunta, la presidenta Claudia Sheinbaum [&hellip;]<\/p>\n","protected":false},"author":1,"featured_media":39304,"comment_status":"open","ping_status":"open","sticky":false,"template":"","format":"standard","meta":{"content-type":"","footnotes":""},"categories":[7,115,105],"tags":[],"class_list":{"0":"post-39303","1":"post","2":"type-post","3":"status-publish","4":"format-standard","5":"has-post-thumbnail","7":"category-internacional","8":"category-politica","9":"category-principal"},"_links":{"self":[{"href":"https:\/\/www.regioncuatronoticias.com\/index.php\/wp-json\/wp\/v2\/posts\/39303","targetHints":{"allow":["GET"]}}],"collection":[{"href":"https:\/\/www.regioncuatronoticias.com\/index.php\/wp-json\/wp\/v2\/posts"}],"about":[{"href":"https:\/\/www.regioncuatronoticias.com\/index.php\/wp-json\/wp\/v2\/types\/post"}],"author":[{"embeddable":true,"href":"https:\/\/www.regioncuatronoticias.com\/index.php\/wp-json\/wp\/v2\/users\/1"}],"replies":[{"embeddable":true,"href":"https:\/\/www.regioncuatronoticias.com\/index.php\/wp-json\/wp\/v2\/comments?post=39303"}],"version-history":[{"count":1,"href":"https:\/\/www.regioncuatronoticias.com\/index.php\/wp-json\/wp\/v2\/posts\/39303\/revisions"}],"predecessor-version":[{"id":39305,"href":"https:\/\/www.regioncuatronoticias.com\/index.php\/wp-json\/wp\/v2\/posts\/39303\/revisions\/39305"}],"wp:featuredmedia":[{"embeddable":true,"href":"https:\/\/www.regioncuatronoticias.com\/index.php\/wp-json\/wp\/v2\/media\/39304"}],"wp:attachment":[{"href":"https:\/\/www.regioncuatronoticias.com\/index.php\/wp-json\/wp\/v2\/media?parent=39303"}],"wp:term":[{"taxonomy":"category","embeddable":true,"href":"https:\/\/www.regioncuatronoticias.com\/index.php\/wp-json\/wp\/v2\/categories?post=39303"},{"taxonomy":"post_tag","embeddable":true,"href":"https:\/\/www.regioncuatronoticias.com\/index.php\/wp-json\/wp\/v2\/tags?post=39303"}],"curies":[{"name":"wp","href":"https:\/\/api.w.org\/{rel}","templated":true}]}}