{"id":39298,"date":"2026-03-14T21:07:09","date_gmt":"2026-03-15T04:07:09","guid":{"rendered":"https:\/\/www.regioncuatronoticias.com\/?p=39298"},"modified":"2026-03-14T21:07:12","modified_gmt":"2026-03-15T04:07:12","slug":"sheinbaum-no-deberia-haber-rechazado-mi-ayuda-trump","status":"publish","type":"post","link":"https:\/\/www.regioncuatronoticias.com\/index.php\/2026\/03\/14\/sheinbaum-no-deberia-haber-rechazado-mi-ayuda-trump\/","title":{"rendered":"Sheinbaum &#8216;no deber\u00eda haber rechazado mi ayuda\u2019: Trump"},"content":{"rendered":"\n<p><strong>El presidente republicano dijo que la mandataria Claudia Sheinbaum Pardo &#8220;no deber\u00eda haber rechazado&#8221; su &#8220;ayuda&#8221; para combatir a los c\u00e1rteles en M\u00e9xico.<\/strong><\/p>\n\n\n\n<p>Tomado de Aristegui Noticias<\/p>\n\n\n\n<p>Redacci\u00f3n AN \/ AG<\/p>\n\n\n\n<p>Viernes 13 de marzo de 2026<\/p>\n\n\n\n<p>El presidente estadounidense, Donald Trump, insisti\u00f3 este viernes en que su hom\u00f3loga Claudia Sheinbaum Pardo \u201cno deber\u00eda haber rechazado\u201d su \u201cayuda\u201d para combatir a los c\u00e1rteles en M\u00e9xico, en referencia a un posible ataque estadounidense contra los narcotraficantes.<\/p>\n\n\n\n<p>\u201cNo deber\u00eda haber rechazado mi ayuda. Me ofrec\u00ed a acabar con los c\u00e1rteles en M\u00e9xico, y por alguna raz\u00f3n ella no quiere hacerlo. Me cae muy bien, pero deber\u00eda acabar con los c\u00e1rteles porque, nos guste o no, controlan M\u00e9xico\u201d, respondi\u00f3 el magnate republicano a preguntas de la prensa antes de subirse al avi\u00f3n presidencial Air Force One.<\/p>\n\n\n\n<p>Trump compartido horas antes en su red Truth Social un mensaje de un usuario que se\u00f1al\u00f3 que Sheinbaum ha rechazado en varias ocasiones la oferta del republicano de que Estados Unidos intervenga en M\u00e9xico para combatir a los carteles del narcotr\u00e1fico.<\/p>\n\n\n\n<p>El mandatario acompa\u00f1\u00f3 el mensaje con un video de una parte de la conferencia de prensa del pasado 9 de marzo en el que Sheinbaum Pardo dice haber rechazado la propuesta de que el ej\u00e9rcito estadounidense entre a territorio mexicano.<\/p>\n\n\n\n<figure class=\"wp-block-image size-full\"><img loading=\"lazy\" loading=\"lazy\" decoding=\"async\" width=\"700\" height=\"467\" src=\"https:\/\/www.regioncuatronoticias.com\/wp-content\/uploads\/2026\/03\/image-34.png\" alt=\"\" class=\"wp-image-39300\" srcset=\"https:\/\/www.regioncuatronoticias.com\/wp-content\/uploads\/2026\/03\/image-34.png 700w, https:\/\/www.regioncuatronoticias.com\/wp-content\/uploads\/2026\/03\/image-34-640x427.png 640w, https:\/\/www.regioncuatronoticias.com\/wp-content\/uploads\/2026\/03\/image-34-330x220.png 330w, https:\/\/www.regioncuatronoticias.com\/wp-content\/uploads\/2026\/03\/image-34-420x280.png 420w, https:\/\/www.regioncuatronoticias.com\/wp-content\/uploads\/2026\/03\/image-34-615x410.png 615w\" sizes=\"auto, (max-width: 700px) 100vw, 700px\" \/><\/figure>\n\n\n\n<p><strong>\u2018Soberan\u00eda nacional no est\u00e1 en negociaci\u00f3n\u2019, afirma Sheinbaum<\/strong><\/p>\n\n\n\n<p>Este viernes, en un acto de entrega de la Pensi\u00f3n Mujeres Bienestar en la ciudad de Tecom\u00e1n, Colima, Sheinbaum insisti\u00f3 en que, en la cooperaci\u00f3n con Estados Unidos en materia de seguridad, la soberan\u00eda nacional no est\u00e1 en negociaci\u00f3n.<\/p>\n\n\n\n<p>El debate sobre la cooperaci\u00f3n en seguridad entre ambos pa\u00edses se intensific\u00f3 tras la captura y muerte en febrero del l\u00edder del Cartel Jalisco Nueva Generaci\u00f3n, Nemesio Oseguera Cervantes, alias \u201cEl Mencho\u201d, considerado uno de los narcotraficantes m\u00e1s buscados por M\u00e9xico y Estados Unidos.<\/p>\n\n\n\n<p>M\u00e9xico no fue invitada a la cumbre del Escudo de las Am\u00e9ricas del pasado s\u00e1bado en Miami, donde Trump se reuni\u00f3 con una docena de l\u00edderes latinoamericanos de derecha para formar una alianza militar contra el narcotr\u00e1fico. (EFE)<\/p>\n\n\n\n<figure class=\"wp-block-image size-full\"><img loading=\"lazy\" loading=\"lazy\" decoding=\"async\" width=\"700\" height=\"467\" src=\"https:\/\/www.regioncuatronoticias.com\/wp-content\/uploads\/2026\/03\/image-35.png\" alt=\"\" class=\"wp-image-39301\" srcset=\"https:\/\/www.regioncuatronoticias.com\/wp-content\/uploads\/2026\/03\/image-35.png 700w, https:\/\/www.regioncuatronoticias.com\/wp-content\/uploads\/2026\/03\/image-35-640x427.png 640w, https:\/\/www.regioncuatronoticias.com\/wp-content\/uploads\/2026\/03\/image-35-330x220.png 330w, https:\/\/www.regioncuatronoticias.com\/wp-content\/uploads\/2026\/03\/image-35-420x280.png 420w, https:\/\/www.regioncuatronoticias.com\/wp-content\/uploads\/2026\/03\/image-35-615x410.png 615w\" sizes=\"auto, (max-width: 700px) 100vw, 700px\" \/><\/figure>\n\n\n\n<p><a href=\"https:\/\/aristeguinoticias.com\/1303\/mundo\/trump-los-carteles-nos-guste-o-no-controlan-mexico\">https:\/\/aristeguinoticias.com\/1303\/mundo\/trump-los-carteles-nos-guste-o-no-controlan-mexico<\/a><\/p>\n","protected":false},"excerpt":{"rendered":"<p>El presidente republicano dijo que la mandataria Claudia Sheinbaum Pardo &#8220;no deber\u00eda haber rechazado&#8221; su &#8220;ayuda&#8221; para combatir a los c\u00e1rteles en M\u00e9xico. Tomado de Aristegui Noticias Redacci\u00f3n AN \/ AG Viernes 13 de marzo de 2026 El presidente estadounidense, Donald Trump, insisti\u00f3 este viernes en que su hom\u00f3loga Claudia Sheinbaum Pardo \u201cno deber\u00eda haber [&hellip;]<\/p>\n","protected":false},"author":1,"featured_media":39299,"comment_status":"open","ping_status":"open","sticky":false,"template":"","format":"standard","meta":{"content-type":"","footnotes":""},"categories":[7,115,105],"tags":[],"class_list":{"0":"post-39298","1":"post","2":"type-post","3":"status-publish","4":"format-standard","5":"has-post-thumbnail","7":"category-internacional","8":"category-politica","9":"category-principal"},"_links":{"self":[{"href":"https:\/\/www.regioncuatronoticias.com\/index.php\/wp-json\/wp\/v2\/posts\/39298","targetHints":{"allow":["GET"]}}],"collection":[{"href":"https:\/\/www.regioncuatronoticias.com\/index.php\/wp-json\/wp\/v2\/posts"}],"about":[{"href":"https:\/\/www.regioncuatronoticias.com\/index.php\/wp-json\/wp\/v2\/types\/post"}],"author":[{"embeddable":true,"href":"https:\/\/www.regioncuatronoticias.com\/index.php\/wp-json\/wp\/v2\/users\/1"}],"replies":[{"embeddable":true,"href":"https:\/\/www.regioncuatronoticias.com\/index.php\/wp-json\/wp\/v2\/comments?post=39298"}],"version-history":[{"count":1,"href":"https:\/\/www.regioncuatronoticias.com\/index.php\/wp-json\/wp\/v2\/posts\/39298\/revisions"}],"predecessor-version":[{"id":39302,"href":"https:\/\/www.regioncuatronoticias.com\/index.php\/wp-json\/wp\/v2\/posts\/39298\/revisions\/39302"}],"wp:featuredmedia":[{"embeddable":true,"href":"https:\/\/www.regioncuatronoticias.com\/index.php\/wp-json\/wp\/v2\/media\/39299"}],"wp:attachment":[{"href":"https:\/\/www.regioncuatronoticias.com\/index.php\/wp-json\/wp\/v2\/media?parent=39298"}],"wp:term":[{"taxonomy":"category","embeddable":true,"href":"https:\/\/www.regioncuatronoticias.com\/index.php\/wp-json\/wp\/v2\/categories?post=39298"},{"taxonomy":"post_tag","embeddable":true,"href":"https:\/\/www.regioncuatronoticias.com\/index.php\/wp-json\/wp\/v2\/tags?post=39298"}],"curies":[{"name":"wp","href":"https:\/\/api.w.org\/{rel}","templated":true}]}}