{"id":39266,"date":"2026-03-12T23:35:43","date_gmt":"2026-03-13T06:35:43","guid":{"rendered":"https:\/\/www.regioncuatronoticias.com\/?p=39266"},"modified":"2026-03-12T23:35:48","modified_gmt":"2026-03-13T06:35:48","slug":"no-olviden-que-morena-soy-yo-amlo","status":"publish","type":"post","link":"https:\/\/www.regioncuatronoticias.com\/index.php\/2026\/03\/12\/no-olviden-que-morena-soy-yo-amlo\/","title":{"rendered":"No olviden que Morena soy yo: Amlo"},"content":{"rendered":"\n<p><strong>Columna Archivo Confidencial<\/strong><\/p>\n\n\n\n<p><strong>Armando V\u00e1squez Alegr\u00eda<\/strong><\/p>\n\n\n\n<p><strong>No olviden que Morena soy yo: Amlo<\/strong><\/p>\n\n\n\n<p><strong>Viernes 13 de marzo de 2026<\/strong><\/p>\n\n\n\n<p>La pol\u00edtica mexicana no se explica en las sesiones del pleno, sino en los ecos de los pasillos que conducen a Palacio Nacional. Lo ocurrido este 11 de marzo \u2014la aparatosa ca\u00edda de la Reforma Electoral en la C\u00e1mara de Diputados por la &#8216;rebeli\u00f3n&#8217; del PVEM y el PT\u2014 no fue un simple rev\u00e9s legislativo; fue, seg\u00fan voces internas, el escenario de un quiebre de mando sin precedentes.<\/p>\n\n\n\n<p>Mientras la narrativa oficial intentaba digerir la derrota, en el s\u00f3tano del poder se habla de una videoconferencia donde Amlo habr\u00eda recordado a propios y extra\u00f1os una m\u00e1xima que cre\u00edamos superada: \u201cno olviden que Morena soy YO\u201d. https:\/\/n9.cl\/vdqu1<\/p>\n\n\n\n<p>Entre rega\u00f1os que rozaron el grito y la amenaza directa de exhibir expedientes olvidados de los due\u00f1os del Verde y PT, la presidenta Claudia Sheinbaum enfrent\u00f3 su primer gran muro: el de una coalici\u00f3n que, al verse amenazada en su supervivencia financiera, prefiri\u00f3 la traici\u00f3n a la obediencia, obligando al centro del poder a retomar las riendas con un pu\u00f1o de hierro que ya no busca aliados, sino s\u00fabditos.<\/p>\n\n\n\n<p>Si la narrativa del &#8220;rega\u00f1o&#8221; y el ajuste de cuentas es el motor de los pr\u00f3ximos meses, el panorama electoral de 2027 cambia radicalmente bajo estas premisas:<\/p>\n\n\n\n<p>El rechazo de la reforma evidenci\u00f3 que el Verde y el PT son aliados de conveniencia, no de ideolog\u00eda. Para 2027, Morena podr\u00eda optar por una estrategia de &#8220;canibalizaci\u00f3n&#8221;. En lugar de ceder distritos a sus aliados, el partido oficialista podr\u00eda lanzar candidatos propios bajo sus siglas para absorber ese 3% o 4% de votaci\u00f3n que hoy le da el poder de chantaje a los partidos peque\u00f1os. Es el fin de la &#8220;vida eterna&#8221; negociada.<\/p>\n\n\n\n<p>El rumor menciona que AMLO designar\u00e1 personalmente a los candidatos de 2027. Esto anula la incipiente estructura de poder regional que Sheinbaum estaba construyendo. Los aspirantes a gobernadores y diputados ya no buscar\u00e1n el visto bueno en el Z\u00f3calo, sino en Palenque (o donde resida el mando moral). Veremos listas de candidatos compuestas por perfiles de &#8220;lealtad ciega&#8221; m\u00e1s que por competitividad t\u00e9cnica o cercan\u00eda con la presidenta.<\/p>\n\n\n\n<p>La menci\u00f3n de adelantar la revocaci\u00f3n de mandato para el 2027 no es hacia la ciudadan\u00eda, sino hacia la estructura de Morena lo cual funciona como un recordatorio de qui\u00e9n moviliza el voto duro. Si la presidenta no logra alinear a las bancadas para el &#8220;Plan B&#8221;, el aparato podr\u00eda usar la consulta para demostrar que el apoyo popular pertenece al fundador y no a la heredera, condicionando la gobernabilidad de la segunda mitad del sexenio.<\/p>\n\n\n\n<p>El hecho de que se hable de castigar a los Monreal en Zacatecas y al grupo del Verde en San Luis Potos\u00ed \u2013incluso con se\u00f1alamientos p\u00fablicos de traidores a la patria en otros estados como en Oaxaca\u2014es indicativo de que 2027 ser\u00e1 el a\u00f1o del ajuste de cuentas geogr\u00e1fico. Veremos una intervenci\u00f3n directa en los procesos internos de estos estados para desplazar a los liderazgos &#8220;rebeldes&#8221;. La lecci\u00f3n es clara: quien no vota con el movimiento, pierde su feudo.<\/p>\n\n\n\n<p>La verdadera prueba para 2027 no ser\u00e1 solo ver si Morena implosiona bajo el peso de su propia disciplina vertical, sino si la oposici\u00f3n es capaz de presentarse como una alternativa unida y coherente. Si los partidos opositores se limitan a sentarse a esperar que el oficialismo se devore a s\u00ed mismo, podr\u00edan descubrir, demasiado tarde, que el &#8220;voto duro&#8221; y el control del aparato estatal siguen siendo suficientes para sostener a un sistema que, aun bajo rega\u00f1os y purgas, no est\u00e1 dispuesto a soltar el tim\u00f3n.<\/p>\n\n\n\n<p>El reto para la oposici\u00f3n es dejar de ser espectadores del conflicto en Palacio y empezar a ser los arquitectos de una mayor\u00eda que hoy, por primera vez, parece posible si logran capitalizar el descontento de quienes ayer fueron compa\u00f1eros de viaje del movimiento.<\/p>\n\n\n\n<p>Su oportunidad no reside en esperar a que la &#8216;bestia&#8217; muera por sus heridas, sino en ofrecer un refugio a quienes ya no caben en su vientre. El reto es transformar el desprecio de Palacio hacia sus aliados en una oferta de pluralidad real. Si el oficialismo ofrece s\u00fabditos, la oposici\u00f3n debe ofrecer socios.<\/p>\n\n\n\n<p>El fondo del asunto no es solo un fracaso legislativo, sino la confirmaci\u00f3n de que M\u00e9xico sigue siendo reh\u00e9n de un caudillo que no sabe retirarse y de una heredera que no quiere despertar del embrujo.<\/p>\n\n\n\n<p>Esta sumisi\u00f3n de Sheinbaum ante el mando moral de Palenque tiene consecuencias que trascienden nuestras fronteras: explica esa posici\u00f3n pol\u00edtica err\u00e1tica y debilitada frente a la administraci\u00f3n de Trump, donde la soberan\u00eda nacional parece ser moneda de cambio para mantener el control interno del partido.<\/p>\n\n\n\n<p>Mientras AMLO siga convencido de que &#8216;Morena es \u00e9l&#8217;, la presidenta continuar\u00e1 sacrificando su autonom\u00eda y el futuro del pa\u00eds en el altar de la obediencia ciega. Para la oposici\u00f3n, el reto es demostrar que existe vida \u2014y dignidad\u2014 fuera de ese trance, antes de que el costo de este cautiverio pol\u00edtico termine por desmantelar por completo las instituciones que a\u00fan nos quedan.<\/p>\n\n\n\n<p><strong>EN FIN,<\/strong> por hoy es todo, el lunes le seguimos si Dios quiere.<\/p>\n\n\n\n<p><strong>Armando V\u00e1squez Alegr\u00eda es periodista con m\u00e1s de 35 a\u00f1os de experiencia en medios escritos y de internet, cuenta licenciatura en Administraci\u00f3n de Empresas, Maestr\u00eda en Competitividad Organizacional y Doctorando en Administraci\u00f3n P\u00fablica. Es director de Editorial J. Castillo, S.A. de C.V. y de \u201cCEO\u201d, Consultor\u00eda Especializada en Organizaciones\u2026\u202f<\/strong><\/p>\n\n\n\n<p><strong>\u202fCorreo electr\u00f3nico: archivoconfidencial@hotmail.com<\/strong><\/p>\n\n\n\n<p><strong>Twitter:\u202f\u202f\u202f@Archivoconfiden&nbsp; \u202f \u202f\u202f\u202f \u202f\u202f\u202f\u202f\u202f\u202f\u202f\u202f\u202f\u202f\u202f\u202f\u202f\u202f\u202f\u202f\u202f\u202f\u202f\u202f\u202f\u202f\u202f\u202f\u202f\u202f\u202f\u202f\u202f\u202f\u202f\u202f\u202f\u202f\u202f\u202f\u202f\u202f\u202f\u202f\u202f\u202f\u202f\u202f\u202f\u202f\u202f\u202f\u202f\u202f\u202f\u202f\u202f\u202f\u202f\u202f\u202f\u202f\u202f\u202f\u202f\u202f\u202f\u202f\u202f\u202f\u202f\u202f\u202f\u202f\u202f\u202f\u202f\u202f\u202f\u202f\u202f\u202f\u202f\u202f\u202f\u202f\u202f\u202f\u202f\u202f\u202f\u202f<\/strong><\/p>\n\n\n\n<p><a href=\"https:\/\/www.facebook.com\/armando.vazquez.3304\">https:\/\/www.facebook.com\/armando.vazquez.3304<\/a><\/p>\n","protected":false},"excerpt":{"rendered":"<p>Columna Archivo Confidencial Armando V\u00e1squez Alegr\u00eda No olviden que Morena soy yo: Amlo Viernes 13 de marzo de 2026 La pol\u00edtica mexicana no se explica en las sesiones del pleno, sino en los ecos de los pasillos que conducen a Palacio Nacional. Lo ocurrido este 11 de marzo \u2014la aparatosa ca\u00edda de la Reforma Electoral [&hellip;]<\/p>\n","protected":false},"author":1,"featured_media":39267,"comment_status":"open","ping_status":"open","sticky":false,"template":"","format":"standard","meta":{"content-type":"","footnotes":""},"categories":[129],"tags":[],"class_list":{"0":"post-39266","1":"post","2":"type-post","3":"status-publish","4":"format-standard","5":"has-post-thumbnail","7":"category-armando-vasquez-a"},"_links":{"self":[{"href":"https:\/\/www.regioncuatronoticias.com\/index.php\/wp-json\/wp\/v2\/posts\/39266","targetHints":{"allow":["GET"]}}],"collection":[{"href":"https:\/\/www.regioncuatronoticias.com\/index.php\/wp-json\/wp\/v2\/posts"}],"about":[{"href":"https:\/\/www.regioncuatronoticias.com\/index.php\/wp-json\/wp\/v2\/types\/post"}],"author":[{"embeddable":true,"href":"https:\/\/www.regioncuatronoticias.com\/index.php\/wp-json\/wp\/v2\/users\/1"}],"replies":[{"embeddable":true,"href":"https:\/\/www.regioncuatronoticias.com\/index.php\/wp-json\/wp\/v2\/comments?post=39266"}],"version-history":[{"count":1,"href":"https:\/\/www.regioncuatronoticias.com\/index.php\/wp-json\/wp\/v2\/posts\/39266\/revisions"}],"predecessor-version":[{"id":39268,"href":"https:\/\/www.regioncuatronoticias.com\/index.php\/wp-json\/wp\/v2\/posts\/39266\/revisions\/39268"}],"wp:featuredmedia":[{"embeddable":true,"href":"https:\/\/www.regioncuatronoticias.com\/index.php\/wp-json\/wp\/v2\/media\/39267"}],"wp:attachment":[{"href":"https:\/\/www.regioncuatronoticias.com\/index.php\/wp-json\/wp\/v2\/media?parent=39266"}],"wp:term":[{"taxonomy":"category","embeddable":true,"href":"https:\/\/www.regioncuatronoticias.com\/index.php\/wp-json\/wp\/v2\/categories?post=39266"},{"taxonomy":"post_tag","embeddable":true,"href":"https:\/\/www.regioncuatronoticias.com\/index.php\/wp-json\/wp\/v2\/tags?post=39266"}],"curies":[{"name":"wp","href":"https:\/\/api.w.org\/{rel}","templated":true}]}}