{"id":39248,"date":"2026-03-12T22:58:25","date_gmt":"2026-03-13T05:58:25","guid":{"rendered":"https:\/\/www.regioncuatronoticias.com\/?p=39248"},"modified":"2026-03-12T22:58:31","modified_gmt":"2026-03-13T05:58:31","slug":"sheinbaum-presenta-el-plan-b-de-su-reforma-electoral-tras-rechazo-de-diputados","status":"publish","type":"post","link":"https:\/\/www.regioncuatronoticias.com\/index.php\/2026\/03\/12\/sheinbaum-presenta-el-plan-b-de-su-reforma-electoral-tras-rechazo-de-diputados\/","title":{"rendered":"Sheinbaum presenta el &#8220;Plan B&#8221; de su reforma electoral tras rechazo de diputados"},"content":{"rendered":"\n<p><strong>Tras el rechazo a su iniciativa de reforma electoral en la C\u00e1mara de Diputados, la presidenta Claudia Sheinbaum anunci\u00f3 que impulsar\u00e1 un \u201cPlan B\u201d enfocado en reducir privilegios en los poderes legislativos locales y en los municipios.<\/strong><\/p>\n\n\n\n<p>Tomado de El Economista<\/p>\n\n\n\n<p>Arturo Rojas<\/p>\n\n\n\n<p>Jueves 12 de marzo de 2026<\/p>\n\n\n\n<p>Tras el rechazo a su iniciativa de reforma electoral en la C\u00e1mara de Diputados, la presidenta de M\u00e9xico, Claudia Sheinbaum, anunci\u00f3 este jueves que su gobierno impulsar\u00e1 un \u201cPlan B\u201d enfocado en reducir privilegios en los poderes legislativos locales y en los municipios, adem\u00e1s de ampliar mecanismos de participaci\u00f3n ciudadana.<\/p>\n\n\n\n<p>La primera mandataria explic\u00f3 que el objetivo central de la reforma original era disminuir el gasto p\u00fablico destinado a partidos pol\u00edticos y autoridades electorales, as\u00ed como eliminar duplicidades entre el Instituto Nacional Electoral y los organismos p\u00fablicos locales electorales.<\/p>\n\n\n\n<p>\u201cNo es una derrota (que no se haya aprobado la Reforma Electoral) Yo estoy muy satisfecha. Todo lo contrario; la gente sabe que uno no est\u00e1 dispuesta a negociar todo\u201d, afirm\u00f3 Sheinbaum durante su conferencia de prensa ma\u00f1anera de este jueves 12 de marzo.<\/p>\n\n\n\n<p>Ante este escenario, la presidenta adelant\u00f3 que su administraci\u00f3n enviar\u00e1 una nueva propuesta legislativa, el pr\u00f3ximo lunes 16 de marzo, que buscar\u00e1 establecer l\u00edmites al presupuesto de los congresos locales, con el fin de evitar diferencias excesivas entre estados.<\/p>\n\n\n\n<p>Como ejemplo, mencion\u00f3 que existen entidades con el mismo n\u00famero de legisladores pero con presupuestos significativamente distintos, lo que, asegur\u00f3, refleja desigualdades en el uso de recursos p\u00fablicos.<\/p>\n\n\n\n<p>El \u201cPlan B\u201d tambi\u00e9n contempla reducir el n\u00famero de regidores en algunos ayuntamientos, argumentando que varios municipios cuentan con m\u00e1s cargos de los necesarios. Seg\u00fan la presidenta, el dinero ahorrado podr\u00eda destinarse a obras p\u00fablicas y servicios b\u00e1sicos.<\/p>\n\n\n\n<p>\u201cSi un municipio tiene 20 regidores y se establece un l\u00edmite menor, el recurso que se ahorre se quedar\u00e1 en el propio municipio para obras como drenaje, agua potable o bacheo\u201d, se\u00f1al\u00f3.<\/p>\n\n\n\n<p><strong>Mayor participaci\u00f3n ciudadana<\/strong><\/p>\n\n\n\n<p>Otro eje de la propuesta ser\u00e1 ampliar los mecanismos de participaci\u00f3n directa, particularmente en las consultas populares.<\/p>\n\n\n\n<p>La titular del Ejecutivo federal plante\u00f3 que ciertos temas electorales \u2014como el financiamiento p\u00fablico a partidos\u2014 puedan someterse a consulta ciudadana, algo que actualmente est\u00e1 restringido por la ley.<\/p>\n\n\n\n<p>Asimismo, propuso flexibilizar la revocaci\u00f3n de mandato, para que este mecanismo pueda realizarse tanto en el tercer como en el cuarto a\u00f1o de gobierno.<\/p>\n\n\n\n<p>El mi\u00e9rcoles la propuesta fue desechada en el pleno de la C\u00e1mara de Diputados al no alcanzar los votos necesarios. La iniciativa obtuvo 246 votos a favor de Morena, 12 del Partido Verde y uno del Partido del Trabajo, mientras que 234 legisladores votaron en contra, incluidos integrantes del propio PT y PVEM, adem\u00e1s de las bancadas del PAN, PRI y Movimiento Ciudadano.<\/p>\n\n\n\n<p><a href=\"https:\/\/www.eleconomista.com.mx\/politica\/sheinbaum-presenta-plan-b-reforma-electoral-rechazo-diputados-20260312-803925.html\">https:\/\/www.eleconomista.com.mx\/politica\/sheinbaum-presenta-plan-b-reforma-electoral-rechazo-diputados-20260312-803925.html<\/a><\/p>\n","protected":false},"excerpt":{"rendered":"<p>Tras el rechazo a su iniciativa de reforma electoral en la C\u00e1mara de Diputados, la presidenta Claudia Sheinbaum anunci\u00f3 que impulsar\u00e1 un \u201cPlan B\u201d enfocado en reducir privilegios en los poderes legislativos locales y en los municipios. Tomado de El Economista Arturo Rojas Jueves 12 de marzo de 2026 Tras el rechazo a su iniciativa [&hellip;]<\/p>\n","protected":false},"author":1,"featured_media":39249,"comment_status":"open","ping_status":"open","sticky":false,"template":"","format":"standard","meta":{"content-type":"","footnotes":""},"categories":[3,115,105],"tags":[],"class_list":{"0":"post-39248","1":"post","2":"type-post","3":"status-publish","4":"format-standard","5":"has-post-thumbnail","7":"category-mexico","8":"category-politica","9":"category-principal"},"_links":{"self":[{"href":"https:\/\/www.regioncuatronoticias.com\/index.php\/wp-json\/wp\/v2\/posts\/39248","targetHints":{"allow":["GET"]}}],"collection":[{"href":"https:\/\/www.regioncuatronoticias.com\/index.php\/wp-json\/wp\/v2\/posts"}],"about":[{"href":"https:\/\/www.regioncuatronoticias.com\/index.php\/wp-json\/wp\/v2\/types\/post"}],"author":[{"embeddable":true,"href":"https:\/\/www.regioncuatronoticias.com\/index.php\/wp-json\/wp\/v2\/users\/1"}],"replies":[{"embeddable":true,"href":"https:\/\/www.regioncuatronoticias.com\/index.php\/wp-json\/wp\/v2\/comments?post=39248"}],"version-history":[{"count":1,"href":"https:\/\/www.regioncuatronoticias.com\/index.php\/wp-json\/wp\/v2\/posts\/39248\/revisions"}],"predecessor-version":[{"id":39250,"href":"https:\/\/www.regioncuatronoticias.com\/index.php\/wp-json\/wp\/v2\/posts\/39248\/revisions\/39250"}],"wp:featuredmedia":[{"embeddable":true,"href":"https:\/\/www.regioncuatronoticias.com\/index.php\/wp-json\/wp\/v2\/media\/39249"}],"wp:attachment":[{"href":"https:\/\/www.regioncuatronoticias.com\/index.php\/wp-json\/wp\/v2\/media?parent=39248"}],"wp:term":[{"taxonomy":"category","embeddable":true,"href":"https:\/\/www.regioncuatronoticias.com\/index.php\/wp-json\/wp\/v2\/categories?post=39248"},{"taxonomy":"post_tag","embeddable":true,"href":"https:\/\/www.regioncuatronoticias.com\/index.php\/wp-json\/wp\/v2\/tags?post=39248"}],"curies":[{"name":"wp","href":"https:\/\/api.w.org\/{rel}","templated":true}]}}