{"id":39245,"date":"2026-03-12T22:44:11","date_gmt":"2026-03-13T05:44:11","guid":{"rendered":"https:\/\/www.regioncuatronoticias.com\/?p=39245"},"modified":"2026-03-12T22:44:20","modified_gmt":"2026-03-13T05:44:20","slug":"no-hay-que-traicionar-al-pueblo-sheinbaum-sobre-quienes-se-abstuvieron-o-votaron-contra-reforma-electoral","status":"publish","type":"post","link":"https:\/\/www.regioncuatronoticias.com\/index.php\/2026\/03\/12\/no-hay-que-traicionar-al-pueblo-sheinbaum-sobre-quienes-se-abstuvieron-o-votaron-contra-reforma-electoral\/","title":{"rendered":"&#8220;No hay que traicionar al pueblo&#8221;: Sheinbaum sobre quienes se abstuvieron o votaron contra reforma electoral"},"content":{"rendered":"\n<p><strong>La presidenta Claudia Sheinbaum, desde Palacio Nacional, donde ofreci\u00f3 su conferencia de prensa.<\/strong><\/p>\n\n\n\n<p>Tomado de La Jornada<\/p>\n\n\n\n<p>Alma E. Mu\u00f1oz y Alonso Urrutia<\/p>\n\n\n\n<p>Jueves 12 de marzo de 2026<\/p>\n\n\n\n<p>Ciudad de M\u00e9xico. Ayer \u201cqued\u00f3 muy claro, no podemos perder de vista\u201d quienes votaron en contra de la reforma electoral: PRI, PAN, Movimiento Ciudadano y algunos del Partido del Trabajo y Partido Verde, \u201cy eso lo vio la gente\u201d, asegur\u00f3 la presidenta Claudia Sheinbaum Pardo. \u201cNo hay que traicionar al pueblo\u201d, resalt\u00f3.<\/p>\n\n\n\n<p>A pregunta expresa se\u00f1al\u00f3 que no se trata de castigar o de aplicar purgas a quienes no est\u00e1n de acuerdo, \u201chay libertad, pero 99 por ciento de legisladores de Morena votaron a favor\u201d y tambi\u00e9n diputados petistas y del Verde.<\/p>\n\n\n\n<p>Subray\u00f3 que no haberse aprobado la reforma \u201cno es una derrota, yo estoy muy satisfecha. Todo lo contrario, la gente sabe que uno no est\u00e1 dispuesto a negociar todo; no promovemos privilegios. En este caso no ment\u00ed, nunca robo y no traiciono, no se nos olvida cu\u00e1l es el objetivo de la transformaci\u00f3n\u201d.<\/p>\n\n\n\n<p>Al mencionarle nombres de legisladores morenistas -Giselle Arellano, Santy Montemayor, Alejandra Chedraui Peralta- que votaron en contra de la reforma electoral; que Olga S\u00e1nchez Cordero se abstuvo y otros no asistieron a la sesi\u00f3n, afirm\u00f3 que \u201cla gente va a tomar su opini\u00f3n. Es decir, los diputados son libres, aqu\u00ed nadie pide que lo que dice la presidenta se repita. Se hacen las cosas por convicci\u00f3n.<\/p>\n\n\n\n<p>\u201cQuien no vot\u00f3, pues no tiene esa convicci\u00f3n. En todo caso, Morena tomar\u00e1 sus decisiones hacia adelante\u201d.<\/p>\n\n\n\n<p>Pero no se nos olvide, sostuvo, \u201cque nosotros no llegamos aqu\u00ed impuestos por nadie, sino por el pueblo. Toda mi vida he luchado por la democracia, en contra del r\u00e9gimen de corrupci\u00f3n y privilegios; por los derechos del pueblo de M\u00e9xico, por las libertades, por la justicia social. Yo no puedo traicionarme a m\u00ed misma y no puedo traicionar el origen del movimiento del que venimos\u201d.<\/p>\n\n\n\n<p>Entonces, a\u00f1adi\u00f3, los diputados de Morena que \u201cno votaron, no tienen esas convicciones, tienen otras\u2026 No hay que traicionar al pueblo\u201d.<\/p>\n\n\n\n<p>Resalt\u00f3 que en su gran mayor\u00eda, Morena vot\u00f3 a favor \u201cpor convicci\u00f3n y qu\u00e9 bueno, eso lo ve la gente. Es mejor eso a desdibujarte\u2026 De qu\u00e9 sirve hacerte guacha guacha, o sea ni pa\u2019 aqu\u00ed, ni pa\u2019 ac\u00e1, te deslavas. Que decida la gente\u201d.<\/p>\n\n\n\n<p>Nosotros, dijo, \u201cya sab\u00edamos desde antes que no iban a votar\u201d la reforma, pero yo me compromet\u00ed en enviar una reforma que tuviera que ver con lo que ped\u00eda la gente y primero, yo cumpl\u00ed; segundo, es muy importante ver qui\u00e9n vot\u00f3\u201d por poner fin a los privilegios, dar fin a \u201cenormes lujos\u201d.<\/p>\n\n\n\n<p>La austeridad republicana \u201ctiene que ver con eso: con que se utilicen los recursos p\u00fablicos indispensables para la funci\u00f3n p\u00fablica y que la mayor parte se vaya a la gente, en programas de bienestar, en escuelas, en hospitales, en centros de salud, en bacheo, en agua potable\u201d.<\/p>\n\n\n\n<p>Hay quienes \u201cno quieren disminuir esos privilegios. Los \u00fanicos que votaron ayer por la propuesta de disminuir los montos del INE de los partidos pol\u00edticos, fue Morena,&nbsp; 12 diputados del Verde y un diputado del PT. Los dem\u00e1s, no, empezando por el PRI, por el PAN, por Movimiento Ciudadano y por algunos otros legisladores del Verde y del PT\u201d.<\/p>\n\n\n\n<p>Insisti\u00f3 que al pueblo le parece excesivo que los consejeros del INE \u201csigan ganando m\u00e1s que la presidenta; que se repitan funciones en los Oples o institutos electorales locales con el INE y que se destinen muchos recursos para grandes salarios, mientras hay muchas necesidades en los municipios, de agua, de bacheo, de drenaje\u201d.<\/p>\n\n\n\n<p>\u00bfQu\u00e9 caso tiene que el recurso p\u00fablico \u201cse utilice para grandes salarios, para camionetas, para comidas?\u201d, como ocurr\u00eda en el Poder Judicial.<\/p>\n\n\n\n<p>La mandataria dijo que anoche, en la reuni\u00f3n que tuvo con los partidos aliados en Palacio Nacional \u201cles dije: No se nos olvide por qu\u00e9 estamos aqu\u00ed, por qu\u00e9 ustedes son diputados, senadores, por qu\u00e9 soy presidenta. Representamos un movimiento, una forma de hacer pol\u00edtica y un proyecto de transformaci\u00f3n. Y la propuesta tiene que ver con disminuir los privilegios\u201d.<\/p>\n\n\n\n<p>Comparti\u00f3 que tambi\u00e9n les plante\u00f3 la propuesta del Plan B. \u201cYa depende de ustedes. No me qued\u00e9 ah\u00ed (en la reuni\u00f3n), pero les quer\u00eda decir personalmente la propuesta para que sigamos trabajando en disminuir los privilegios\u201d.<\/p>\n\n\n\n<p>-\u00bfNo reclamaron nada?<\/p>\n\n\n\n<p>-No, esencialmente yo les hice el planteamiento.&nbsp;<\/p>\n\n\n\n<p><a href=\"https:\/\/www.jornada.com.mx\/noticia\/2026\/03\/12\/politica\/no-hay-que-traicionar-al-pueblo-sheinbaum-sobre-quienes-se-abstuvieron-o-votaron-contra-reforma-electoral\">https:\/\/www.jornada.com.mx\/noticia\/2026\/03\/12\/politica\/no-hay-que-traicionar-al-pueblo-sheinbaum-sobre-quienes-se-abstuvieron-o-votaron-contra-reforma-electoral<\/a><\/p>\n","protected":false},"excerpt":{"rendered":"<p>La presidenta Claudia Sheinbaum, desde Palacio Nacional, donde ofreci\u00f3 su conferencia de prensa. Tomado de La Jornada Alma E. Mu\u00f1oz y Alonso Urrutia Jueves 12 de marzo de 2026 Ciudad de M\u00e9xico. Ayer \u201cqued\u00f3 muy claro, no podemos perder de vista\u201d quienes votaron en contra de la reforma electoral: PRI, PAN, Movimiento Ciudadano y algunos [&hellip;]<\/p>\n","protected":false},"author":1,"featured_media":39246,"comment_status":"open","ping_status":"open","sticky":false,"template":"","format":"standard","meta":{"content-type":"","footnotes":""},"categories":[3,115,105],"tags":[],"class_list":{"0":"post-39245","1":"post","2":"type-post","3":"status-publish","4":"format-standard","5":"has-post-thumbnail","7":"category-mexico","8":"category-politica","9":"category-principal"},"_links":{"self":[{"href":"https:\/\/www.regioncuatronoticias.com\/index.php\/wp-json\/wp\/v2\/posts\/39245","targetHints":{"allow":["GET"]}}],"collection":[{"href":"https:\/\/www.regioncuatronoticias.com\/index.php\/wp-json\/wp\/v2\/posts"}],"about":[{"href":"https:\/\/www.regioncuatronoticias.com\/index.php\/wp-json\/wp\/v2\/types\/post"}],"author":[{"embeddable":true,"href":"https:\/\/www.regioncuatronoticias.com\/index.php\/wp-json\/wp\/v2\/users\/1"}],"replies":[{"embeddable":true,"href":"https:\/\/www.regioncuatronoticias.com\/index.php\/wp-json\/wp\/v2\/comments?post=39245"}],"version-history":[{"count":1,"href":"https:\/\/www.regioncuatronoticias.com\/index.php\/wp-json\/wp\/v2\/posts\/39245\/revisions"}],"predecessor-version":[{"id":39247,"href":"https:\/\/www.regioncuatronoticias.com\/index.php\/wp-json\/wp\/v2\/posts\/39245\/revisions\/39247"}],"wp:featuredmedia":[{"embeddable":true,"href":"https:\/\/www.regioncuatronoticias.com\/index.php\/wp-json\/wp\/v2\/media\/39246"}],"wp:attachment":[{"href":"https:\/\/www.regioncuatronoticias.com\/index.php\/wp-json\/wp\/v2\/media?parent=39245"}],"wp:term":[{"taxonomy":"category","embeddable":true,"href":"https:\/\/www.regioncuatronoticias.com\/index.php\/wp-json\/wp\/v2\/categories?post=39245"},{"taxonomy":"post_tag","embeddable":true,"href":"https:\/\/www.regioncuatronoticias.com\/index.php\/wp-json\/wp\/v2\/tags?post=39245"}],"curies":[{"name":"wp","href":"https:\/\/api.w.org\/{rel}","templated":true}]}}