{"id":39216,"date":"2026-03-11T21:06:44","date_gmt":"2026-03-12T04:06:44","guid":{"rendered":"https:\/\/www.regioncuatronoticias.com\/?p=39216"},"modified":"2026-03-11T21:06:49","modified_gmt":"2026-03-12T04:06:49","slug":"el-frente-panista-por-la-alcaldia-lopez-caballero-y-agustin-rodriguez","status":"publish","type":"post","link":"https:\/\/www.regioncuatronoticias.com\/index.php\/2026\/03\/11\/el-frente-panista-por-la-alcaldia-lopez-caballero-y-agustin-rodriguez\/","title":{"rendered":"El frente panista por la alcald\u00eda: L\u00f3pez Caballero y Agust\u00edn Rodr\u00edguez"},"content":{"rendered":"\n<p><strong>Columna Olor A Dinero<\/strong><\/p>\n\n\n\n<p><strong>Feliciano J. Espriella<\/strong><\/p>\n\n\n\n<p><strong>El frente panista por la alcald\u00eda: L\u00f3pez Caballero y Agust\u00edn Rodr\u00edguez<\/strong><\/p>\n\n\n\n<p><strong>Jueves 12 de marzo de 2026<\/strong><\/p>\n\n\n\n<p>La carrera por la presidencia municipal de Hermosillo rumbo a 2027 comenz\u00f3 mucho antes de lo que dictan los tiempos legales. Y lo hace con una contienda interna que, m\u00e1s que un simple proceso de selecci\u00f3n, parece un tablero de ajedrez estrat\u00e9gico entre dos perfiles opuestos: el \u201cpeso completo\u201d con reconocimiento de marca y el \u201coperador t\u00e9cnico\u201d que intenta coser las fracturas del partido.<\/p>\n\n\n\n<p>El \u201cpeso completo\u201d: Alejandro L\u00f3pez Caballero<\/p>\n\n\n\n<p>De acuerdo con diversos columnistas pol\u00edticos, Alejandro L\u00f3pez Caballero aparece como el puntero natural dentro del bloque opositor. En pol\u00edtica \u2014como en el periodismo\u2014 uno aprende que el activo m\u00e1s caro es el reconocimiento de marca, y L\u00f3pez Caballero ya lo posee.<\/p>\n\n\n\n<p>Haber ocupado previamente la alcald\u00eda de Hermosillo le permite partir con una ventaja evidente: su nombre ya est\u00e1 instalado en la memoria colectiva del electorado. No necesita presentarse ante las colonias ni construir desde cero su posicionamiento.<\/p>\n\n\n\n<p>Fortalezas. Su principal activo es su peso pol\u00edtico dentro del panismo y del bloque opositor. En un escenario donde Morena se percibe como un adversario formidable \u2014comparado por algunos analistas con un \u201cMichael Jordan\u201d en su mejor momento\u2014 el PAN necesita figuras con trayectoria comprobada para no quedar fuera de la competencia. L\u00f3pez Caballero representa ese perfil: un pol\u00edtico conocido, con experiencia administrativa y presencia p\u00fablica.<\/p>\n\n\n\n<p>Debilidades. Pero el pasado tambi\u00e9n puede convertirse en lastre. Los analistas advierten sobre el desgaste natural de haber gobernado ya la ciudad y el peso pol\u00edtico que cargan las administraciones panistas previas, constantemente utilizadas por el oficialismo como narrativa cr\u00edtica. El reto para L\u00f3pez Caballero ser\u00e1 demostrar que su eventual candidatura no significar\u00eda un simple \u201creciclaje\u201d del pasado, sino una evoluci\u00f3n pol\u00edtica capaz de responder a las nuevas demandas de la ciudad.<\/p>\n\n\n\n<p>El \u201cpuente de unidad\u201d: Agust\u00edn Rodr\u00edguez<\/p>\n\n\n\n<p>En la otra esquina aparece Luis Agust\u00edn Rodr\u00edguez Torres, a quien algunos analistas han descrito como el \u201coperador de unidad\u201d o incluso \u201cla flor de la independencia\u201d.<\/p>\n\n\n\n<p>Su estrategia es muy distinta. Mientras L\u00f3pez Caballero apuesta al reconocimiento p\u00fablico, Rodr\u00edguez Torres se mueve en una l\u00f3gica m\u00e1s silenciosa: construir consensos internos.<\/p>\n\n\n\n<p>Como suele decirse en el lenguaje pol\u00edtico, est\u00e1 \u201ctomando caf\u00e9 con todos\u201d.<\/p>\n\n\n\n<p>Fortalezas. Su principal ventaja es el conocimiento profundo de las tripas administrativas del Ayuntamiento. Haber sido contralor municipal le permiti\u00f3 entender c\u00f3mo funcionan los engranajes internos de la gesti\u00f3n p\u00fablica.<\/p>\n\n\n\n<p>A ello se suma su experiencia en el Comit\u00e9 Ejecutivo Nacional del PAN, donde trabaj\u00f3 durante seis a\u00f1os. Esa etapa le dio una perspectiva estrat\u00e9gica sobre c\u00f3mo reorganizar estructuras partidistas, experiencia que ahora intenta aplicar en el plano local.<\/p>\n\n\n\n<p>Las fuentes pol\u00edticas destacan tambi\u00e9n su capacidad de di\u00e1logo. Ha logrado sentar en la misma mesa a grupos hist\u00f3ricamente enfrentados dentro del panismo: el equipo cercano al actual alcalde Antonio \u201cTo\u00f1o\u201d Astiazar\u00e1n, el grupo vinculado al exgobernador Guillermo Padr\u00e9s y liderazgos tradicionales del partido.<\/p>\n\n\n\n<p>Adem\u00e1s, busca construir una base propia entre sectores j\u00f3venes mediante la organizaci\u00f3n La Voz de Sonora.<\/p>\n\n\n\n<p>Debilidades. Su principal flanco vulnerable es precisamente su pasado pol\u00edtico. Haber sido secretario particular de Guillermo Padr\u00e9s lo coloca inevitablemente bajo la sombra del llamado \u201cpadrecismo\u201d.<\/p>\n\n\n\n<p>En una campa\u00f1a donde la narrativa de honestidad y renovaci\u00f3n ser\u00e1 inevitable, sus adversarios intentar\u00e1n vincularlo constantemente con esa etapa del panismo sonorense.<\/p>\n\n\n\n<p>La contienda estrat\u00e9gica<\/p>\n\n\n\n<p>La diferencia entre ambos perfiles es evidente.<\/p>\n\n\n\n<p>L\u00f3pez Caballero representa la marca pol\u00edtica conocida, el liderazgo con presencia p\u00fablica y trayectoria administrativa.<\/p>\n\n\n\n<p>Rodr\u00edguez Torres encarna la ingenier\u00eda pol\u00edtica interna, el operador que apuesta a la unidad partidista y a la reconstrucci\u00f3n de estructuras.<\/p>\n\n\n\n<p>Para el PAN, la pregunta estrat\u00e9gica es inevitable: \u00bfconviene apostar por un candidato ampliamente conocido, pero con el desgaste natural de haber gobernado, o por un operador que entiende el funcionamiento interno del Ayuntamiento y del partido, pero que a\u00fan carece del posicionamiento medi\u00e1tico de su rival?<\/p>\n\n\n\n<p>A esto se suma un elemento adicional: la sombra pol\u00edtica del actual alcalde Antonio Astiazar\u00e1n.<\/p>\n\n\n\n<p>Con el edil capitalino perfil\u00e1ndose como aspirante a la gubernatura, quien resulte candidato a la alcald\u00eda tendr\u00e1 la tarea nada sencilla de mantener el ritmo de una administraci\u00f3n que presume \u201ccero observaciones\u201d de la Auditor\u00eda Superior de la Federaci\u00f3n (ASF).<\/p>\n\n\n\n<p>Ese est\u00e1ndar de eficiencia se ha convertido, de hecho, en el nuevo piso m\u00ednimo para cualquier aspirante opositor que pretenda competir con posibilidades reales en Hermosillo.<\/p>\n\n\n\n<p>Por hoy fue todo. Gracias por su tolerancia y hasta la pr\u00f3xima.<\/p>\n","protected":false},"excerpt":{"rendered":"<p>Columna Olor A Dinero Feliciano J. Espriella El frente panista por la alcald\u00eda: L\u00f3pez Caballero y Agust\u00edn Rodr\u00edguez Jueves 12 de marzo de 2026 La carrera por la presidencia municipal de Hermosillo rumbo a 2027 comenz\u00f3 mucho antes de lo que dictan los tiempos legales. Y lo hace con una contienda interna que, m\u00e1s que [&hellip;]<\/p>\n","protected":false},"author":1,"featured_media":39217,"comment_status":"open","ping_status":"open","sticky":false,"template":"","format":"standard","meta":{"content-type":"","footnotes":""},"categories":[127],"tags":[],"class_list":{"0":"post-39216","1":"post","2":"type-post","3":"status-publish","4":"format-standard","5":"has-post-thumbnail","7":"category-olor-a-dinero"},"_links":{"self":[{"href":"https:\/\/www.regioncuatronoticias.com\/index.php\/wp-json\/wp\/v2\/posts\/39216","targetHints":{"allow":["GET"]}}],"collection":[{"href":"https:\/\/www.regioncuatronoticias.com\/index.php\/wp-json\/wp\/v2\/posts"}],"about":[{"href":"https:\/\/www.regioncuatronoticias.com\/index.php\/wp-json\/wp\/v2\/types\/post"}],"author":[{"embeddable":true,"href":"https:\/\/www.regioncuatronoticias.com\/index.php\/wp-json\/wp\/v2\/users\/1"}],"replies":[{"embeddable":true,"href":"https:\/\/www.regioncuatronoticias.com\/index.php\/wp-json\/wp\/v2\/comments?post=39216"}],"version-history":[{"count":1,"href":"https:\/\/www.regioncuatronoticias.com\/index.php\/wp-json\/wp\/v2\/posts\/39216\/revisions"}],"predecessor-version":[{"id":39218,"href":"https:\/\/www.regioncuatronoticias.com\/index.php\/wp-json\/wp\/v2\/posts\/39216\/revisions\/39218"}],"wp:featuredmedia":[{"embeddable":true,"href":"https:\/\/www.regioncuatronoticias.com\/index.php\/wp-json\/wp\/v2\/media\/39217"}],"wp:attachment":[{"href":"https:\/\/www.regioncuatronoticias.com\/index.php\/wp-json\/wp\/v2\/media?parent=39216"}],"wp:term":[{"taxonomy":"category","embeddable":true,"href":"https:\/\/www.regioncuatronoticias.com\/index.php\/wp-json\/wp\/v2\/categories?post=39216"},{"taxonomy":"post_tag","embeddable":true,"href":"https:\/\/www.regioncuatronoticias.com\/index.php\/wp-json\/wp\/v2\/tags?post=39216"}],"curies":[{"name":"wp","href":"https:\/\/api.w.org\/{rel}","templated":true}]}}