{"id":39207,"date":"2026-03-11T20:47:11","date_gmt":"2026-03-12T03:47:11","guid":{"rendered":"https:\/\/www.regioncuatronoticias.com\/?p=39207"},"modified":"2026-03-11T20:47:21","modified_gmt":"2026-03-12T03:47:21","slug":"reforma-electoral-de-sheinbaum-no-logro-mayoria-calificada","status":"publish","type":"post","link":"https:\/\/www.regioncuatronoticias.com\/index.php\/2026\/03\/11\/reforma-electoral-de-sheinbaum-no-logro-mayoria-calificada\/","title":{"rendered":"Reforma Electoral de Sheinbaum no logr\u00f3 mayor\u00eda calificada"},"content":{"rendered":"\n<p><strong>Legisladores de Morena votaron en solitario la propuesta enviada por la Presidenta de la Rep\u00fablica.<\/strong><\/p>\n\n\n\n<p>Tomado de Aristegui Noticias<\/p>\n\n\n\n<p>Redacci\u00f3n AN\/ SBH<\/p>\n\n\n\n<p>Mi\u00e9rcoles 11 de marzo de 2026<\/p>\n\n\n\n<p>La C\u00e1mara de Diputados rechaz\u00f3 la Reforma Electoral enviada por la presidenta Claudia Sheinbaum, al no lograr la mayor\u00eda calificada que exige la ley, en lo que representa la primera derrota legislativa del morenismo, ante la falta de apoyo de sus aliados pol\u00edticos PVEM y PT.<\/p>\n\n\n\n<p>En sesi\u00f3n del pleno se sucedieron posturas en contra del dictamen por parte de legisladores de Movimiento Ciudadano, PRI, PAN, PT y PVEM.<\/p>\n\n\n\n<p>En solitario quedaron los legisladores de Morena, cuya mayor\u00eda simple no le alcanz\u00f3 para hacer avanzar el proyecto que requer\u00eda una mayor\u00eda calificada por representar cambios a la Constituci\u00f3n.<\/p>\n\n\n\n<p>La votaci\u00f3n final fue de 259 a favor, 234 en contra y una abstenci\u00f3n.<\/p>\n\n\n\n<p><strong>Posturas de reforma electoral<\/strong><\/p>\n\n\n\n<p>La diputada Ivonne Ortega Pacheco, de Movimiento Ciudadano, se\u00f1al\u00f3 que M\u00e9xico s\u00ed necesita una reforma debido a que el sistema actual fue rebasado por la realidad. Sin embargo, sostuvo que la soluci\u00f3n planteada en el documento no arregla los problemas, no garantiza la equidad y altera las reglas del juego democr\u00e1tico. Por ello, adelant\u00f3 que su bancada vot\u00f3 en contra por convicci\u00f3n y responsabilidad.<\/p>\n\n\n\n<p>Por parte del PRI, el coordinador Rub\u00e9n Ignacio Moreira Valdez expuso que la discusi\u00f3n no fue por temas t\u00e9cnicos o financieros, sino por el sentir de la democracia. Agreg\u00f3 que su grupo se opuso a la iniciativa ante la falta de principios de pluralidad y diversidad, y se\u00f1al\u00f3 que la propuesta pretendi\u00f3 instalar los objetivos de un partido \u00fanico. El legislador refiri\u00f3 que el modelo planteado favoreci\u00f3 la invasi\u00f3n de grupos delictivos en los procesos y cuestion\u00f3 una redacci\u00f3n que dej\u00f3 ver parcialidad y revanchismo. Argument\u00f3 que la reforma traicion\u00f3 a l\u00edderes hist\u00f3ricos y vot\u00f3 en contra para evitar un Estado sin divisi\u00f3n de poderes.<\/p>\n\n\n\n<p>El coordinador del PT, Reginaldo Sandoval Flores, afirm\u00f3 que su partido est\u00e1 al cien por ciento con la Presidenta de la Rep\u00fablica, aunque se manifest\u00f3 en contra de la instalaci\u00f3n de un partido hegem\u00f3nico. Sostuvo que la propuesta puso en riesgo la paridad de g\u00e9nero y las acciones afirmativas, lo cual calific\u00f3 como una distorsi\u00f3n democr\u00e1tica. Si bien estuvo de acuerdo con la reducci\u00f3n del gasto, condicion\u00f3 su postura a una mejor distribuci\u00f3n para asegurar la equidad. Concluy\u00f3 que el Partido del Trabajo acompa\u00f1\u00f3 la transformaci\u00f3n del pa\u00eds y mantuvo su honestidad en la ruta legislativa.<\/p>\n\n\n\n<p>Carlos Alberto Puente Salas, coordinador del PVEM, se\u00f1al\u00f3 que su grupo parlamentario no pudo apoyar el dictamen por congruencia con sus objetivos program\u00e1ticos. Afirm\u00f3 que la reasignaci\u00f3n de representaciones por circunscripci\u00f3n no favoreci\u00f3 la participaci\u00f3n ciudadana y disminuy\u00f3 a los partidos con menos recursos. Cuestion\u00f3 que la integraci\u00f3n de las C\u00e1maras da\u00f1\u00f3 la democracia representativa. Pese a no respaldar el dictamen, destac\u00f3 que el PVEM acompa\u00f1\u00f3 145 iniciativas del Ejecutivo desde 2018 y mantuvo su respaldo a la Presidenta de M\u00e9xico.<\/p>\n\n\n\n<p>En representaci\u00f3n del PAN, el diputado Jos\u00e9 El\u00edas Lixa Abimerhi indic\u00f3 que no habr\u00e1 reforma sin di\u00e1logo y que las reglas deben cambiar a favor de la gente, no de los poderosos. Mencion\u00f3 que el dictamen abri\u00f3 espacios para la censura electoral y que, aunque el financiamiento p\u00fablico debi\u00f3 replantearse, la propuesta no estuvo bien realizada. Expres\u00f3 su solidaridad con legisladores acosados por sus posiciones pol\u00edticas y llam\u00f3 a la Presidencia de la Rep\u00fablica a hacer lo mejor por el pa\u00eds.<\/p>\n\n\n\n<p>Finalmente, Ricardo Monreal, de Morena, sostuvo que su partido no fue comparsa de fraudes electorales y rechaz\u00f3 los insultos contra la mandataria. Afirm\u00f3 que la propuesta surgi\u00f3 de las demandas ciudadanas para obtener una democracia m\u00e1s barata y calific\u00f3 la iniciativa como una reforma de avanzada. Asegur\u00f3 que el proyecto beneficiar\u00e1 al pueblo y destac\u00f3 que, independientemente del resultado de la votaci\u00f3n, qued\u00f3 demostrado que la Presidenta cumpli\u00f3 su palabra.<\/p>\n\n\n\n<p><a href=\"https:\/\/aristeguinoticias.com\/1103\/mexico\/derrota-legislativa-de-sheinbaum-reforma-electoral-no-logra-mayoria-calificada\">https:\/\/aristeguinoticias.com\/1103\/mexico\/derrota-legislativa-de-sheinbaum-reforma-electoral-no-logra-mayoria-calificada<\/a><\/p>\n","protected":false},"excerpt":{"rendered":"<p>Legisladores de Morena votaron en solitario la propuesta enviada por la Presidenta de la Rep\u00fablica. Tomado de Aristegui Noticias Redacci\u00f3n AN\/ SBH Mi\u00e9rcoles 11 de marzo de 2026 La C\u00e1mara de Diputados rechaz\u00f3 la Reforma Electoral enviada por la presidenta Claudia Sheinbaum, al no lograr la mayor\u00eda calificada que exige la ley, en lo que [&hellip;]<\/p>\n","protected":false},"author":1,"featured_media":39208,"comment_status":"open","ping_status":"open","sticky":false,"template":"","format":"standard","meta":{"content-type":"","footnotes":""},"categories":[3,115,105],"tags":[],"class_list":{"0":"post-39207","1":"post","2":"type-post","3":"status-publish","4":"format-standard","5":"has-post-thumbnail","7":"category-mexico","8":"category-politica","9":"category-principal"},"_links":{"self":[{"href":"https:\/\/www.regioncuatronoticias.com\/index.php\/wp-json\/wp\/v2\/posts\/39207","targetHints":{"allow":["GET"]}}],"collection":[{"href":"https:\/\/www.regioncuatronoticias.com\/index.php\/wp-json\/wp\/v2\/posts"}],"about":[{"href":"https:\/\/www.regioncuatronoticias.com\/index.php\/wp-json\/wp\/v2\/types\/post"}],"author":[{"embeddable":true,"href":"https:\/\/www.regioncuatronoticias.com\/index.php\/wp-json\/wp\/v2\/users\/1"}],"replies":[{"embeddable":true,"href":"https:\/\/www.regioncuatronoticias.com\/index.php\/wp-json\/wp\/v2\/comments?post=39207"}],"version-history":[{"count":1,"href":"https:\/\/www.regioncuatronoticias.com\/index.php\/wp-json\/wp\/v2\/posts\/39207\/revisions"}],"predecessor-version":[{"id":39209,"href":"https:\/\/www.regioncuatronoticias.com\/index.php\/wp-json\/wp\/v2\/posts\/39207\/revisions\/39209"}],"wp:featuredmedia":[{"embeddable":true,"href":"https:\/\/www.regioncuatronoticias.com\/index.php\/wp-json\/wp\/v2\/media\/39208"}],"wp:attachment":[{"href":"https:\/\/www.regioncuatronoticias.com\/index.php\/wp-json\/wp\/v2\/media?parent=39207"}],"wp:term":[{"taxonomy":"category","embeddable":true,"href":"https:\/\/www.regioncuatronoticias.com\/index.php\/wp-json\/wp\/v2\/categories?post=39207"},{"taxonomy":"post_tag","embeddable":true,"href":"https:\/\/www.regioncuatronoticias.com\/index.php\/wp-json\/wp\/v2\/tags?post=39207"}],"curies":[{"name":"wp","href":"https:\/\/api.w.org\/{rel}","templated":true}]}}