{"id":39204,"date":"2026-03-11T20:44:43","date_gmt":"2026-03-12T03:44:43","guid":{"rendered":"https:\/\/www.regioncuatronoticias.com\/?p=39204"},"modified":"2026-03-11T20:44:45","modified_gmt":"2026-03-12T03:44:45","slug":"elecciones-sin-narco-ese-fue-el-mensaje-que-aparecio-pintado-en-el-asfalto-frente-a-la-camara-de-diputados","status":"publish","type":"post","link":"https:\/\/www.regioncuatronoticias.com\/index.php\/2026\/03\/11\/elecciones-sin-narco-ese-fue-el-mensaje-que-aparecio-pintado-en-el-asfalto-frente-a-la-camara-de-diputados\/","title":{"rendered":"\u201cElecciones sin narco\u201d: Ese fue el mensaje que apareci\u00f3 pintado en el asfalto frente a la C\u00e1mara de Diputados"},"content":{"rendered":"\n<p><strong>Sin embargo, en este caso espec\u00edfico, el colectivo no present\u00f3 evidencia concreta junto con la intervenci\u00f3n p\u00fablica.<\/strong><\/p>\n\n\n\n<p>Tomado de El Imparcial<\/p>\n\n\n\n<p>Vanesa Rojas<\/p>\n\n\n\n<p>Mi\u00e9rcoles 11 de marzo de 2026&nbsp;<\/p>\n\n\n\n<p>M\u00c9XICO.- Durante la madrugada de este mi\u00e9rcoles, un grupo de personas realiz\u00f3 una intervenci\u00f3n sobre la vialidad frente a la C\u00e1mara de Diputados, en la Ciudad de M\u00e9xico, donde pint\u00f3 en el asfalto la frase \u201cELECCIONES SIN NARCO\u201d en letras de gran tama\u00f1o.<\/p>\n\n\n\n<p>La acci\u00f3n fue difundida por el colectivo Mexicanos al Grito de Paz a trav\u00e9s de su cuenta en X (@mexicanosgritan), que public\u00f3 fotograf\u00edas y un video del momento.<\/p>\n\n\n\n<p>De acuerdo con el material compartido por la organizaci\u00f3n en redes sociales, varias personas encapuchadas realizaron la pinta frente al complejo legislativo de San L\u00e1zaro mientras personal de seguridad se encontraba en las inmediaciones, detall\u00f3 Publimetro.<\/p>\n\n\n\n<p>Hasta el momento, no hay un posicionamiento oficial de la C\u00e1mara de Diputados sobre el hecho.<\/p>\n\n\n\n<p><strong>\u00bfQu\u00e9 mensaje buscaba enviar el colectivo?<\/strong><\/p>\n\n\n\n<p>En su publicaci\u00f3n en X, el grupo asegur\u00f3 que la acci\u00f3n tuvo como objetivo enviar un mensaje directo a las y los legisladores federales.<\/p>\n\n\n\n<p>\u201cFuimos a C\u00e1mara de Diputados a dejarles un mensaje claro a las y los legisladores: lo \u00fanico que necesita M\u00e9xico es que rompan con su pacto pol\u00edtico criminal\u201d, escribi\u00f3 la cuenta @mexicanosgritan.<\/p>\n\n\n\n<p>El colectivo acompa\u00f1\u00f3 su mensaje con el hashtag #EleccionesSinNarco, que ha utilizado previamente en intervenciones p\u00fablicas y publicaciones digitales.<\/p>\n\n\n\n<p><strong>\u00bfQu\u00e9 ocurri\u00f3 un d\u00eda antes?<\/strong><\/p>\n\n\n\n<p>La organizaci\u00f3n inform\u00f3 que, un d\u00eda antes de la pinta frente a San L\u00e1zaro, coloc\u00f3 mantas en distintos puntos de la Ciudad de M\u00e9xico. En esas im\u00e1genes aparecen figuras p\u00fablicas vinculadas al oficialismo, entre ellas:<\/p>\n\n\n\n<p><strong>ANDY L\u00d3PEZ BELTR\u00c1N<\/strong><\/p>\n\n\n\n<p><strong>JES\u00daS RAM\u00cdREZ CUEVAS<\/strong><\/p>\n\n\n\n<p><strong>MARIO DELGADO<\/strong><\/p>\n\n\n\n<p><strong>AM\u00c9RICO VILLARREAL<\/strong><\/p>\n\n\n\n<p>Seg\u00fan el propio colectivo, las mantas buscan denunciar presuntos v\u00ednculos entre pol\u00edtica y lo que denominan \u201chuachicol electoral\u201d o \u201chuachicol fiscal\u201d.<\/p>\n\n\n\n<p>Estos t\u00e9rminos han sido utilizados por el grupo en sus mensajes p\u00fablicos, aunque no se acompa\u00f1an de pruebas documentales en las publicaciones difundidas.<\/p>\n\n\n\n<p>En otra publicaci\u00f3n, la organizaci\u00f3n escribi\u00f3:<\/p>\n\n\n\n<p>\u201cPara garantizar paz en el pa\u00eds, se debe terminar el pacto pol\u00edtico-criminal. Exigimos #EleccionesSinNarco\u201d.<\/p>\n\n\n\n<p>\u00bfHay denuncias formales o investigaciones abiertas?<\/p>\n\n\n\n<p>Hasta el momento:<\/p>\n\n\n\n<p><strong>No se ha informado sobre personas detenidas.<\/strong><\/p>\n\n\n\n<p><strong>No se ha confirmado si se present\u00f3 una denuncia por da\u00f1os a la v\u00eda p\u00fablica.<\/strong><\/p>\n\n\n\n<p><strong>No hay postura p\u00fablica de las autoridades legislativas sobre posibles sanciones.<\/strong><\/p>\n\n\n\n<p>El contenido difundido proviene directamente de la cuenta del colectivo en X, y no se ha reportado una versi\u00f3n adicional por parte de autoridades federales.<\/p>\n\n\n\n<p><strong>\u00bfPor qu\u00e9 ocurre esta protesta ahora?<\/strong><\/p>\n\n\n\n<p>La intervenci\u00f3n se dio en un contexto de discusi\u00f3n pol\u00edtica en la C\u00e1mara de Diputados sobre temas electorales.<\/p>\n\n\n\n<p>En los \u00faltimos d\u00edas, el debate p\u00fablico ha girado en torno a reformas y ajustes al sistema electoral, lo que ha generado movilizaciones y expresiones de protesta tanto dentro como fuera del recinto legislativo.<\/p>\n\n\n\n<p>El colectivo ha enfocado su narrativa en exigir que los procesos electorales est\u00e9n libres de la influencia del crimen organizado.<\/p>\n\n\n\n<p><strong>\u00bfQu\u00e9 implica el mensaje \u201cElecciones sin narco\u201d?<\/strong><\/p>\n\n\n\n<p>El lema apunta a una demanda recurrente en el debate p\u00fablico mexicano: evitar la intervenci\u00f3n del crimen organizado en campa\u00f1as, financiamiento y resultados electorales.<\/p>\n\n\n\n<p>Diversos especialistas en materia electoral y seguridad han se\u00f1alado en a\u00f1os recientes la importancia de fortalecer:<\/p>\n\n\n\n<p><strong>Fiscalizaci\u00f3n de campa\u00f1as.<\/strong><\/p>\n\n\n\n<p><strong>Investigaci\u00f3n de financiamiento il\u00edcito.<\/strong><\/p>\n\n\n\n<p><strong>Protecci\u00f3n a candidaturas.<\/strong><\/p>\n\n\n\n<p><strong>Coordinaci\u00f3n entre autoridades electorales y de seguridad.<\/strong><\/p>\n\n\n\n<p>Sin embargo, en este caso espec\u00edfico, el colectivo no present\u00f3 evidencia concreta junto con la intervenci\u00f3n p\u00fablica.<\/p>\n\n\n\n<p><strong>\u00bfQu\u00e9 sigue?<\/strong><\/p>\n\n\n\n<p>Por ahora, la acci\u00f3n queda registrada como una manifestaci\u00f3n simb\u00f3lica difundida en redes sociales. Ser\u00e1 responsabilidad de las autoridades determinar si procede alguna investigaci\u00f3n por la intervenci\u00f3n en la v\u00eda p\u00fablica.<\/p>\n\n\n\n<p>El colectivo ha reiterado que continuar\u00e1 impulsando la consigna #EleccionesSinNarco en futuras acciones p\u00fablicas.<\/p>\n\n\n\n<p>Mientras tanto, el debate sobre la integridad de los procesos electorales permanece en la agenda pol\u00edtica nacional. <\/p>\n\n\n\n<p><strong>https:\/\/www.elimparcial.com\/mexico\/2026\/03\/11\/elecciones-sin-narco-ese-fue-el-mensaje-que-aparecio-pintado-en-el-asfalto-frente-a-la-camara-<\/strong><\/p>\n\n\n\n<p><\/p>\n","protected":false},"excerpt":{"rendered":"<p>Sin embargo, en este caso espec\u00edfico, el colectivo no present\u00f3 evidencia concreta junto con la intervenci\u00f3n p\u00fablica. Tomado de El Imparcial Vanesa Rojas Mi\u00e9rcoles 11 de marzo de 2026&nbsp; M\u00c9XICO.- Durante la madrugada de este mi\u00e9rcoles, un grupo de personas realiz\u00f3 una intervenci\u00f3n sobre la vialidad frente a la C\u00e1mara de Diputados, en la Ciudad [&hellip;]<\/p>\n","protected":false},"author":1,"featured_media":39205,"comment_status":"open","ping_status":"open","sticky":false,"template":"","format":"standard","meta":{"content-type":"","footnotes":""},"categories":[3,115,105],"tags":[],"class_list":{"0":"post-39204","1":"post","2":"type-post","3":"status-publish","4":"format-standard","5":"has-post-thumbnail","7":"category-mexico","8":"category-politica","9":"category-principal"},"_links":{"self":[{"href":"https:\/\/www.regioncuatronoticias.com\/index.php\/wp-json\/wp\/v2\/posts\/39204","targetHints":{"allow":["GET"]}}],"collection":[{"href":"https:\/\/www.regioncuatronoticias.com\/index.php\/wp-json\/wp\/v2\/posts"}],"about":[{"href":"https:\/\/www.regioncuatronoticias.com\/index.php\/wp-json\/wp\/v2\/types\/post"}],"author":[{"embeddable":true,"href":"https:\/\/www.regioncuatronoticias.com\/index.php\/wp-json\/wp\/v2\/users\/1"}],"replies":[{"embeddable":true,"href":"https:\/\/www.regioncuatronoticias.com\/index.php\/wp-json\/wp\/v2\/comments?post=39204"}],"version-history":[{"count":1,"href":"https:\/\/www.regioncuatronoticias.com\/index.php\/wp-json\/wp\/v2\/posts\/39204\/revisions"}],"predecessor-version":[{"id":39206,"href":"https:\/\/www.regioncuatronoticias.com\/index.php\/wp-json\/wp\/v2\/posts\/39204\/revisions\/39206"}],"wp:featuredmedia":[{"embeddable":true,"href":"https:\/\/www.regioncuatronoticias.com\/index.php\/wp-json\/wp\/v2\/media\/39205"}],"wp:attachment":[{"href":"https:\/\/www.regioncuatronoticias.com\/index.php\/wp-json\/wp\/v2\/media?parent=39204"}],"wp:term":[{"taxonomy":"category","embeddable":true,"href":"https:\/\/www.regioncuatronoticias.com\/index.php\/wp-json\/wp\/v2\/categories?post=39204"},{"taxonomy":"post_tag","embeddable":true,"href":"https:\/\/www.regioncuatronoticias.com\/index.php\/wp-json\/wp\/v2\/tags?post=39204"}],"curies":[{"name":"wp","href":"https:\/\/api.w.org\/{rel}","templated":true}]}}