{"id":3920,"date":"2023-12-23T00:58:54","date_gmt":"2023-12-23T07:58:54","guid":{"rendered":"https:\/\/www.regioncuatronoticias.com\/?p=3920"},"modified":"2023-12-23T00:58:56","modified_gmt":"2023-12-23T07:58:56","slug":"ratifican-sentencia-a-jeanine-anez-por-golpe-de-estado-ii-en-bolivia","status":"publish","type":"post","link":"https:\/\/www.regioncuatronoticias.com\/index.php\/2023\/12\/23\/ratifican-sentencia-a-jeanine-anez-por-golpe-de-estado-ii-en-bolivia\/","title":{"rendered":"Ratifican sentencia a Jeanine \u00c1\u00f1ez por \u201cGolpe de Estado II\u201d en Bolivia"},"content":{"rendered":"\n<p>Tomado de La Jornada<\/p>\n\n\n\n<p>Xinhua<\/p>\n\n\n\n<p>Diciembre 22 de 2023<\/p>\n\n\n\n<p>La Paz. La Sala Penal del Tribunal Supremo de Justicia (TSJ) de Bolivia rechaz\u00f3 hoy el recurso de casaci\u00f3n interpuesto por la ex presidenta Jeanine \u00c1\u00f1ez (2019-2020) y ratific\u00f3 el fallo de 10 a\u00f1os de prisi\u00f3n relacionado con el caso conocido como &#8220;Golpe de Estado II&#8221;.<\/p>\n\n\n\n<p>La sentencia inicial, dictada el 10 de junio de 2022, conden\u00f3 a \u00c1\u00f1ez por delitos de incumplimiento de deberes y resoluciones contrarias a la Constituci\u00f3n y las leyes. A pesar de ser apelada en segunda acci\u00f3n ante el Tribunal Departamental de Justicia de La Paz, la ratificaci\u00f3n de la condena all\u00ed llev\u00f3 el caso al Tribunal Supremo como \u00faltima instancia.<\/p>\n\n\n\n<p>El TSJ declar\u00f3 en su resoluci\u00f3n que la petici\u00f3n carece de fundamentos jur\u00eddicos o argumentos f\u00e1cticos suficientes para revertir la decisi\u00f3n previa.<\/p>\n\n\n\n<p>El veredicto se produjo tras un an\u00e1lisis exhaustivo llevado a cabo por los magistrados Olvis \u00c9g\u00fcez y Edwin Aguayo de la Sala Penal, quienes, a pocos d\u00edas de finalizar su mandato constitucional el 31 de diciembre, han emitido esta resoluci\u00f3n antes de su reasunci\u00f3n dispuesta por la Declaraci\u00f3n Constitucional 0049\/2023 del Tribunal Constitucional Plurinacional.<\/p>\n\n\n\n<p>El abogado defensor de la expresidenta, Alain De Canedo, afirm\u00f3 que se &#8220;acabaron las instancias internas&#8221; y recurrir\u00e1n a la justicia internacional, en alusi\u00f3n a las Naciones Unidas o la Organizaci\u00f3n de Estados Americanos (OEA).<\/p>\n\n\n\n<p>\u00c1\u00f1ez est\u00e1 actualmente detenida en la c\u00e1rcel de mujeres de Miraflores, en la ciudad occidental boliviana de La Paz, con una sentencia de 10 a\u00f1os en el caso &#8220;Golpe de Estado II&#8221;, por la vulneraci\u00f3n de las normas para acceder al poder, tras la renuncia de Evo Morales a la presidencia.<\/p>\n\n\n\n<p>Se presentaron varios procesos contra A\u00f1ez para juicios ordinarios.<\/p>\n\n\n\n<p>Un primer proceso es el denominado &#8220;Golpe de Estado I&#8221; por la presumible comisi\u00f3n de los delitos de sedici\u00f3n, terrorismo y conspiraci\u00f3n. La Fiscal\u00eda concluy\u00f3 la investigaci\u00f3n y prev\u00e9 que en 2024 se instalar\u00e1 el juicio.<\/p>\n\n\n\n<p>Luego el caso &#8220;Golpe de Estado II&#8221;, que el 10 de junio del a\u00f1o pasado se defini\u00f3 con una sentencia de 10 a\u00f1os de prisi\u00f3n para la expresidenta, por los delitos de incumplimiento de deberes y resoluciones contrarias a la Constituci\u00f3n y a las leyes.<\/p>\n\n\n\n<p>Otro proceso est\u00e1 referido a la designaci\u00f3n irregular de su familiar Karina Fabiola Leiva \u00c1\u00f1ez de Ruiz como gerente de la empresa estatal de alimentos EBA en 2020.<\/p>\n\n\n\n<figure class=\"wp-block-embed\"><div class=\"wp-block-embed__wrapper\">\nhttps:\/\/www.jornada.com.mx\/noticia\/2023\/12\/22\/mundo\/ratifican-sentencia-a-jeanine-anez-por-201cgolpe-de-estado-ii201d-en-bolivia-429\n<\/div><\/figure>\n","protected":false},"excerpt":{"rendered":"<p>Tomado de La Jornada Xinhua Diciembre 22 de 2023 La Paz. La Sala Penal del Tribunal Supremo de Justicia (TSJ) de Bolivia rechaz\u00f3 hoy el recurso de casaci\u00f3n interpuesto por la ex presidenta Jeanine \u00c1\u00f1ez (2019-2020) y ratific\u00f3 el fallo de 10 a\u00f1os de prisi\u00f3n relacionado con el caso conocido como &#8220;Golpe de Estado II&#8221;. [&hellip;]<\/p>\n","protected":false},"author":1,"featured_media":3921,"comment_status":"open","ping_status":"open","sticky":false,"template":"","format":"standard","meta":{"content-type":"","footnotes":""},"categories":[117,7,115],"tags":[],"class_list":{"0":"post-3920","1":"post","2":"type-post","3":"status-publish","4":"format-standard","5":"has-post-thumbnail","7":"category-general","8":"category-internacional","9":"category-politica"},"_links":{"self":[{"href":"https:\/\/www.regioncuatronoticias.com\/index.php\/wp-json\/wp\/v2\/posts\/3920","targetHints":{"allow":["GET"]}}],"collection":[{"href":"https:\/\/www.regioncuatronoticias.com\/index.php\/wp-json\/wp\/v2\/posts"}],"about":[{"href":"https:\/\/www.regioncuatronoticias.com\/index.php\/wp-json\/wp\/v2\/types\/post"}],"author":[{"embeddable":true,"href":"https:\/\/www.regioncuatronoticias.com\/index.php\/wp-json\/wp\/v2\/users\/1"}],"replies":[{"embeddable":true,"href":"https:\/\/www.regioncuatronoticias.com\/index.php\/wp-json\/wp\/v2\/comments?post=3920"}],"version-history":[{"count":1,"href":"https:\/\/www.regioncuatronoticias.com\/index.php\/wp-json\/wp\/v2\/posts\/3920\/revisions"}],"predecessor-version":[{"id":3922,"href":"https:\/\/www.regioncuatronoticias.com\/index.php\/wp-json\/wp\/v2\/posts\/3920\/revisions\/3922"}],"wp:featuredmedia":[{"embeddable":true,"href":"https:\/\/www.regioncuatronoticias.com\/index.php\/wp-json\/wp\/v2\/media\/3921"}],"wp:attachment":[{"href":"https:\/\/www.regioncuatronoticias.com\/index.php\/wp-json\/wp\/v2\/media?parent=3920"}],"wp:term":[{"taxonomy":"category","embeddable":true,"href":"https:\/\/www.regioncuatronoticias.com\/index.php\/wp-json\/wp\/v2\/categories?post=3920"},{"taxonomy":"post_tag","embeddable":true,"href":"https:\/\/www.regioncuatronoticias.com\/index.php\/wp-json\/wp\/v2\/tags?post=3920"}],"curies":[{"name":"wp","href":"https:\/\/api.w.org\/{rel}","templated":true}]}}