{"id":39195,"date":"2026-03-11T20:39:47","date_gmt":"2026-03-12T03:39:47","guid":{"rendered":"https:\/\/www.regioncuatronoticias.com\/?p=39195"},"modified":"2026-03-11T20:39:53","modified_gmt":"2026-03-12T03:39:53","slug":"senado-avala-por-unanimidad-tope-a-pensiones-ligadas-al-salario-presidencial","status":"publish","type":"post","link":"https:\/\/www.regioncuatronoticias.com\/index.php\/2026\/03\/11\/senado-avala-por-unanimidad-tope-a-pensiones-ligadas-al-salario-presidencial\/","title":{"rendered":"Senado avala por unanimidad tope a pensiones ligadas al salario presidencial"},"content":{"rendered":"\n<p><strong>El asunto llegar\u00e1 a la C\u00e1mara de Diputados en las siguientes horas.<\/strong><\/p>\n\n\n\n<p>Tomado de Aristegui Noticias<\/p>\n\n\n\n<p>Redacci\u00f3n AN\/ SBH<\/p>\n\n\n\n<p>Mi\u00e9rcoles 11 de marzo de 2026<\/p>\n\n\n\n<p>El Senado de la Rep\u00fablica aprob\u00f3 la reforma al art\u00edculo 127 de la Constituci\u00f3n Pol\u00edtica de los Estados Unidos Mexicanos para establecer que los funcionarios p\u00fablicos de organismos descentralizados y de empresas p\u00fablicas del Estado no podr\u00e1n recibir una pensi\u00f3n que exceda la mitad de la remuneraci\u00f3n establecida para la persona titular del Poder Ejecutivo Federal.<\/p>\n\n\n\n<p>La asamblea aval\u00f3 este proyecto en lo general por unanimidad, con 116 votos a favor. En lo particular, el proyecto recibi\u00f3 109 votos a favor y seis abstenciones, por lo que la Mesa Directiva instruy\u00f3 su turno a la C\u00e1mara de Diputados.<\/p>\n\n\n\n<p>La reforma tambi\u00e9n dispone el l\u00edmite en las pensiones para funcionarios de las sociedades nacionales de cr\u00e9dito, las empresas de participaci\u00f3n estatal mayoritaria y los fideicomisos p\u00fablicos constitutivos de entidades paraestatales, todos del gobierno federal.<\/p>\n\n\n\n<p>La medida se aplica adem\u00e1s a funcionarios p\u00fablicos de organismos descentralizados, empresas de participaci\u00f3n estatal o municipal mayoritaria, empresas p\u00fablicas y fideicomisos p\u00fablicos de las entidades federativas y de los municipios.<\/p>\n\n\n\n<p>Se precisa que las disposiciones e instrumentos jur\u00eddicos que regulen las relaciones laborales no podr\u00e1n establecer condiciones que superen ese l\u00edmite establecido para las pensiones.<\/p>\n\n\n\n<p>Quedan excluidas de ese l\u00edmite las pensiones de las Fuerzas Armadas, las jubilaciones o pensiones que se constituyan a partir de aportaciones voluntarias a los sistemas de ahorro para el retiro basados en cuentas individuales, las constituidas a partir de aportaciones sindicales en los sistemas de ahorro complementarios y la pensi\u00f3n no contributiva.<\/p>\n\n\n\n<p>La disposici\u00f3n transitoria de la reforma estipula que todas las jubilaciones o pensiones que no est\u00e9n excluidas y que se hayan otorgado con anterioridad a la entrada en vigor de esta ley deber\u00e1n ajustarse al l\u00edmite establecido, incluyendo las que se encuentren vigentes.<\/p>\n\n\n\n<p>Indica que los entes p\u00fablicos referidos deber\u00e1n revisar y, en su caso, adecuar los contratos, las disposiciones y condiciones generales de trabajo y dem\u00e1s instrumentos jur\u00eddicos que prevean planes de pensiones o jubilaciones para que se ajusten a lo previsto en la reforma.<\/p>\n\n\n\n<p>El presidente de la Comisi\u00f3n de Puntos Constitucionales, \u00d3scar Cant\u00f3n Zetina, asegur\u00f3 que esta modificaci\u00f3n pone en orden el sistema de jubilaciones y pensiones financiadas con el erario y evita que sean desproporcionadas, pues esto genera cargas presupuestarias que no pueden soportar las finanzas p\u00fablicas y que atentan contra la eficiencia en el manejo de los recursos.<\/p>\n\n\n\n<p>Asegur\u00f3 que la reforma no elimina pensiones, pues, contrario a lo que se ha asegurado, no se afecta la retroactividad que establece el art\u00edculo 14 constitucional, ya que el dinero que han cobrado quienes tienen cuantiosas pensiones \u201cno les ser\u00e1 pedido que lo devuelvan\u201d porque, precis\u00f3, \u201ceso ser\u00eda afectar un inter\u00e9s, un derecho adquirido\u201d.<\/p>\n\n\n\n<p>Enrique Inzunza C\u00e1zarez, presidente de la Comisi\u00f3n de Estudios Legislativos, enfatiz\u00f3 que la modificaci\u00f3n al 127 constitucional es \u201ceco\u201d de uno de los documentos hist\u00f3ricos m\u00e1s importantes del pa\u00eds: Los Sentimientos de la Naci\u00f3n, donde Jos\u00e9 Mar\u00eda Morelos y Pav\u00f3n pide que las leyes moderen la indigencia y la opulencia.<\/p>\n\n\n\n<p>\u201cEstamos construyendo un Estado constitucional de bienestar y este proyecto pol\u00edtico supone invariablemente que la funci\u00f3n del Estado es garantizar por igual los derechos de todas y de todos los mexicanos. Los \u00fanicos privilegios que pueden subsistir en una rep\u00fablica son aquellos que tienen que ver con las virtudes c\u00edvicas\u201d, a\u00f1adi\u00f3.<\/p>\n\n\n\n<p>Sa\u00fal Monreal \u00c1vila dijo que el Grupo Parlamentario de Morena apoya con convicci\u00f3n este dictamen porque beneficia directamente al pueblo de M\u00e9xico; se trata de una reforma que debe entenderse como la consolidaci\u00f3n de la austeridad republicana, la racionalidad en el gasto p\u00fablico y la equidad en el sistema de remuneraciones del servicio p\u00fablico.<\/p>\n\n\n\n<p>El senador del PAN, Jos\u00e9 M\u00e1ximo Garc\u00eda L\u00f3pez, se pronunci\u00f3 a favor del dictamen y destac\u00f3 que pone l\u00edmites razonables a las pensiones p\u00fablicas, lo que representa un acto de justicia y de responsabilidad. Se\u00f1al\u00f3 errores de t\u00e9cnica legislativa, dado que el sueldo del Ejecutivo Federal no es una referencia t\u00e9cnica estable porque se fija cada a\u00f1o; adem\u00e1s de que los lineamientos solo aplican al sector paraestatal y no a todo el sector p\u00fablico.<\/p>\n\n\n\n<p>Del PVEM, Luis Alfonso Silva Romo explic\u00f3 que el promedio de las pensiones oscila en siete mil pesos mensuales, pero hay algunas que alcanzan montos desproporcionados de un mill\u00f3n de pesos; dicha disparidad genera cargas presupuestarias que comprometen la sostenibilidad de las finanzas p\u00fablicas a largo plazo, por lo que es imperativo armonizar esos esquemas bajo los principios de austeridad republicana, eficiencia y honradez.<\/p>\n\n\n\n<p>La senadora Carolina Viggiano Austria, del PRI, se pronunci\u00f3 a favor de la reforma, pero consider\u00f3 que debi\u00f3 fijarse el monto de las pensiones en Unidades de Medida y Actualizaci\u00f3n y no en el salario de la presidenta. Tambi\u00e9n cuestion\u00f3 por qu\u00e9 no se incluy\u00f3 a las y los ministros de la Suprema Corte, lo que demuestra que solo se hace uso faccioso de la mayor\u00eda legislativa para una narrativa pol\u00edtico-electoral.<\/p>\n\n\n\n<p>La senadora del PT, Lizeth S\u00e1nchez Garc\u00eda, subray\u00f3 que el dinero del pueblo no es para sostener privilegios desproporcionados; por ello, la reforma busca recuperar el sentido social del Estado mexicano y terminar con dispensas que nunca debieron existir. \u201cDurante d\u00e9cadas se protegieron privilegios mientras millones de personas viv\u00edan en pobreza, pero hoy se pone fin a ello\u201d, agreg\u00f3.<\/p>\n\n\n\n<p>Alejandra Barrales Magdaleno, senadora de MC, expres\u00f3 el respaldo de su Grupo Parlamentario a la reforma porque se ahorrar\u00e1n 5 mil millones de pesos al a\u00f1o; no obstante, preocupa la retroactividad, porque si bien es cierto que propiamente no la tendr\u00e1, \u201cs\u00ed cambian las reglas del juego cuando ya inici\u00f3 el partido. Adem\u00e1s, se excluye a las Fuerzas Armadas y a ministros del Poder Judicial\u201d, se\u00f1al\u00f3.<\/p>\n\n\n\n<p>La asamblea rechaz\u00f3 propuestas de modificaci\u00f3n presentadas por senadoras y senadores de los Grupos Parlamentarios de Movimiento Ciudadano y del Partido Acci\u00f3n Nacional.<\/p>\n\n\n\n<p><a href=\"https:\/\/aristeguinoticias.com\/1103\/mexico\/senado-avala-por-unanimidad-tope-a-pensiones-ligadas-al-salario-presidencial\">https:\/\/aristeguinoticias.com\/1103\/mexico\/senado-avala-por-unanimidad-tope-a-pensiones-ligadas-al-salario-presidencial<\/a><\/p>\n","protected":false},"excerpt":{"rendered":"<p>El asunto llegar\u00e1 a la C\u00e1mara de Diputados en las siguientes horas. Tomado de Aristegui Noticias Redacci\u00f3n AN\/ SBH Mi\u00e9rcoles 11 de marzo de 2026 El Senado de la Rep\u00fablica aprob\u00f3 la reforma al art\u00edculo 127 de la Constituci\u00f3n Pol\u00edtica de los Estados Unidos Mexicanos para establecer que los funcionarios p\u00fablicos de organismos descentralizados y [&hellip;]<\/p>\n","protected":false},"author":1,"featured_media":39196,"comment_status":"open","ping_status":"open","sticky":false,"template":"","format":"standard","meta":{"content-type":"","footnotes":""},"categories":[3,115,105],"tags":[],"class_list":{"0":"post-39195","1":"post","2":"type-post","3":"status-publish","4":"format-standard","5":"has-post-thumbnail","7":"category-mexico","8":"category-politica","9":"category-principal"},"_links":{"self":[{"href":"https:\/\/www.regioncuatronoticias.com\/index.php\/wp-json\/wp\/v2\/posts\/39195","targetHints":{"allow":["GET"]}}],"collection":[{"href":"https:\/\/www.regioncuatronoticias.com\/index.php\/wp-json\/wp\/v2\/posts"}],"about":[{"href":"https:\/\/www.regioncuatronoticias.com\/index.php\/wp-json\/wp\/v2\/types\/post"}],"author":[{"embeddable":true,"href":"https:\/\/www.regioncuatronoticias.com\/index.php\/wp-json\/wp\/v2\/users\/1"}],"replies":[{"embeddable":true,"href":"https:\/\/www.regioncuatronoticias.com\/index.php\/wp-json\/wp\/v2\/comments?post=39195"}],"version-history":[{"count":1,"href":"https:\/\/www.regioncuatronoticias.com\/index.php\/wp-json\/wp\/v2\/posts\/39195\/revisions"}],"predecessor-version":[{"id":39197,"href":"https:\/\/www.regioncuatronoticias.com\/index.php\/wp-json\/wp\/v2\/posts\/39195\/revisions\/39197"}],"wp:featuredmedia":[{"embeddable":true,"href":"https:\/\/www.regioncuatronoticias.com\/index.php\/wp-json\/wp\/v2\/media\/39196"}],"wp:attachment":[{"href":"https:\/\/www.regioncuatronoticias.com\/index.php\/wp-json\/wp\/v2\/media?parent=39195"}],"wp:term":[{"taxonomy":"category","embeddable":true,"href":"https:\/\/www.regioncuatronoticias.com\/index.php\/wp-json\/wp\/v2\/categories?post=39195"},{"taxonomy":"post_tag","embeddable":true,"href":"https:\/\/www.regioncuatronoticias.com\/index.php\/wp-json\/wp\/v2\/tags?post=39195"}],"curies":[{"name":"wp","href":"https:\/\/api.w.org\/{rel}","templated":true}]}}