{"id":39135,"date":"2026-03-10T21:03:20","date_gmt":"2026-03-11T04:03:20","guid":{"rendered":"https:\/\/www.regioncuatronoticias.com\/?p=39135"},"modified":"2026-03-10T21:03:28","modified_gmt":"2026-03-11T04:03:28","slug":"iris-sanchez-chiu-lealtad-priista-en-tiempos-de-desbandada","status":"publish","type":"post","link":"https:\/\/www.regioncuatronoticias.com\/index.php\/2026\/03\/10\/iris-sanchez-chiu-lealtad-priista-en-tiempos-de-desbandada\/","title":{"rendered":"Iris S\u00e1nchez Chiu: lealtad priista en tiempos de desbandada"},"content":{"rendered":"\n<p><strong>Columna Olor A Dinero<\/strong><\/p>\n\n\n\n<p><strong>Feliciano J. Espriella<\/strong><\/p>\n\n\n\n<p><strong>Iris S\u00e1nchez Chiu: lealtad priista en tiempos de desbandada<\/strong><\/p>\n\n\n\n<p><strong>Martes 10 de marzo de 2026<\/strong><\/p>\n\n\n\n<p>En un momento de migraci\u00f3n partidista, la diputada Iris S\u00e1nchez Chiu reivindica la lealtad al PRI y promueve iniciativas legislativas centradas en el desarrollo rural, aun sabiendo que muchas enfrentar\u00e1n el bloqueo de la mayor\u00eda.<\/p>\n\n\n\n<p>En pol\u00edtica hay momentos que revelan el verdadero car\u00e1cter de los actores p\u00fablicos. Uno de ellos es cuando su partido atraviesa dificultades. Es entonces cuando se distingue a los militantes por convicci\u00f3n de quienes simplemente ocupaban una posici\u00f3n circunstancial.<\/p>\n\n\n\n<p>La diputada sonorense Iris S\u00e1nchez Chiu ofreci\u00f3 un ejemplo interesante de esa diferencia durante su participaci\u00f3n, el lunes 2 de marzo pasado, en la mesa de an\u00e1lisis Kiosco Mayor, donde reafirm\u00f3 algo que hoy resulta cada vez menos com\u00fan: su identidad priista.<\/p>\n\n\n\n<p>La frase con la que ella misma define su trayectoria es contundente: naci\u00f3 cat\u00f3lica y priista\u2026 y as\u00ed piensa morir.<\/p>\n\n\n\n<p>M\u00e1s all\u00e1 del tono ret\u00f3rico, la afirmaci\u00f3n describe con claridad su perfil pol\u00edtico. Para S\u00e1nchez Chiu, el priismo no es una afiliaci\u00f3n coyuntural ni una plataforma utilitaria, sino una identidad heredada. Seg\u00fan ha relatado, esa pertenencia le fue inculcada desde su entorno familiar y forma parte de una tradici\u00f3n pol\u00edtica que, en su caso, se asume con orgullo.<\/p>\n\n\n\n<p>En un contexto donde abundan los cambios de camiseta y las conversiones ideol\u00f3gicas de \u00faltima hora, su postura contrasta con la conducta de numerosos cuadros que, ante el debilitamiento electoral del PRI, decidieron abandonar el partido para incorporarse a otras fuerzas pol\u00edticas.<\/p>\n\n\n\n<p>La diputada tiene una interpretaci\u00f3n particular de esa desbandada. A su juicio, la salida de muchos militantes no representa necesariamente una p\u00e9rdida, sino una especie de depuraci\u00f3n.<\/p>\n\n\n\n<p>La lectura puede resultar pol\u00e9mica, pero revela una narrativa clara: para ella el priismo no est\u00e1 desapareciendo, sino atravesando un proceso de redefinici\u00f3n. Incluso sostiene que existen \u201cpriistas de cl\u00f3set\u201d dentro de Morena y Movimiento Ciudadano que, aunque hoy militen en esos partidos, conservan una identidad pol\u00edtica formada en el antiguo partido hegem\u00f3nico.<\/p>\n\n\n\n<p>Puede discutirse la precisi\u00f3n de esa percepci\u00f3n, pero lo cierto es que su discurso proyecta una postura de resistencia partidista poco frecuente en la pol\u00edtica contempor\u00e1nea.<\/p>\n\n\n\n<p>Ahora bien, la fidelidad partidista por s\u00ed sola no define una trayectoria legislativa. El otro elemento relevante es la agenda que impulsa desde el Congreso.<\/p>\n\n\n\n<p>En ese terreno, S\u00e1nchez Chiu ha decidido concentrar su trabajo en un conjunto reducido de iniciativas, particularmente en materia de desarrollo rural y salud p\u00fablica.<\/p>\n\n\n\n<p>Su propuesta m\u00e1s visible busca establecer presupuestos etiquetados para las comisar\u00edas rurales, tomando como base el peso poblacional de cada comunidad dentro del municipio.<\/p>\n\n\n\n<p>Para explicar su planteamiento utiliza un caso concreto: la comisar\u00eda Miguel Alem\u00e1n, en Hermosillo.<\/p>\n\n\n\n<p>Con alrededor de 40 mil habitantes dentro de un municipio que ronda el mill\u00f3n, esa comunidad representa aproximadamente el 4.6% de la poblaci\u00f3n municipal. Bajo su iniciativa, ese mismo porcentaje del presupuesto deber\u00eda asignarse directamente a la comisar\u00eda para que pueda decidir y planear sus propias obras, servicios y prioridades.<\/p>\n\n\n\n<p>La l\u00f3gica es sencilla: reducir la brecha hist\u00f3rica entre la zona urbana y las comunidades rurales, donde los rezagos en infraestructura, seguridad y servicios p\u00fablicos siguen siendo evidentes.<\/p>\n\n\n\n<p>El problema, sin embargo, no es t\u00e9cnico sino pol\u00edtico.<\/p>\n\n\n\n<p>En el actual Congreso local, muchas iniciativas provenientes de la oposici\u00f3n enfrentan un destino predecible: congelarse en comisiones o simplemente ser rechazadas por la mayor\u00eda.<\/p>\n\n\n\n<p>La propia legisladora lo reconoce con franqueza. En ocasiones \u2014dice\u2014 las propuestas no avanzan porque provienen de la oposici\u00f3n o porque \u201cno se les ocurri\u00f3 a ellos\u201d.<\/p>\n\n\n\n<p>Aun as\u00ed, insiste en empujar sus proyectos mediante ejercicios de parlamento abierto, socializando las iniciativas con alcaldes, comisarios y comunidades antes de llevarlas al pleno.<\/p>\n\n\n\n<p>Tal vez varias de sus propuestas no prosperen durante esta legislatura. Pero su apuesta parece apuntar a algo m\u00e1s amplio: construir una trayectoria pol\u00edtica que respalde futuras aspiraciones.<\/p>\n\n\n\n<p>Porque si algo dej\u00f3 claro en su conversaci\u00f3n con los periodistas es que su horizonte pol\u00edtico sigue abierto.<\/p>\n\n\n\n<p>En un tiempo donde la pol\u00edtica suele premiar el oportunismo y castigar la fidelidad, Iris S\u00e1nchez Chiu ha decidido jugar otra carta.<\/p>\n\n\n\n<p>La de quedarse.<\/p>\n\n\n\n<p>Aunque el barco, como dicen algunos de sus propios cr\u00edticos, parezca hacer agua.<\/p>\n\n\n\n<p>Por hoy fue todo, gracias por su tolerancia y hasta la pr\u00f3xima.<\/p>\n","protected":false},"excerpt":{"rendered":"<p>Columna Olor A Dinero Feliciano J. Espriella Iris S\u00e1nchez Chiu: lealtad priista en tiempos de desbandada Martes 10 de marzo de 2026 En un momento de migraci\u00f3n partidista, la diputada Iris S\u00e1nchez Chiu reivindica la lealtad al PRI y promueve iniciativas legislativas centradas en el desarrollo rural, aun sabiendo que muchas enfrentar\u00e1n el bloqueo de [&hellip;]<\/p>\n","protected":false},"author":1,"featured_media":39136,"comment_status":"open","ping_status":"open","sticky":false,"template":"","format":"standard","meta":{"content-type":"","footnotes":""},"categories":[127],"tags":[],"class_list":{"0":"post-39135","1":"post","2":"type-post","3":"status-publish","4":"format-standard","5":"has-post-thumbnail","7":"category-olor-a-dinero"},"_links":{"self":[{"href":"https:\/\/www.regioncuatronoticias.com\/index.php\/wp-json\/wp\/v2\/posts\/39135","targetHints":{"allow":["GET"]}}],"collection":[{"href":"https:\/\/www.regioncuatronoticias.com\/index.php\/wp-json\/wp\/v2\/posts"}],"about":[{"href":"https:\/\/www.regioncuatronoticias.com\/index.php\/wp-json\/wp\/v2\/types\/post"}],"author":[{"embeddable":true,"href":"https:\/\/www.regioncuatronoticias.com\/index.php\/wp-json\/wp\/v2\/users\/1"}],"replies":[{"embeddable":true,"href":"https:\/\/www.regioncuatronoticias.com\/index.php\/wp-json\/wp\/v2\/comments?post=39135"}],"version-history":[{"count":1,"href":"https:\/\/www.regioncuatronoticias.com\/index.php\/wp-json\/wp\/v2\/posts\/39135\/revisions"}],"predecessor-version":[{"id":39137,"href":"https:\/\/www.regioncuatronoticias.com\/index.php\/wp-json\/wp\/v2\/posts\/39135\/revisions\/39137"}],"wp:featuredmedia":[{"embeddable":true,"href":"https:\/\/www.regioncuatronoticias.com\/index.php\/wp-json\/wp\/v2\/media\/39136"}],"wp:attachment":[{"href":"https:\/\/www.regioncuatronoticias.com\/index.php\/wp-json\/wp\/v2\/media?parent=39135"}],"wp:term":[{"taxonomy":"category","embeddable":true,"href":"https:\/\/www.regioncuatronoticias.com\/index.php\/wp-json\/wp\/v2\/categories?post=39135"},{"taxonomy":"post_tag","embeddable":true,"href":"https:\/\/www.regioncuatronoticias.com\/index.php\/wp-json\/wp\/v2\/tags?post=39135"}],"curies":[{"name":"wp","href":"https:\/\/api.w.org\/{rel}","templated":true}]}}