{"id":39110,"date":"2026-03-09T19:20:22","date_gmt":"2026-03-10T02:20:22","guid":{"rendered":"https:\/\/www.regioncuatronoticias.com\/?p=39110"},"modified":"2026-03-09T19:55:58","modified_gmt":"2026-03-10T02:55:58","slug":"el-rugido-purpura-del-8m-cronica-de-un-reclamo-perenne-de-justicia","status":"publish","type":"post","link":"https:\/\/www.regioncuatronoticias.com\/index.php\/2026\/03\/09\/el-rugido-purpura-del-8m-cronica-de-un-reclamo-perenne-de-justicia\/","title":{"rendered":"El rugido p\u00farpura del 8M: Cr\u00f3nica de un reclamo perenne de justicia"},"content":{"rendered":"\n<p>Tomado de Nuestras Noticias Sonora<\/p>\n\n\n\n<p>NN Redacci\u00f3n\/ Oralia Acosta G.<\/p>\n\n\n\n<p>(Fotos Claudia V\u00e1zquez y Oralia Acosta G.)<\/p>\n\n\n\n<p>\u201c\u00a1Que se jodan los padres, que tambi\u00e9n violan!\u201d, grit\u00f3 en seco anoche una de las oradoras que tom\u00f3 el micr\u00f3fono desde las escalinatas del Poder Legislativo, ya en el ocaso de la protesta que hab\u00eda iniciado varias horas antes, a eso de las 4:30 de la tarde, en las otras escalinatas, las del Museo y Biblioteca de la Universidad de Sonora, frente a la Plaza Emiliana de Zubeld\u00eda, sitio que ya se ha vuelto el epicentro de las concentraciones m\u00e1s nutridas y tambi\u00e9n m\u00e1s org\u00e1nicas, esas de donde parten marchas aut\u00e9nticas, como ya las quisieran los partidos pol\u00edticos: sin acarreos, sin voluntades que requieran traslados, solo personas ejerciendo su libertad de manifestarse.<\/p>\n\n\n\n<p>Ayer eran solo mujeres las convocadas, pero tambi\u00e9n hab\u00eda hombres apoyando la causa del 8M.<\/p>\n\n\n\n<p>Todas llegaron por su pie, por su f\u00e9rrea voluntad de marchar para protestar en las sedes de los Poderes del Estado, eso dijeron en el arranque de la marcha, pero en realidad solo se dirigieron al Legislativo y al Judicial, el Palacio del Poder Ejecutivo qued\u00f3 atr\u00e1s, intocado.<\/p>\n\n\n\n<p>La tarde ca\u00eda sobre Hermosillo, pero el calor no ven\u00eda del sol de marzo -que fue amable con la causa- sino de la fuerza de cientos de mujeres que, poco despu\u00e9s de las cuatro, comenzaron a tapizar de violeta y verde las escalinatas del Museo de la Unison; la que no portaba una playera morada, cubr\u00eda su cabeza con un pa\u00f1o p\u00farpura o del color de la lucha a favor del aborto.<\/p>\n\n\n\n<figure class=\"wp-block-image size-full\"><img loading=\"lazy\" loading=\"lazy\" decoding=\"async\" width=\"1024\" height=\"576\" src=\"https:\/\/www.regioncuatronoticias.com\/wp-content\/uploads\/2026\/03\/image-20.png\" alt=\"\" class=\"wp-image-39115\" srcset=\"https:\/\/www.regioncuatronoticias.com\/wp-content\/uploads\/2026\/03\/image-20.png 1024w, https:\/\/www.regioncuatronoticias.com\/wp-content\/uploads\/2026\/03\/image-20-640x360.png 640w, https:\/\/www.regioncuatronoticias.com\/wp-content\/uploads\/2026\/03\/image-20-768x432.png 768w, https:\/\/www.regioncuatronoticias.com\/wp-content\/uploads\/2026\/03\/image-20-860x484.png 860w\" sizes=\"auto, (max-width: 1024px) 100vw, 1024px\" \/><\/figure>\n\n\n\n<p>El ambiente se encendi\u00f3 con el ritmo ancestral de los tambores. Las integrantes del colectivo -o colectiva- Flores del Desierto marcaron el pulso de la tarde con cantos que parec\u00edan oraciones de guerra y esperanza. Cuando el contingente comenz\u00f3 su andar por el bulevar Rosales, la ciudad se detuvo.<\/p>\n\n\n\n<p>\u2013\u201cMujer escucha, esta es tu lucha\u201d, \u201cNi una m\u00e1s, ni una m\u00e1s\u201d, \u201cVivas se las llevaron, vivas las queremos\u201d-, coreaba el contingente mientras avanzaba la ola morada.<\/p>\n\n\n\n<p>Entre el mar de carteles que exig\u00edan justicia por la violencia feminicida y el derecho a decidir, la marcha avanz\u00f3 hasta el Congreso del Estado.<\/p>\n\n\n\n<p>All\u00ed, el aire se volvi\u00f3 pesado por unos momentos, cuando se abri\u00f3 espacio para el pase de lista con los nombres de las mujeres asesinadas durante 2025: \u00a1Eva Palafox, Paula Joseth, Viviana Rivas, Alejandra Landeros!, \u00a1Justicia!, repet\u00eda el contingente tras cada nombre.<\/p>\n\n\n\n<figure class=\"wp-block-image size-full\"><img loading=\"lazy\" loading=\"lazy\" decoding=\"async\" width=\"900\" height=\"1600\" src=\"https:\/\/www.regioncuatronoticias.com\/wp-content\/uploads\/2026\/03\/image-21.png\" alt=\"\" class=\"wp-image-39116\" srcset=\"https:\/\/www.regioncuatronoticias.com\/wp-content\/uploads\/2026\/03\/image-21.png 900w, https:\/\/www.regioncuatronoticias.com\/wp-content\/uploads\/2026\/03\/image-21-640x1138.png 640w, https:\/\/www.regioncuatronoticias.com\/wp-content\/uploads\/2026\/03\/image-21-768x1365.png 768w, https:\/\/www.regioncuatronoticias.com\/wp-content\/uploads\/2026\/03\/image-21-864x1536.png 864w, https:\/\/www.regioncuatronoticias.com\/wp-content\/uploads\/2026\/03\/image-21-860x1529.png 860w\" sizes=\"auto, (max-width: 900px) 100vw, 900px\" \/><\/figure>\n\n\n\n<p>Luego vinieron los mensajes de las colectivas de mujeres convocantes de la marcha, quienes, centraron, entre los reclamos de la protesta de este 2026, el clamor por aprobar en Sonora la despenalizaci\u00f3n del aborto.<\/p>\n\n\n\n<p>Una lona que colgaron a las puertas del recinto Legislativo, era un llamado al gobernador Alfonso Durazo a responder a esa demanda de las colectivas sonorenses.\u00a0En el discurso, instaron a cumplir con el mandato de la Suprema Corte de Justicia de la Naci\u00f3n.<\/p>\n\n\n\n<p>Hablaron tambi\u00e9n de la reducci\u00f3n de la jornada laboral a 40 horas, de la desigualdad laboral, de las desaparecidas y tomaron la palabra sobrevivientes de diferentes tipos de violencia con dolorosos testimonios que ya pocas escucharon, porque vino en ese momento una explosi\u00f3n, una de un total de 15, que proven\u00edan del edificio de enfrente.<\/p>\n\n\n\n<p>Y es que el momento estelar, como lo ha sido en los \u00faltimos a\u00f1os, se vivi\u00f3 a las puertas del Poder Judicial. El reclamo de justicia se volvi\u00f3 fuego y pintas. En los muros quedaron grabados, con m\u00e1s rabia que tinta, los nombres de quienes han causado da\u00f1o y los reclamos por las mujeres agredidas o muertas a manos de hombres a los que no ha alcanzado la justicia que supuestamente se imparte en ese recinto.<\/p>\n\n\n\n<p>Mientras las llamas consum\u00edan pancartas frente a la puerta, el contingente gritaba \u201cNo fue una, fuimos todas\u201d, para blindar la acci\u00f3n colectiva, mientras sal\u00eda humo violeta y p\u00farpura desde diferentes puntos.<\/p>\n\n\n\n<p>En medio del cl\u00edmax de la protesta, que se prolong\u00f3 por varias horas, la tensi\u00f3n tambi\u00e9n alcanz\u00f3 a la labor informativa, ya que algunas manifestantes en repetidas ocasiones formaron vallas humanas tapando los lentes de las c\u00e1maras de la prensa que cubr\u00edamos el evento, quer\u00edan impedir que los medios documentaran de cerca los da\u00f1os al inmueble, ello pese a que las j\u00f3venes encargadas de encender el fuego vest\u00edan todas de negro y llevaban cubierto el rostro con pasamonta\u00f1as y lentes.<\/p>\n\n\n\n<p>Las puertas del Supremo Tribunal permanecieron inc\u00f3lumes, pues fueron blindadas con anticipaci\u00f3n con un port\u00f3n interior de l\u00e1mina, sin embargo, los cristales de las ventanas del lado poniente del edificio s\u00ed fueron reventados a pedradas por las encapuchadas, pero con bastante ayuda de un par de j\u00f3venes varones, tambi\u00e9n camuflados de negro.<\/p>\n\n\n\n<p>Ya era de noche cuando una joven m\u00e1s se anim\u00f3 a tomar el micr\u00f3fono y lanz\u00f3 esa desgarradora sentencia: los padres tambi\u00e9n violan. No se refer\u00eda a los padres de la iglesia. Se refer\u00eda al suyo. Y le ray\u00f3 la madre a su padre y a todos y todas las personas que callaron y no hicieron nada. Y su sonoro reclamo ayer tampoco fue escuchado por muchas ni por muchos, porque, aunque el micr\u00f3fono segu\u00eda abierto, la gran mayor\u00eda de las mujeres ya se hab\u00edan dispersado. El mensaje qued\u00f3 en el aire, haciendo eco seguramente en otra jovencita que media hora antes hab\u00eda gritado que ella fue abusada desde la cuna, pero no pod\u00eda decir nombres porque esa persona a\u00fan estaba en su familia.<\/p>\n\n\n\n<p>Cuando el fuego, el humo y los olores a solventes se extinguieron, el edificio del Poder Judicial qued\u00f3 bajo el resguardo de cintas amarillas y patrullajes, ya m\u00e1s visibles, de la Polic\u00eda Municipal de Hermosillo.<\/p>\n\n\n\n<p><a href=\"https:\/\/nuestrasnoticiassonora.com\/relevante\/el-rugido-purpura-del-8m-cronica-de-un-reclamo-perene-de-justicia\/\">https:\/\/nuestrasnoticiassonora.com\/relevante\/el-rugido-purpura-del-8m-cronica-de-un-reclamo-perene-de-justicia\/<\/a><\/p>\n\n\n\n<p><\/p>\n","protected":false},"excerpt":{"rendered":"<p>Tomado de Nuestras Noticias Sonora NN Redacci\u00f3n\/ Oralia Acosta G. (Fotos Claudia V\u00e1zquez y Oralia Acosta G.) \u201c\u00a1Que se jodan los padres, que tambi\u00e9n violan!\u201d, grit\u00f3 en seco anoche una de las oradoras que tom\u00f3 el micr\u00f3fono desde las escalinatas del Poder Legislativo, ya en el ocaso de la protesta que hab\u00eda iniciado varias horas [&hellip;]<\/p>\n","protected":false},"author":1,"featured_media":39113,"comment_status":"open","ping_status":"open","sticky":false,"template":"","format":"standard","meta":{"content-type":"","footnotes":""},"categories":[115,105,9],"tags":[],"class_list":{"0":"post-39110","1":"post","2":"type-post","3":"status-publish","4":"format-standard","5":"has-post-thumbnail","7":"category-politica","8":"category-principal","9":"category-sonora"},"_links":{"self":[{"href":"https:\/\/www.regioncuatronoticias.com\/index.php\/wp-json\/wp\/v2\/posts\/39110","targetHints":{"allow":["GET"]}}],"collection":[{"href":"https:\/\/www.regioncuatronoticias.com\/index.php\/wp-json\/wp\/v2\/posts"}],"about":[{"href":"https:\/\/www.regioncuatronoticias.com\/index.php\/wp-json\/wp\/v2\/types\/post"}],"author":[{"embeddable":true,"href":"https:\/\/www.regioncuatronoticias.com\/index.php\/wp-json\/wp\/v2\/users\/1"}],"replies":[{"embeddable":true,"href":"https:\/\/www.regioncuatronoticias.com\/index.php\/wp-json\/wp\/v2\/comments?post=39110"}],"version-history":[{"count":3,"href":"https:\/\/www.regioncuatronoticias.com\/index.php\/wp-json\/wp\/v2\/posts\/39110\/revisions"}],"predecessor-version":[{"id":39119,"href":"https:\/\/www.regioncuatronoticias.com\/index.php\/wp-json\/wp\/v2\/posts\/39110\/revisions\/39119"}],"wp:featuredmedia":[{"embeddable":true,"href":"https:\/\/www.regioncuatronoticias.com\/index.php\/wp-json\/wp\/v2\/media\/39113"}],"wp:attachment":[{"href":"https:\/\/www.regioncuatronoticias.com\/index.php\/wp-json\/wp\/v2\/media?parent=39110"}],"wp:term":[{"taxonomy":"category","embeddable":true,"href":"https:\/\/www.regioncuatronoticias.com\/index.php\/wp-json\/wp\/v2\/categories?post=39110"},{"taxonomy":"post_tag","embeddable":true,"href":"https:\/\/www.regioncuatronoticias.com\/index.php\/wp-json\/wp\/v2\/tags?post=39110"}],"curies":[{"name":"wp","href":"https:\/\/api.w.org\/{rel}","templated":true}]}}