{"id":39095,"date":"2026-03-08T21:01:36","date_gmt":"2026-03-09T04:01:36","guid":{"rendered":"https:\/\/www.regioncuatronoticias.com\/?p=39095"},"modified":"2026-03-08T21:01:43","modified_gmt":"2026-03-09T04:01:43","slug":"alcaldia-de-hermosillo-la-joya-de-la-corona-en-2027","status":"publish","type":"post","link":"https:\/\/www.regioncuatronoticias.com\/index.php\/2026\/03\/08\/alcaldia-de-hermosillo-la-joya-de-la-corona-en-2027\/","title":{"rendered":"Alcald\u00eda de Hermosillo, la joya de la corona en 2027"},"content":{"rendered":"\n<p><strong>Columna Olor a Dinero<\/strong><\/p>\n\n\n\n<p><strong>Feliciano J. Espriella<\/strong><\/p>\n\n\n\n<p><strong>Alcald\u00eda de Hermosillo, la joya de la corona en 2027<\/strong><\/p>\n\n\n\n<p><strong>Lunes 9 de marzo de 2026<\/strong><\/p>\n\n\n\n<p>La elecci\u00f3n municipal de Hermosillo en 2027 comienza a perfilarse desde ahora. Diversos actores pol\u00edticos se posicionan en un tablero donde la alcald\u00eda capitalina vuelve a ser la pieza m\u00e1s codiciada del ajedrez sonorense.<\/p>\n\n\n\n<p>De acuerdo con el marco legal vigente y los tiempos establecidos por el Instituto Nacional Electoral (INE), el Proceso Electoral Federal 2026-2027 iniciar\u00e1 formalmente en septiembre de 2026.<\/p>\n\n\n\n<p>Ser\u00e1 una elecci\u00f3n federal intermedia en la que se renovar\u00e1 por completo la C\u00e1mara de Diputados \u2014500 curules: 300 por mayor\u00eda relativa y 200 por representaci\u00f3n proporcional\u2014. Adem\u00e1s, habr\u00e1 elecciones locales concurrentes en varios estados para renovar gubernaturas, congresos locales y ayuntamientos, entre ellos el de Hermosillo, tema de esta entrega.<\/p>\n\n\n\n<p>Aunque seguramente de aqu\u00ed a septiembre el n\u00famero de aspirantes dispuestos a sacrificarse para dirigir los destinos de la capital sonorense crecer\u00e1 de manera geom\u00e9trica, en este espacio publicar\u00e9 durante las pr\u00f3ximas semanas algunas apreciaciones personales sobre las y los personajes que actualmente aparecen con mayor visibilidad. A mi juicio, por ahora son nueve.<\/p>\n\n\n\n<p>Har\u00e9 dos entregas a la semana: la primera los lunes y la segunda en cualquiera de los otros d\u00edas.<\/p>\n\n\n\n<p>Conviene aclarar algo desde el principio. Estas \u201celucubraciones\u201d no son producto de estudios demogr\u00e1ficos, sociol\u00f3gicos ni de an\u00e1lisis electorales formales. Son simplemente deducciones derivadas de la lectura sistem\u00e1tica de las columnas pol\u00edticas de periodistas sonorenses publicadas a lo largo del presente a\u00f1o. Es decir, se trata de apreciaciones subjetivas y sin pretensi\u00f3n de rigor cient\u00edfico.<\/p>\n\n\n\n<p>Para no hacer larga y cansada la saga, dividir\u00e9 el an\u00e1lisis en bloques que ir\u00e9 presentando gradualmente. En esta primera entrega me limitar\u00e9 a exponer cu\u00e1les ser\u00e1n esos bloques.<\/p>\n\n\n\n<p>1. El frente panista: Alejandro L\u00f3pez Caballero y Luis Agust\u00edn Rodr\u00edguez<\/p>\n\n\n\n<p>Dentro de la oposici\u00f3n, la contienda interna luce intensa. Alejandro L\u00f3pez Caballero se mantiene como un referente natural por haber sido ya alcalde, lo que le otorga un alto nivel de conocimiento de marca entre los ciudadanos.<\/p>\n\n\n\n<p>Por su parte, Luis Agust\u00edn Rodr\u00edguez Torres trabaja una estrategia basada en la \u201cunidad\u201d, tratando de tender puentes entre los grupos vinculados al actual alcalde Antonio Astiazar\u00e1n, el padrecismo y la vieja guardia del PAN. Su ventaja es que conoce a fondo las entra\u00f1as del Ayuntamiento, pues se desempe\u00f1\u00f3 como Contralor Municipal.<\/p>\n\n\n\n<p>2. Los perfiles de Morena: Wendy Brice\u00f1o y Eduwiges \u201cVicky\u201d Espinoza<\/p>\n\n\n\n<p>En el oficialismo, Wendy Brice\u00f1o aparece con un perfil m\u00e1s institucional, participando activamente en foros orientados al fortalecimiento de los municipios.<\/p>\n\n\n\n<p>En contraste, \u201cVicky\u201d Espinoza representa la base m\u00e1s pura de Morena. Es considerada una fundadora que ha abanderado causas sociales, como la defensa de los jubilados del Ayuntamiento. Sin embargo, algunos columnistas advierten que ha sido desplazada de posiciones clave \u2014como la presidencia del Congreso\u2014 para abrir espacios a nuevos aliados pol\u00edticos.<\/p>\n\n\n\n<p>3. La oposici\u00f3n cr\u00edtica: David Figueroa y Omar del Valle Colosio<\/p>\n\n\n\n<p>Estos dos diputados del Partido Verde han asumido un papel particularmente cr\u00edtico frente a la actual administraci\u00f3n municipal, sobre todo en temas sensibles para los ciudadanos como los baches o las fugas de agua.<\/p>\n\n\n\n<p>Sin embargo, enfrentan un se\u00f1alamiento recurrente en el an\u00e1lisis pol\u00edtico local: diversos columnistas los califican de \u201ccaraduras\u201d, pues reclaman mayores recursos para la ciudad despu\u00e9s de haber votado en el Congreso a favor de recortar el presupuesto municipal correspondiente a 2025.<\/p>\n\n\n\n<p>4. La carta s\u00f3lida y el operador de tierra: Flor Ayala y Daniel Garc\u00eda Escalante<\/p>\n\n\n\n<p>Flor Ayala Robles Linares es mencionada por diversos analistas como uno de los perfiles m\u00e1s s\u00f3lidos de la oposici\u00f3n en caso de que logre concretarse una alianza amplia rumbo a 2027.<\/p>\n\n\n\n<p>En el otro extremo aparece Daniel Garc\u00eda Escalante, quien opera desde el interior del Ayuntamiento manejando el presupuesto del programa \u201cCRECES\u201d. Este programa le permite un contacto directo con los vecinos, aunque su imagen p\u00fablica se ha visto golpeada por observaciones no solventadas del ISAF en algunas obras bajo su coordinaci\u00f3n, as\u00ed como por problemas legales recientes que involucran a su padre.<\/p>\n\n\n\n<p>5. El t\u00e9cnico desplazado: Norberto Barraza Almaz\u00e1n<\/p>\n\n\n\n<p>Barraza quiz\u00e1 sea el perfil con mayor conocimiento t\u00e9cnico en materia de servicios p\u00fablicos, un asunto crucial para Hermosillo.<\/p>\n\n\n\n<p>Aunque lleg\u00f3 al Congreso bajo las siglas del PES dentro de la coalici\u00f3n oficialista, diversos analistas pol\u00edticos lo ubican como una figura que estar\u00eda siendo desplazada por la c\u00fapula estatal para cumplir con nuevos acuerdos pol\u00edticos, a pesar de que su perfil presenta una alta rentabilidad ciudadana.<\/p>\n\n\n\n<p>Por hoy fue todo, gracias por su tolerancia y hasta la pr\u00f3xima.<\/p>\n\n\n\n<p><a href=\"https:\/\/oloradinero.com\/vernoticias2.php?artid=62109&amp;cat=66\">https:\/\/oloradinero.com\/vernoticias2.php?artid=62109&amp;cat=66<\/a><\/p>\n","protected":false},"excerpt":{"rendered":"<p>Columna Olor a Dinero Feliciano J. Espriella Alcald\u00eda de Hermosillo, la joya de la corona en 2027 Lunes 9 de marzo de 2026 La elecci\u00f3n municipal de Hermosillo en 2027 comienza a perfilarse desde ahora. Diversos actores pol\u00edticos se posicionan en un tablero donde la alcald\u00eda capitalina vuelve a ser la pieza m\u00e1s codiciada del [&hellip;]<\/p>\n","protected":false},"author":1,"featured_media":39096,"comment_status":"open","ping_status":"open","sticky":false,"template":"","format":"standard","meta":{"content-type":"","footnotes":""},"categories":[127],"tags":[],"class_list":{"0":"post-39095","1":"post","2":"type-post","3":"status-publish","4":"format-standard","5":"has-post-thumbnail","7":"category-olor-a-dinero"},"_links":{"self":[{"href":"https:\/\/www.regioncuatronoticias.com\/index.php\/wp-json\/wp\/v2\/posts\/39095","targetHints":{"allow":["GET"]}}],"collection":[{"href":"https:\/\/www.regioncuatronoticias.com\/index.php\/wp-json\/wp\/v2\/posts"}],"about":[{"href":"https:\/\/www.regioncuatronoticias.com\/index.php\/wp-json\/wp\/v2\/types\/post"}],"author":[{"embeddable":true,"href":"https:\/\/www.regioncuatronoticias.com\/index.php\/wp-json\/wp\/v2\/users\/1"}],"replies":[{"embeddable":true,"href":"https:\/\/www.regioncuatronoticias.com\/index.php\/wp-json\/wp\/v2\/comments?post=39095"}],"version-history":[{"count":1,"href":"https:\/\/www.regioncuatronoticias.com\/index.php\/wp-json\/wp\/v2\/posts\/39095\/revisions"}],"predecessor-version":[{"id":39097,"href":"https:\/\/www.regioncuatronoticias.com\/index.php\/wp-json\/wp\/v2\/posts\/39095\/revisions\/39097"}],"wp:featuredmedia":[{"embeddable":true,"href":"https:\/\/www.regioncuatronoticias.com\/index.php\/wp-json\/wp\/v2\/media\/39096"}],"wp:attachment":[{"href":"https:\/\/www.regioncuatronoticias.com\/index.php\/wp-json\/wp\/v2\/media?parent=39095"}],"wp:term":[{"taxonomy":"category","embeddable":true,"href":"https:\/\/www.regioncuatronoticias.com\/index.php\/wp-json\/wp\/v2\/categories?post=39095"},{"taxonomy":"post_tag","embeddable":true,"href":"https:\/\/www.regioncuatronoticias.com\/index.php\/wp-json\/wp\/v2\/tags?post=39095"}],"curies":[{"name":"wp","href":"https:\/\/api.w.org\/{rel}","templated":true}]}}