{"id":39078,"date":"2026-03-08T16:41:30","date_gmt":"2026-03-08T23:41:30","guid":{"rendered":"https:\/\/www.regioncuatronoticias.com\/?p=39078"},"modified":"2026-03-08T16:41:34","modified_gmt":"2026-03-08T23:41:34","slug":"8m-en-mexico-ninas-y-adolescentes-las-mas-vulnerables-ante-la-violencia-feminicida-y-el-desplazamiento-forzado","status":"publish","type":"post","link":"https:\/\/www.regioncuatronoticias.com\/index.php\/2026\/03\/08\/8m-en-mexico-ninas-y-adolescentes-las-mas-vulnerables-ante-la-violencia-feminicida-y-el-desplazamiento-forzado\/","title":{"rendered":"8M EN M\u00c9XICO: Ni\u00f1as y adolescentes, las m\u00e1s vulnerables ante la violencia feminicida y el desplazamiento forzado"},"content":{"rendered":"\n<p><strong>Ellas representan el 92.8 por ciento de las v\u00edctimas de violencia sexual atendidas en hospitales entre 1 y 17 a\u00f1os, el 66.6 por ciento de las personas menores de edad reportadas como desaparecidas y el 73.4 por ciento de las v\u00edctimas de trata en la infancia y adolescencia.<\/strong><\/p>\n\n\n\n<p>Tomado de El Imparcial<\/p>\n\n\n\n<p>Claudia Ulloa&nbsp;<\/p>\n\n\n\n<p>Domingo 8 de marzo de 2026<\/p>\n\n\n\n<p>M\u00c9XICO.- Durante la conmemoraci\u00f3n del D\u00eda Internacional de la Mujer (8M), la Red por los Derechos de la Infancia en M\u00e9xico (Redim) present\u00f3 un an\u00e1lisis que visibiliza las desigualdades estructurales que enfrentan las ni\u00f1as y adolescentes en el pa\u00eds.<\/p>\n\n\n\n<p>De acuerdo con la organizaci\u00f3n, este sector representa el 49.3 por ciento de la poblaci\u00f3n de cero a 17 a\u00f1os, pero concentra la mayor\u00eda de los casos en delitos de alto impacto.<\/p>\n\n\n\n<p>El informe de Redim tambi\u00e9n revela que la violencia no solo ocurre en el \u00e1mbito familiar o comunitario, sino tambi\u00e9n en espacios cotidianos como la escuela y el entorno digital.<\/p>\n\n\n\n<p>A nivel nacional, el porcentaje de estudiantes de 12 a 17 a\u00f1os que han sido v\u00edctimas de acoso escolar es mayor entre las mujeres que entre los hombres.<\/p>\n\n\n\n<p>La misma tendencia se observa en el ciberacoso y el ciberacoso sexual, donde las adolescentes son las principales afectadas.<\/p>\n\n\n\n<p><strong>Alerta de Violencia de G\u00e9nero: \u00bfUn mecanismo en retroceso?<\/strong><\/p>\n\n\n\n<p>Mientras las cifras de violencia contra ni\u00f1as y mujeres aumentan, los mecanismos dise\u00f1ados para protegerlas enfrentan un debilitamiento preocupante.<\/p>\n\n\n\n<p>As\u00ed lo denunci\u00f3 el Observatorio Ciudadano Nacional del Feminicidio (OCNF), que advirti\u00f3 que la Alerta de Violencia de G\u00e9nero contra las Mujeres (AVGM) se encuentra \u201cdebilitada, opaca e ineficiente\u201d.<\/p>\n\n\n\n<p>La AVGM es uno de los instrumentos m\u00e1s importantes del Estado mexicano para enfrentar las violencias graves contra mujeres, ni\u00f1as y adolescentes.<\/p>\n\n\n\n<p>Sin embargo, el OCNF se\u00f1ala que a un a\u00f1o de que la Secretar\u00eda de las Mujeres asumiera su seguimiento, no se observan avances significativos.<\/p>\n\n\n\n<p>El punto m\u00e1s cr\u00edtico, seg\u00fan el observatorio, es la reciente reforma al art\u00edculo 23 de la Ley General de Acceso de las Mujeres a una Vida Libre de Violencia.<\/p>\n\n\n\n<p>Esta modificaci\u00f3n elimin\u00f3 la obligaci\u00f3n expresa de que los estados con alerta activa informen cada seis meses sobre el cumplimiento de las medidas.<\/p>\n\n\n\n<p>Ahora, los informes quedan sujetos a lo que determine un sistema nacional que, en la pr\u00e1ctica, \u201cha demostrado ser ineficiente y ajeno a las problem\u00e1ticas estatales\u201d.<\/p>\n\n\n\n<p>El OCNF record\u00f3 que este sistema ya hab\u00eda mostrado su inacci\u00f3n en el pasado, cuando ten\u00eda la facultad de iniciar investigaciones para declarar la AVGM, atribuci\u00f3n que nunca ejerci\u00f3 ni una sola vez.<\/p>\n\n\n\n<figure class=\"wp-block-embed is-type-video is-provider-youtube wp-block-embed-youtube wp-embed-aspect-16-9 wp-has-aspect-ratio\"><div class=\"wp-block-embed__wrapper\">\n<iframe loading=\"lazy\" title=\"\u2b55\ufe0f  Mensaje de ni\u00f1as y adolescentes a las autoridades mexicanas I parte\" width=\"1170\" height=\"658\" src=\"https:\/\/www.youtube.com\/embed\/F4DY1XcIi4c?feature=oembed\" frameborder=\"0\" allow=\"accelerometer; autoplay; clipboard-write; encrypted-media; gyroscope; picture-in-picture; web-share\" referrerpolicy=\"strict-origin-when-cross-origin\" allowfullscreen><\/iframe>\n<\/div><\/figure>\n\n\n\n<p><strong>Lo que estamos viendo no es un fortalecimiento del Estado frente a la violencia feminicida, sino un debilitamiento de los mecanismos que costaron a\u00f1os de lucha construir. Quitar la obligatoriedad de los informes, centralizar decisiones sin rendici\u00f3n de cuentas y plantear el levantamiento de Alertas sin evaluaciones p\u00fablicas y t\u00e9cnicas es un mensaje claro de retroceso en la protecci\u00f3n de los derechos de las mujeres\u201c.<\/strong><\/p>\n\n\n\n<p>\u2014&nbsp; Mar\u00eda de la Luz Estrada, directora del OCNF.<\/p>\n\n\n\n<p>Mujeres ind\u00edgenas y desplazamiento forzado<\/p>\n\n\n\n<p>La organizaci\u00f3n Voces del Territorio de M\u00e9xico, que agrupa a mujeres ind\u00edgenas, expuso c\u00f3mo el desplazamiento forzado afecta de manera particular a las mujeres de comunidades originarias.<\/p>\n\n\n\n<p>De acuerdo con la organizaci\u00f3n, las mujeres desplazadas no solo pierden su hogar y su territorio, sino tambi\u00e9n su red comunitaria, su seguridad y los espacios donde ejerc\u00edan roles fundamentales de cuidados, creaci\u00f3n, preservaci\u00f3n y continuaci\u00f3n del modo de vida comunitario y familiar.<\/p>\n\n\n\n<p>El Centro de Derechos Humanos Fray Bartolom\u00e9 de las Casas ha documentado que el desplazamiento coloca a las mujeres en un escenario de m\u00faltiples riesgos.<\/p>\n\n\n\n<p>Al asumir la jefatura del hogar tras la desaparici\u00f3n, muerte o separaci\u00f3n de sus parejas, triplican las tareas de cuidado de hijos, personas adultas mayores y familiares enfermos, en contextos de precariedad extrema.<\/p>\n\n\n\n<p>La Organizaci\u00f3n Mundial de la Salud (OMS) ha se\u00f1alado que los contextos de conflicto y movilidad forzada incrementan significativamente la violencia basada en g\u00e9nero. Las mujeres desplazadas enfrentan:<\/p>\n\n\n\n<p><strong>P\u00e9rdida de su hogar y proyecto de vida.<\/strong><\/p>\n\n\n\n<p><strong>Precariedad econ\u00f3mica y falta de oportunidades laborales.<\/strong><\/p>\n\n\n\n<p><strong>Barreras en el acceso a servicios de salud, incluyendo salud sexual y reproductiva.<\/strong><\/p>\n\n\n\n<p><strong>Afectaciones profundas a su bienestar emocional, con altos niveles de estr\u00e9s, ansiedad y depresi\u00f3n.<\/strong><\/p>\n\n\n\n<p><strong>Mayor exposici\u00f3n a violencia f\u00edsica, psicol\u00f3gica y sexual en entornos temporales y albergues.<\/strong><\/p>\n\n\n\n<figure class=\"wp-block-image size-full\"><img loading=\"lazy\" loading=\"lazy\" decoding=\"async\" width=\"1200\" height=\"675\" src=\"https:\/\/www.regioncuatronoticias.com\/wp-content\/uploads\/2026\/03\/image-19.png\" alt=\"\" class=\"wp-image-39079\" srcset=\"https:\/\/www.regioncuatronoticias.com\/wp-content\/uploads\/2026\/03\/image-19.png 1200w, https:\/\/www.regioncuatronoticias.com\/wp-content\/uploads\/2026\/03\/image-19-640x360.png 640w, https:\/\/www.regioncuatronoticias.com\/wp-content\/uploads\/2026\/03\/image-19-768x432.png 768w, https:\/\/www.regioncuatronoticias.com\/wp-content\/uploads\/2026\/03\/image-19-860x484.png 860w\" sizes=\"auto, (max-width: 1200px) 100vw, 1200px\" \/><\/figure>\n\n\n\n<p>Foto: Forbes.<\/p>\n\n\n\n<p><strong>\u00bfQu\u00e9 se necesita para atender a las mujeres desplazadas?<\/strong><\/p>\n\n\n\n<p>Voces del Territorio plante\u00f3 que las pol\u00edticas p\u00fablicas y las intervenciones humanitarias deben incorporar un enfoque de g\u00e9nero integral que garantice:<\/p>\n\n\n\n<p><strong>Acceso a servicios de salud incluyendo salud sexual y reproductiva.<\/strong><\/p>\n\n\n\n<p><strong>Mecanismos de prevenci\u00f3n y atenci\u00f3n de la violencia de g\u00e9nero.<\/strong><\/p>\n\n\n\n<p><strong>Acompa\u00f1amiento psicosocial con perspectiva cultural, que reconozca las particularidades de las comunidades ind\u00edgenas.<\/strong><\/p>\n\n\n\n<p><strong>Procesos de reparaci\u00f3n integral y acceso a la justicia para las v\u00edctimas.<\/strong><\/p>\n\n\n\n<p><strong>Orientaci\u00f3n hacia la reconstrucci\u00f3n del proyecto de vida de las mujeres desplazadas.<\/strong><\/p>\n\n\n\n<p>\u201cLa atenci\u00f3n a mujeres desplazadas no debe limitarse a la asistencia inmediata, sino orientarse hacia la reconstrucci\u00f3n de su proyecto de vida, reconociendo su papel como agentes fundamentales en la resiliencia y reconstrucci\u00f3n comunitaria\u201d, subray\u00f3 la organizaci\u00f3n.<\/p>\n\n\n\n<p>Las denuncias de Redim, el OCNF y Voces del Territorio se enmarcan en un 8M donde colectivos feministas, organizaciones civiles y ciudadanas saldr\u00e1n a las calles de todo el pa\u00eds para exigir acciones concretas contra la violencia de g\u00e9nero.<\/p>\n\n\n\n<p>De acuerdo con el Secretariado Ejecutivo del Sistema Nacional de Seguridad P\u00fablica, en 2024 se registraron m\u00e1s de 800 feminicidios en M\u00e9xico, aunque organizaciones civiles se\u00f1alan que la cifra negra podr\u00eda ser mucho mayor debido a la falta de investigaci\u00f3n adecuada de muchos homicidios de mujeres.<\/p>\n\n\n\n<p>Adem\u00e1s, el Registro Nacional de Personas Desaparecidas y No Localizadas reporta que miles de ni\u00f1as y adolescentes contin\u00faan en calidad de desaparecidas, muchas de ellas v\u00edctimas de redes de trata con fines de explotaci\u00f3n sexual.<\/p>\n\n\n\n<p>Las organizaciones civiles coinciden en que el 8M no debe ser solo una fecha de conmemoraci\u00f3n, sino un recordatorio de que las deudas del Estado mexicano con las ni\u00f1as, adolescentes y mujeres siguen vigentes y requieren acciones inmediatas para evitar m\u00e1s v\u00edctimas de la violencia feminicida, la desaparici\u00f3n, la trata y el desplazamiento forzado.<\/p>\n\n\n\n<p><a href=\"https:\/\/www.elimparcial.com\/mexico\/2026\/03\/08\/8m-en-mexico-ninas-y-adolescentes-las-mas-vulnerables-ante-la-violencia-feminicida-y-el-desplazamiento-forzado\">https:\/\/www.elimparcial.com\/mexico\/2026\/03\/08\/8m-en-mexico-ninas-y-adolescentes-las-mas-vulnerables-ante-la-violencia-feminicida-y-el-desplazamiento-forzado<\/a><\/p>\n","protected":false},"excerpt":{"rendered":"<p>Ellas representan el 92.8 por ciento de las v\u00edctimas de violencia sexual atendidas en hospitales entre 1 y 17 a\u00f1os, el 66.6 por ciento de las personas menores de edad reportadas como desaparecidas y el 73.4 por ciento de las v\u00edctimas de trata en la infancia y adolescencia. Tomado de El Imparcial Claudia Ulloa&nbsp; Domingo [&hellip;]<\/p>\n","protected":false},"author":1,"featured_media":39080,"comment_status":"open","ping_status":"open","sticky":false,"template":"","format":"standard","meta":{"content-type":"","footnotes":""},"categories":[3,115,105],"tags":[],"class_list":{"0":"post-39078","1":"post","2":"type-post","3":"status-publish","4":"format-standard","5":"has-post-thumbnail","7":"category-mexico","8":"category-politica","9":"category-principal"},"_links":{"self":[{"href":"https:\/\/www.regioncuatronoticias.com\/index.php\/wp-json\/wp\/v2\/posts\/39078","targetHints":{"allow":["GET"]}}],"collection":[{"href":"https:\/\/www.regioncuatronoticias.com\/index.php\/wp-json\/wp\/v2\/posts"}],"about":[{"href":"https:\/\/www.regioncuatronoticias.com\/index.php\/wp-json\/wp\/v2\/types\/post"}],"author":[{"embeddable":true,"href":"https:\/\/www.regioncuatronoticias.com\/index.php\/wp-json\/wp\/v2\/users\/1"}],"replies":[{"embeddable":true,"href":"https:\/\/www.regioncuatronoticias.com\/index.php\/wp-json\/wp\/v2\/comments?post=39078"}],"version-history":[{"count":1,"href":"https:\/\/www.regioncuatronoticias.com\/index.php\/wp-json\/wp\/v2\/posts\/39078\/revisions"}],"predecessor-version":[{"id":39081,"href":"https:\/\/www.regioncuatronoticias.com\/index.php\/wp-json\/wp\/v2\/posts\/39078\/revisions\/39081"}],"wp:featuredmedia":[{"embeddable":true,"href":"https:\/\/www.regioncuatronoticias.com\/index.php\/wp-json\/wp\/v2\/media\/39080"}],"wp:attachment":[{"href":"https:\/\/www.regioncuatronoticias.com\/index.php\/wp-json\/wp\/v2\/media?parent=39078"}],"wp:term":[{"taxonomy":"category","embeddable":true,"href":"https:\/\/www.regioncuatronoticias.com\/index.php\/wp-json\/wp\/v2\/categories?post=39078"},{"taxonomy":"post_tag","embeddable":true,"href":"https:\/\/www.regioncuatronoticias.com\/index.php\/wp-json\/wp\/v2\/tags?post=39078"}],"curies":[{"name":"wp","href":"https:\/\/api.w.org\/{rel}","templated":true}]}}