{"id":39073,"date":"2026-03-08T00:39:03","date_gmt":"2026-03-08T07:39:03","guid":{"rendered":"https:\/\/www.regioncuatronoticias.com\/?p=39073"},"modified":"2026-03-08T16:43:23","modified_gmt":"2026-03-08T23:43:23","slug":"si-somos-leales-el-movimiento-nos-garantizara-vida-politica-mas-alla-de-2027-durazo-pide-al-pvem-y-pt-votar-por-la-reforma-electoral","status":"publish","type":"post","link":"https:\/\/www.regioncuatronoticias.com\/index.php\/2026\/03\/08\/si-somos-leales-el-movimiento-nos-garantizara-vida-politica-mas-alla-de-2027-durazo-pide-al-pvem-y-pt-votar-por-la-reforma-electoral\/","title":{"rendered":"\u201cSi somos leales, el movimiento nos garantizar\u00e1 vida pol\u00edtica m\u00e1s all\u00e1 de 2027\u201d: Durazo; pide al PVEM y PT votar por la reforma electoral"},"content":{"rendered":"\n<p><strong>Durante su mensaje hizo un llamado a respaldar la iniciativa de Sheinbaum y advirti\u00f3 que cuidar los principios del partido es \u201ccuidar el futuro de M\u00e9xico\u201d<\/strong><\/p>\n\n\n\n<p>Tomado de Latinus<\/p>\n\n\n\n<p>Amado Azueta<\/p>\n\n\n\n<p>S\u00e1bado 7 de marzo de 2026<\/p>\n\n\n\n<p>Al iniciar los trabajos del VII Consejo Nacional de Morena, su presidente, Alfonso Durazo, llam\u00f3 a la disciplina interna, pidi\u00f3 apoyar la reforma electoral de la presidenta y ofreci\u00f3 a aliados y militantes continuidad en su trayectoria pol\u00edtica \u201cm\u00e1s all\u00e1 de 2027\u201d a cambio de demostrar lealtad al movimiento.<\/p>\n\n\n\n<p>\u201cNadie ganar\u00e1 nada denigrando a los compa\u00f1eros de aspiraciones y mucho menos al movimiento y a sus gobiernos. Les recuerdo que el movimiento nos necesita a todos y que en pol\u00edtica la distancia m\u00e1s corta entre dos cargos no es necesariamente una l\u00ednea recta. Si les somos leales, el movimiento nos garantizar\u00e1 con generosidad vida pol\u00edtica mucho m\u00e1s all\u00e1 del 2027\u201d, dijo.<\/p>\n\n\n\n<p>Al iniciar los trabajos para determinar las reglas para elegir candidatos a los comicios de 2027, el tambi\u00e9n gobernador de Sonora record\u00f3 a sus correligionarios que la reforma electoral no solo es una propuesta presidencial; se trata del futuro del partido.<\/p>\n\n\n\n<p>\u201cPero va m\u00e1s all\u00e1, sentar\u00eda nuevos cimientos y representar\u00eda un jal\u00f3n de fondo para el cambio de r\u00e9gimen, objetivo vital de nuestro proyecto pol\u00edtico. Por ello, nuestra convocatoria a conseguir su aprobaci\u00f3n\u201d, dijo.<\/p>\n\n\n\n<p>Tambi\u00e9n llamo a \u201ccuidar\u201d la coalici\u00f3n con el PT y PVEM: \u201cNo es una simple suma de votos, sino un entendimiento estrat\u00e9gico\u201d y \u201cno es un lujo\u201d<\/p>\n\n\n\n<p>\u201cLa complejidad (elecciones 2027) es evidente, ya no hay campa\u00f1as color de rosa. M\u00e1s bien sucede lo contrario. Est\u00e1n llenas de veneno. En estas condiciones, la unidad no es un lujo organizativo, es una condici\u00f3n estrat\u00e9gica para enfrentar exitosamente el horizonte electoral exigente que ya delinea el 2027\u201d, dijo.<\/p>\n\n\n\n<p>Los cientos de consejeros de Morena apoyaron la propuesta de, que los partidos de coalici\u00f3n se sumen a la propuesta electoral y dejen de lado los intereses personales.<\/p>\n\n\n\n<p>&#8220;Quede claro, aqu\u00ed no se juega el destino de una aspiraci\u00f3n pol\u00edtica personal. Se equivoca profundamente quien as\u00ed lo crea. Aqu\u00ed se juega la fortaleza de Morena en los pr\u00f3ximos a\u00f1os\u201d, dijo.<\/p>\n\n\n\n<p>En su turno, la presidenta nacional de Morena, Luisa Mar\u00eda Alcalde, realiz\u00f3 un resumen de actividades de su gesti\u00f3n, destacando que el n\u00famero de mexicanos afiliados al partido ya suma 12 millones de mexicanos.<\/p>\n\n\n\n<p>\u201cHoy, gracias a la tarea de muchas y muchos compa\u00f1eros, estamos llegando a 12 millones 250 mil afiliadas y afiliados. De acuerdo con el porcentaje de votaci\u00f3n, somos el segundo partido m\u00e1s grande del mundo y el n\u00famero uno en participaci\u00f3n de mujeres\u201d, asegur\u00f3.<\/p>\n\n\n\n<p>Tras los pronunciamientos pol\u00edticos, el Consejo Nacional de Morena estableci\u00f3 el mes de junio para elegir a los \u201cCoordinadores Estatales\u201d, nombre que utiliza el partido para definir a los candidatos que representar\u00e1n al partido de cara a los comicios de 2027.<\/p>\n\n\n\n<p><a href=\"https:\/\/latinus.us\/mexico\/2026\/3\/7\/si-somos-leales-el-movimiento-nos-garantizara-vida-politica-mas-alla-de-2027-durazo-pide-al-pvem-pt-que-voten-por-la-reforma-electoral-166362.html\">https:\/\/latinus.us\/mexico\/2026\/3\/7\/si-somos-leales-el-movimiento-nos-garantizara-vida-politica-mas-alla-de-2027-durazo-pide-al-pvem-pt-que-voten-por-la-reforma-electoral-166362.html<\/a><\/p>\n\n\n\n<p><\/p>\n\n\n\n<p><strong>FIJA MORENA CALENDARIO PARA ELEGIR CANDIDATURAS RUMBO A 2027<\/strong><\/p>\n\n\n\n<p><strong>-El Consejo Nacional de Morena fij\u00f3 fechas y reglas para la selecci\u00f3n de perfiles rumbo a los comicios de 2027. El proceso comenzar\u00e1 en junio y se realizar\u00e1 por encuestas.<\/strong><\/p>\n\n\n\n<p><strong>&#8211;Gubernaturas se decidir\u00e1n en junio<\/strong><\/p>\n\n\n\n<p>Tomado de El Financiero<\/p>\n\n\n\n<p>Redacci\u00f3n<\/p>\n\n\n\n<p>S\u00e1bado 7 de marzo de 2026<\/p>\n\n\n\n<p>El Consejo Nacional de Morena acord\u00f3 este s\u00e1bado el calendario y las reglas para seleccionar a sus candidaturas rumbo a los pr\u00f3ximos procesos electorales de 2027, incluidas las 17 gubernaturas que se elegir\u00e1n, cuya designaci\u00f3n est\u00e1 prevista para el 22 de junio.<\/p>\n\n\n\n<p>Durante la sesi\u00f3n, que se llev\u00f3 a cabo en la Ciudad de M\u00e9xico, la dirigencia del partido present\u00f3 el calendario para definir las coordinaciones territoriales, una figura interna que posteriormente se convertir\u00e1 en las candidaturas oficiales para los distintos cargos de elecci\u00f3n popular.<\/p>\n\n\n\n<p>De acuerdo con la ruta aprobada, el proceso comenzar\u00e1 el 22 de junio con la selecci\u00f3n de las coordinaciones estatales en 17 entidades. Posteriormente, se realizar\u00e1n otras fases de designaci\u00f3n territorial dentro de la estructura partidista.<\/p>\n\n\n\n<p>El calendario establece que el 3 de agosto se elegir\u00e1n las coordinaciones distritales federales; el 21 de septiembre, las coordinaciones municipales; y finalmente, el 8 de noviembre, las coordinaciones distritales locales.<\/p>\n\n\n\n<p><strong>As\u00ed ser\u00e1 el m\u00e9todo de selecci\u00f3n de los candidatos de Morena<\/strong><\/p>\n\n\n\n<p>Morena ratific\u00f3 que el m\u00e9todo para elegir a sus perfiles ser\u00e1 mediante encuestas, el mismo mecanismo que el partido ha utilizado en procesos anteriores. El procedimiento consta de cuatro etapas:<\/p>\n\n\n\n<p>Convocatoria: el Comit\u00e9 Ejecutivo Nacional publicar\u00e1 la convocatoria y abrir\u00e1 el registro de aspirantes.<\/p>\n\n\n\n<p>Filtro: si se registran m\u00e1s de seis personas para una misma posici\u00f3n, se realizar\u00e1 un sondeo preliminar para identificar a los seis perfiles con mayor reconocimiento territorial.<\/p>\n\n\n\n<p>Encuestas: se aplicar\u00e1n encuestas para medir la aceptaci\u00f3n ciudadana y valorar atributos como honestidad, cercan\u00eda con la gente, conocimiento y trabajo territorial.<\/p>\n\n\n\n<p>Selecci\u00f3n: la persona con mejor resultado ser\u00e1 nombrada coordinadora o coordinador de Defensa de la Transformaci\u00f3n en el \u00e1mbito correspondiente, figura que posteriormente se convertir\u00e1 en candidatura.<\/p>\n\n\n\n<p><strong>No \u2018fake news\u2019 ni eventos masivos: Morena establece reglas para aspirantes<\/strong><\/p>\n\n\n\n<p>El partido tambi\u00e9n dio a conocer una serie de restricciones para quienes busquen participar en el proceso interno, con el objetivo de evitar actos anticipados de campa\u00f1a y pr\u00e1cticas que puedan afectar la equidad.<\/p>\n\n\n\n<p>Entre las principales reglas se establece que las personas aspirantes <strong>NO PODR\u00c1N:<\/strong><\/p>\n\n\n\n<p><strong>-Promover su imagen mediante anuncios espectaculares o publicidad similar.<\/strong><\/p>\n\n\n\n<p><strong>-Realizar actos anticipados de campa\u00f1a o violar la legislaci\u00f3n electoral.<\/strong><\/p>\n\n\n\n<p><strong>-Utilizar recursos p\u00fablicos de cualquier naturaleza.<\/strong><\/p>\n\n\n\n<p><strong>-Entregar d\u00e1divas, despensas, art\u00edculos electr\u00f3nicos o cualquier tipo de beneficio.<\/strong><\/p>\n\n\n\n<p><strong>-Organizar eventos masivos u ostentosos para promover su aspiraci\u00f3n.<\/strong><\/p>\n\n\n\n<p><strong>-Emitir expresiones de descalificaci\u00f3n o agresi\u00f3n contra otros participantes.<\/strong><\/p>\n\n\n\n<p><strong>-Difundir informaci\u00f3n falsa o manipulada sobre adversarios o sobre el propio proceso interno.<\/strong><\/p>\n\n\n\n<p><strong>-Promover campa\u00f1as de acoso o linchamiento digital en redes sociales.<\/strong><\/p>\n\n\n\n<p><strong>-Simular pertenencia a grupos vulnerables para obtener ventajas pol\u00edticas.<\/strong><\/p>\n\n\n\n<p>Asimismo, los aspirantes deber\u00e1n registrarse por v\u00eda electr\u00f3nica, presentar la documentaci\u00f3n requerida y comprometerse a aceptar los resultados del proceso interno.<\/p>\n\n\n\n<p>La Comisi\u00f3n Nacional de Elecciones ser\u00e1 la instancia encargada de validar los registros, revisar los requisitos y valorar la trayectoria pol\u00edtica y el reconocimiento territorial de las personas interesadas.<\/p>\n\n\n\n<p><a href=\"https:\/\/www.elfinanciero.com.mx\/nacional\/2026\/03\/07\/morena-define-calendario-para-elegir-candidaturas-rumbo-a-2027-gubernaturas-se-decidiran-en-junio\">https:\/\/www.elfinanciero.com.mx\/nacional\/2026\/03\/07\/morena-define-calendario-para-elegir-candidaturas-rumbo-a-2027-gubernaturas-se-decidiran-en-junio<\/a><\/p>\n","protected":false},"excerpt":{"rendered":"<p>Durante su mensaje hizo un llamado a respaldar la iniciativa de Sheinbaum y advirti\u00f3 que cuidar los principios del partido es \u201ccuidar el futuro de M\u00e9xico\u201d Tomado de Latinus Amado Azueta S\u00e1bado 7 de marzo de 2026 Al iniciar los trabajos del VII Consejo Nacional de Morena, su presidente, Alfonso Durazo, llam\u00f3 a la disciplina [&hellip;]<\/p>\n","protected":false},"author":1,"featured_media":39074,"comment_status":"open","ping_status":"open","sticky":false,"template":"","format":"standard","meta":{"content-type":"","footnotes":""},"categories":[3,115,105],"tags":[],"class_list":{"0":"post-39073","1":"post","2":"type-post","3":"status-publish","4":"format-standard","5":"has-post-thumbnail","7":"category-mexico","8":"category-politica","9":"category-principal"},"_links":{"self":[{"href":"https:\/\/www.regioncuatronoticias.com\/index.php\/wp-json\/wp\/v2\/posts\/39073","targetHints":{"allow":["GET"]}}],"collection":[{"href":"https:\/\/www.regioncuatronoticias.com\/index.php\/wp-json\/wp\/v2\/posts"}],"about":[{"href":"https:\/\/www.regioncuatronoticias.com\/index.php\/wp-json\/wp\/v2\/types\/post"}],"author":[{"embeddable":true,"href":"https:\/\/www.regioncuatronoticias.com\/index.php\/wp-json\/wp\/v2\/users\/1"}],"replies":[{"embeddable":true,"href":"https:\/\/www.regioncuatronoticias.com\/index.php\/wp-json\/wp\/v2\/comments?post=39073"}],"version-history":[{"count":3,"href":"https:\/\/www.regioncuatronoticias.com\/index.php\/wp-json\/wp\/v2\/posts\/39073\/revisions"}],"predecessor-version":[{"id":39083,"href":"https:\/\/www.regioncuatronoticias.com\/index.php\/wp-json\/wp\/v2\/posts\/39073\/revisions\/39083"}],"wp:featuredmedia":[{"embeddable":true,"href":"https:\/\/www.regioncuatronoticias.com\/index.php\/wp-json\/wp\/v2\/media\/39074"}],"wp:attachment":[{"href":"https:\/\/www.regioncuatronoticias.com\/index.php\/wp-json\/wp\/v2\/media?parent=39073"}],"wp:term":[{"taxonomy":"category","embeddable":true,"href":"https:\/\/www.regioncuatronoticias.com\/index.php\/wp-json\/wp\/v2\/categories?post=39073"},{"taxonomy":"post_tag","embeddable":true,"href":"https:\/\/www.regioncuatronoticias.com\/index.php\/wp-json\/wp\/v2\/tags?post=39073"}],"curies":[{"name":"wp","href":"https:\/\/api.w.org\/{rel}","templated":true}]}}