{"id":39066,"date":"2026-03-08T00:00:52","date_gmt":"2026-03-08T07:00:52","guid":{"rendered":"https:\/\/www.regioncuatronoticias.com\/?p=39066"},"modified":"2026-03-08T00:09:13","modified_gmt":"2026-03-08T07:09:13","slug":"trump-mexico-epicentro-de-la-violencia-de-los-carteles-sheinbaum-pide-cabeza-fria-ante-esta-afirmacion","status":"publish","type":"post","link":"https:\/\/www.regioncuatronoticias.com\/index.php\/2026\/03\/08\/trump-mexico-epicentro-de-la-violencia-de-los-carteles-sheinbaum-pide-cabeza-fria-ante-esta-afirmacion\/","title":{"rendered":"Trump: \u201cM\u00e9xico, epicentro de la violencia de los c\u00e1rteles\u201d; Sheinbaum pide cabeza fr\u00eda ante esta afirmaci\u00f3n"},"content":{"rendered":"\n<p><strong>&#8220;Ella (la presidenta de M\u00e9xico) una muy buena persona, ella tiene una voz hermosa, es una hermosa mujer. Pero con una voz hermosa. &#8216;Presidenta, presidenta&#8217;, le dije, &#8216;d\u00e9jeme erradicar a los carteles&#8217;. (Contest\u00f3): &#8216;no, no, no&#8217;. Por favor, presidenta, tenemos que erradicarlos&#8221;, expres\u00f3 Trump.<\/strong><\/p>\n\n\n\n<p>Tomado de Aristegui Noticias<\/p>\n\n\n\n<p>Redacci\u00f3n AN \/ LP<\/p>\n\n\n\n<p>S\u00e1bado 7 de marzo de 2026<\/p>\n\n\n\n<p>El presidente estadounidense, Donald Trump, afirm\u00f3 este s\u00e1bado en su cumbre con l\u00edderes latinoamericanos \u2018Escudo de las Am\u00e9ricas\u2019 que \u201cM\u00e9xico es el epicentro de la violencia de los c\u00e1rteles\u201c, aunque afirm\u00f3 que la mandataria mexicana, Claudia Sheinbaum, es una \u201cmuy buena persona\u201d con una \u201cvoz hermosa\u201d.<\/p>\n\n\n\n<p>\u201cComo parte de nuestro compromiso para contrarrestar la presencia de los carteles en la regi\u00f3n, debemos reconocer que el epicentro de la violencia de los carteles es M\u00e9xico\u201d, declar\u00f3 Trump al inaugurar su reuni\u00f3n con m\u00e1s de una decena de mandatarios latinoamericanos, pero a la que no invit\u00f3 a Sheinbaum.<\/p>\n\n\n\n<p>El l\u00edder republicano, quien antes amenaz\u00f3 con bombardear a narcotraficantes en M\u00e9xico, insisti\u00f3 en Miami en que los \u201ccarteles mexicanos est\u00e1n impulsando y orquestando mucha del derrame de sangre y caos en el hemisferio\u201d.<\/p>\n\n\n\n<p>Por ello, avis\u00f3 que el \u201cGobierno de Estados Unidos har\u00e1 lo que sea necesario para defender la seguridad nacional y proteger la seguridad del pueblo estadounidense\u201d.<\/p>\n\n\n\n<p>Trump hizo estas declaraciones tras anunciar este s\u00e1bado una nueva \u201ccoalici\u00f3n militar\u201d en Latinoam\u00e9rica contra los carteles del narcotr\u00e1fico durante su cumbre en Miami con l\u00edderes de derecha de la regi\u00f3n, pero a la que no invit\u00f3 a Sheinbaum ni a representantes de pa\u00edses como Colombia o Brasil.<\/p>\n\n\n\n<p>La reuni\u00f3n ocurre tras la captura y muerte en febrero del l\u00edder del C\u00e1rtel Jalisco Nueva Generaci\u00f3n (CJNG), Nemesio Oseguera Cervantes, El Mencho, el capo mexicano del narcotr\u00e1fico m\u00e1s buscado por ambos pa\u00edses, con ayuda de inteligencia estadounidense.<\/p>\n\n\n\n<p>A\u00fan as\u00ed, Trump sostuvo que \u201clos carteles est\u00e1n empeorando, est\u00e1n tomando control de su pa\u00eds y los carteles est\u00e1n dirigiendo M\u00e9xico\u201d.<\/p>\n\n\n\n<p>Por ello, record\u00f3 que en sus llamadas con Sheinbaum ha insistido en que Estados Unidos debe bombardear o enviar tropas estadounidenses para combatir a los c\u00e1rteles mexicanos.<\/p>\n\n\n\n<p>\u201cElla (la presidenta de M\u00e9xico) una muy buena persona, ella tiene una voz hermosa, es una hermosa mujer. Pero con una voz hermosa. \u2018Presidenta, presidenta\u2019, le dije, \u2018d\u00e9jeme erradicar a los carteles\u2019. (Contest\u00f3): \u2018no, no, no\u2019. Por favor, presidenta, tenemos que erradicarlos\u201d, relat\u00f3.<\/p>\n\n\n\n<p>En la iniciativa \u2018Escudo de las Am\u00e9ricas\u2019 de Trump, casi 20 pa\u00edses de Latinoam\u00e9rica y el Caribe prometieron cooperar con EE.UU. para combatir con fuerza militar a los \u201cnarcoterroristas\u201d.<\/p>\n\n\n\n<p><strong>Cuba est\u00e1 \u201cen sus \u00faltimos momentos\u201d<\/strong><\/p>\n\n\n\n<p>El presidente Trump tambi\u00e9n asegur\u00f3 que Cuba se encuentra en \u201csus \u00faltimos momentos de vida\u201d, pero afirm\u00f3 que est\u00e1 negociando con La Habana y que tendr\u00e1 \u201cuna gran vida nueva\u201d.<\/p>\n\n\n\n<p>\u201cCuba est\u00e1 en sus \u00faltimos momentos de vida tal como es ahora. Tendr\u00e1 una gran vida nueva, pero est\u00e1 en sus \u00faltimos momentos de vida tal como es\u201d, expres\u00f3 el mandatario durante la cumbre.<\/p>\n\n\n\n<p>Trump asegur\u00f3 que espera \u201ccon entusiasmo el gran cambio que pronto llegar\u00e1 a Cuba\u201d, pero tambi\u00e9n se\u00f1al\u00f3 que su \u201cenfoque ahora mismo\u201d est\u00e1 en la guerra de Ir\u00e1n.<\/p>\n\n\n\n<p>Tambi\u00e9n dijo que \u00e9l mismo y su secretario de Estado, Marco Rubio, est\u00e1n \u201cnegociando\u201d con el Gobierno de La Habana.<\/p>\n\n\n\n<p>\u201cYo pensar\u00eda que un acuerdo con Cuba se har\u00eda muy f\u00e1cilmente, pero durante 50 a\u00f1os he estado oyendo hablar de Cuba; desde que era un ni\u00f1o peque\u00f1o escuchaba sobre Cuba\u201d, declar\u00f3.<\/p>\n\n\n\n<figure class=\"wp-block-image size-full\"><img loading=\"lazy\" loading=\"lazy\" decoding=\"async\" width=\"700\" height=\"467\" src=\"https:\/\/www.regioncuatronoticias.com\/wp-content\/uploads\/2026\/03\/image-17.png\" alt=\"\" class=\"wp-image-39069\" srcset=\"https:\/\/www.regioncuatronoticias.com\/wp-content\/uploads\/2026\/03\/image-17.png 700w, https:\/\/www.regioncuatronoticias.com\/wp-content\/uploads\/2026\/03\/image-17-640x427.png 640w, https:\/\/www.regioncuatronoticias.com\/wp-content\/uploads\/2026\/03\/image-17-330x220.png 330w, https:\/\/www.regioncuatronoticias.com\/wp-content\/uploads\/2026\/03\/image-17-420x280.png 420w, https:\/\/www.regioncuatronoticias.com\/wp-content\/uploads\/2026\/03\/image-17-615x410.png 615w\" sizes=\"auto, (max-width: 700px) 100vw, 700px\" \/><\/figure>\n\n\n\n<p><strong>Trump reconoce formalmente al Gobierno de Delcy Rodr\u00edguez<\/strong><\/p>\n\n\n\n<p>Durante su discurso, Trump dijo que esta semana ha reconocido formalmente al Gobierno de Delcy Rodr\u00edguez en Venezuela, al restablecer las relaciones diplom\u00e1ticas entre ambas naciones.<\/p>\n\n\n\n<p>\u201cMe complace decir que esta semana, hemos formalmente reconocido al Gobierno venezolano. De hecho, lo hemos reconocido legalmente\u201d, indic\u00f3 Trump en su discurso inaugural de su iniciativa \u2018Escudo de las Am\u00e9ricas\u2019 en Miami, a donde invit\u00f3 a m\u00e1s de una decena de l\u00edderes de derecha de la regi\u00f3n.<\/p>\n\n\n\n<p>El mandatario estadounidense se refiri\u00f3 al anuncio de Washington y Caracas el jueves, cuando acordaron reanudar las relaciones diplom\u00e1ticas y consulares tras la intervenci\u00f3n militar de EE.UU. en Venezuela que deriv\u00f3 en la captura del gobernante venezolano, Nicol\u00e1s Maduro, el 3 de enero y en el subsecuente nombramiento de Rodr\u00edguez.<\/p>\n\n\n\n<p>El l\u00edder republicano indic\u00f3 que Estados Unidos est\u00e1 \u201cconsiguiendo una hist\u00f3rica transformaci\u00f3n en Venezuela\u201d, pa\u00eds con el que rompi\u00f3 relaciones en 2019, durante el primer mandato de Trump (2017-2021), cuando Washington reconoci\u00f3 al opositor y entonces titular del Parlamento, Juan Guaid\u00f3, como presidente interino.<\/p>\n\n\n\n<p>Tambi\u00e9n destac\u00f3 que el Departamento del Tesoro de Estados Unidos emiti\u00f3 este viernes una licencia que autoriza determinadas actividades de empresas estadounidenses relacionadas con la explotaci\u00f3n y comercializaci\u00f3n de oro venezolano, un sector que hasta ahora estaba sujeto a sanciones.<\/p>\n\n\n\n<figure class=\"wp-block-embed is-type-video is-provider-youtube wp-block-embed-youtube wp-embed-aspect-16-9 wp-has-aspect-ratio\"><div class=\"wp-block-embed__wrapper\">\n<iframe loading=\"lazy\" title=\"President Trump Delivers Remarks to the Shield of Americas Summit\" width=\"1170\" height=\"658\" src=\"https:\/\/www.youtube.com\/embed\/m9PVdkmCcrk?feature=oembed\" frameborder=\"0\" allow=\"accelerometer; autoplay; clipboard-write; encrypted-media; gyroscope; picture-in-picture; web-share\" referrerpolicy=\"strict-origin-when-cross-origin\" allowfullscreen><\/iframe>\n<\/div><\/figure>\n\n\n\n<p>Con informaci\u00f3n de EFE<\/p>\n\n\n\n<p><a href=\"https:\/\/aristeguinoticias.com\/0703\/mundo\/trump-afirma-que-mexico-es-el-epicentro-de-la-violencia-de-los-carteles-en-cumbre-regional\">https:\/\/aristeguinoticias.com\/0703\/mundo\/trump-afirma-que-mexico-es-el-epicentro-de-la-violencia-de-los-carteles-en-cumbre-regional<\/a><\/p>\n\n\n\n<p><strong>SHEINBAUM PIDE &#8216;CABEZA FR\u00cdA&#8217; ANTE SE\u00d1ALAMIENTOS DE TRUMP SOBRE M\u00c9XICO<\/strong><\/p>\n\n\n\n<p><strong>Sin dar m\u00e1s detalles sobre los comentarios de Trump, quien reiter\u00f3 que \u201clos carteles dirigen M\u00e9xico\u201d, Sheinbaum se\u00f1al\u00f3 con tranquilidad que el tema lo revisar\u00e1 el pr\u00f3ximo lunes, 9 de marzo, durante su conferencia matutina.<\/strong><\/p>\n\n\n\n<p>Tomado de Aristegui Noticias<\/p>\n\n\n\n<p>Redacci\u00f3n AN \/ AG<\/p>\n\n\n\n<p>S\u00e1bado 7 de marzo de 2026<\/p>\n\n\n\n<p>La presidenta Claudia Sheinbaum Pardo pidi\u00f3 este s\u00e1bado a la poblaci\u00f3n mantener \u201cla cabeza fr\u00eda\u201d ante los se\u00f1alamientos del mandatario estadounidense, Donald Trump, de que \u201cM\u00e9xico es el epicentro de la violencia de los c\u00e1rteles\u201d durante una cumbre celebrada en Miami con aliados de derecha de la regi\u00f3n.<\/p>\n\n\n\n<p>\u201cLo vemos el lunes, el lunes. Cabeza fr\u00eda\u201d, respondi\u00f3 la titular del Ejecutivo al ser cuestionada por medios nacionales durante una gira dedicada a la inauguraci\u00f3n de un plantel educativo en Ixtapaluca, en Estado de M\u00e9xico.<\/p>\n\n\n\n<p>Sin dar m\u00e1s detalles sobre los comentarios del l\u00edder republicano, quien reiter\u00f3 este s\u00e1bado su posici\u00f3n de que \u201clos carteles est\u00e1n dirigiendo M\u00e9xico\u201d, Sheinbaum se\u00f1al\u00f3 con tranquilidad que el tema lo revisar\u00e1 el pr\u00f3ximo lunes, 9 de marzo, durante su conferencia matutina dirigida a los medios.<\/p>\n\n\n\n<p>El cuestionamiento por parte de los medios a la dirigente del pa\u00eds surge tras el anuncio de la creaci\u00f3n de una coalici\u00f3n militar de Trump junto con presidentes latinoamericanos de derecha para derrotar a los carteles, en la que no participa M\u00e9xico, en medio de la tensi\u00f3n por un posible ataque estadounidense contra el narcotr\u00e1fico en territorio mexicano.<\/p>\n\n\n\n<figure class=\"wp-block-image size-full\"><img loading=\"lazy\" loading=\"lazy\" decoding=\"async\" width=\"700\" height=\"438\" src=\"https:\/\/www.regioncuatronoticias.com\/wp-content\/uploads\/2026\/03\/image-18.png\" alt=\"\" class=\"wp-image-39071\" srcset=\"https:\/\/www.regioncuatronoticias.com\/wp-content\/uploads\/2026\/03\/image-18.png 700w, https:\/\/www.regioncuatronoticias.com\/wp-content\/uploads\/2026\/03\/image-18-640x400.png 640w\" sizes=\"auto, (max-width: 700px) 100vw, 700px\" \/><\/figure>\n\n\n\n<p>En la inauguraci\u00f3n de la reuni\u00f3n \u2018Escudo de las Am\u00e9ricas\u2019, el mandatario afirm\u00f3 que Sheinbaum es una \u201cmuy buena persona\u201d con una \u201cvoz hermosa\u201d, pero insisti\u00f3 en que los \u201ccarteles mexicanos est\u00e1n impulsando y orquestando el derrame de sangre y caos en el hemisferio\u201d.<\/p>\n\n\n\n<p>Tambi\u00e9n, record\u00f3 que en sus llamadas con Sheinbaum ha insistido en que Estados Unidos debe bombardear o enviar tropas estadounidenses para combatir a los carteles mexicanos.<\/p>\n\n\n\n<p>En la iniciativa \u2018Escudo de las Am\u00e9ricas\u2019 de Trump, casi 20 pa\u00edses de Latinoam\u00e9rica y el Caribe prometieron cooperar con EE.UU. para combatir con fuerza militar a los \u201cnarcoterroristas\u201d, pero el Gobierno mexicano, no invitado al encuentro, se neg\u00f3 a operaciones militares estadounidenses en su territorio.<\/p>\n\n\n\n<p>La reuni\u00f3n ocurre tras la captura y muerte en febrero del l\u00edder del Cartel Jalisco Nueva Generaci\u00f3n (CJNG), Nemesio Oseguera Cervantes, El Mencho, el capo mexicano del narcotr\u00e1fico m\u00e1s buscado por ambos pa\u00edses, con ayuda de inteligencia estadounidense. (EFE)<\/p>\n\n\n\n<p><a href=\"https:\/\/aristeguinoticias.com\/0703\/mexico\/sheinbaum-pide-cabeza-fria-ante-senalamientos-de-trump-sobre-mexico\">https:\/\/aristeguinoticias.com\/0703\/mexico\/sheinbaum-pide-cabeza-fria-ante-senalamientos-de-trump-sobre-mexico<\/a><\/p>\n","protected":false},"excerpt":{"rendered":"<p>&#8220;Ella (la presidenta de M\u00e9xico) una muy buena persona, ella tiene una voz hermosa, es una hermosa mujer. Pero con una voz hermosa. &#8216;Presidenta, presidenta&#8217;, le dije, &#8216;d\u00e9jeme erradicar a los carteles&#8217;. (Contest\u00f3): &#8216;no, no, no&#8217;. Por favor, presidenta, tenemos que erradicarlos&#8221;, expres\u00f3 Trump. Tomado de Aristegui Noticias Redacci\u00f3n AN \/ LP S\u00e1bado 7 de [&hellip;]<\/p>\n","protected":false},"author":1,"featured_media":39067,"comment_status":"open","ping_status":"open","sticky":false,"template":"","format":"standard","meta":{"content-type":"","footnotes":""},"categories":[7,115,105],"tags":[],"class_list":{"0":"post-39066","1":"post","2":"type-post","3":"status-publish","4":"format-standard","5":"has-post-thumbnail","7":"category-internacional","8":"category-politica","9":"category-principal"},"_links":{"self":[{"href":"https:\/\/www.regioncuatronoticias.com\/index.php\/wp-json\/wp\/v2\/posts\/39066","targetHints":{"allow":["GET"]}}],"collection":[{"href":"https:\/\/www.regioncuatronoticias.com\/index.php\/wp-json\/wp\/v2\/posts"}],"about":[{"href":"https:\/\/www.regioncuatronoticias.com\/index.php\/wp-json\/wp\/v2\/types\/post"}],"author":[{"embeddable":true,"href":"https:\/\/www.regioncuatronoticias.com\/index.php\/wp-json\/wp\/v2\/users\/1"}],"replies":[{"embeddable":true,"href":"https:\/\/www.regioncuatronoticias.com\/index.php\/wp-json\/wp\/v2\/comments?post=39066"}],"version-history":[{"count":2,"href":"https:\/\/www.regioncuatronoticias.com\/index.php\/wp-json\/wp\/v2\/posts\/39066\/revisions"}],"predecessor-version":[{"id":39072,"href":"https:\/\/www.regioncuatronoticias.com\/index.php\/wp-json\/wp\/v2\/posts\/39066\/revisions\/39072"}],"wp:featuredmedia":[{"embeddable":true,"href":"https:\/\/www.regioncuatronoticias.com\/index.php\/wp-json\/wp\/v2\/media\/39067"}],"wp:attachment":[{"href":"https:\/\/www.regioncuatronoticias.com\/index.php\/wp-json\/wp\/v2\/media?parent=39066"}],"wp:term":[{"taxonomy":"category","embeddable":true,"href":"https:\/\/www.regioncuatronoticias.com\/index.php\/wp-json\/wp\/v2\/categories?post=39066"},{"taxonomy":"post_tag","embeddable":true,"href":"https:\/\/www.regioncuatronoticias.com\/index.php\/wp-json\/wp\/v2\/tags?post=39066"}],"curies":[{"name":"wp","href":"https:\/\/api.w.org\/{rel}","templated":true}]}}